{"id":4837,"date":"2020-11-02T18:07:12","date_gmt":"2020-11-02T18:07:12","guid":{"rendered":"https:\/\/morenoprimero.com.ar\/?p=4837"},"modified":"2020-11-02T18:07:12","modified_gmt":"2020-11-02T18:07:12","slug":"la-curva-de-contagios-y-de-infectados-activos-desciende-en-argentina","status":"publish","type":"post","link":"https:\/\/morenoprimero.com.ar\/archivo\/la-curva-de-contagios-y-de-infectados-activos-desciende-en-argentina\/","title":{"rendered":"LA CURVA DE CONTAGIOS Y DE INFECTADOS ACTIVOS DESCIENDE EN ARGENTINA"},"content":{"rendered":"\n<h4 class=\"wp-block-heading\">Si bien las \u00faltimas semanas se registran constantes descensos, desde el Ministerio de Salud resaltan que se debe continuar con las medidas de cuidado para evitar la cadena de contagio.<\/h4>\n\n\n\n<p>El <strong>informe del Ministerio de Salud de la Naci\u00f3n de este lunes 2 de noviembre<\/strong> arroj\u00f3 resultados positivos para Argentina.&nbsp;<\/p>\n\n\n\n<p>&nbsp; <strong>Se registr\u00f3 una ca\u00edda en diversos indicadores epidemiol\u00f3gicos del&nbsp;coronavirus<\/strong>&nbsp;en el pa\u00eds, a la vez que desciende la tensi\u00f3n del sistema sanitario est\u00e1 descendiendo en algunas jurisdicciones.&nbsp;<\/p>\n\n\n\n<p>&nbsp;Seg\u00fan los reportes de la semana pasada, <strong>los promedios de casos semanales disminuyeron en 2500 casos, mientras que los&nbsp;promedios de casos activos son 10 000 menos al d\u00eda de hoy.&nbsp;<\/strong><\/p>\n\n\n\n<p>&nbsp; En tanto, la tasa de mortalidad es de 685 personas cada mill\u00f3n de habitantes y la letalidad es del 2,7 % sobre los casos confirmados.&nbsp;<\/p>\n\n\n\n<p>  El mensaje que transmitieron desde el Ministerio de Salud es <strong>evitar configurar la definici\u00f3n de contacto estrecho para poder interrumpir la cadena de transmisi\u00f3n.<\/strong>&nbsp;<\/p>\n\n\n\n<figure class=\"wp-block-image\"><img decoding=\"async\" src=\"https:\/\/media.puntal.com.ar\/p\/6e87da09b18f215a2d4fd3dc322a6d00\/adjuntos\/270\/imagenes\/001\/155\/0001155816\/reporte-viernes-2jpg.jpg\" alt=\"Cae el promedio de casos de Covid-19 en el pa\u00eds\"\/><\/figure>\n\n\n\n<p>  En este sentido, la Secretaria de Acceso a la Salud, Carla&nbsp;Vizzoti&nbsp;explic\u00f3 <strong>\u201cLa pandemia no pas\u00f3\u201d<\/strong> y destac\u00f3&nbsp;que <strong>\u201ccada uno y que cada una pueda generar las acciones para minimizar las cadenas de transmisi\u00f3n. Esa es la forma en que van a bajar los casos, que van a bajar los casos graves y van a disminuir las muertes\u00bb.&nbsp;<\/strong><\/p>\n","protected":false},"excerpt":{"rendered":"<p>Si bien las \u00faltimas semanas se registran constantes descensos, desde el Ministerio de Salud resaltan que se debe continuar con las medidas de cuidado para evitar la cadena de contagio. El informe del Ministerio de Salud de la Naci\u00f3n de &hellip; <a href=\"https:\/\/morenoprimero.com.ar\/archivo\/la-curva-de-contagios-y-de-infectados-activos-desciende-en-argentina\/\">Sigue leyendo <span class=\"meta-nav\">&rarr;<\/span><\/a><\/p>\n","protected":false},"author":6,"featured_media":4838,"comment_status":"open","ping_status":"open","sticky":false,"template":"","format":"standard","meta":{"footnotes":""},"categories":[536],"tags":[742,94,853,17],"class_list":["post-4837","post","type-post","status-publish","format-standard","has-post-thumbnail","hentry","category-salud","tag-argentina","tag-covid-19","tag-ministerio-de-salud-de-la-nacion","tag-pandemia"],"_links":{"self":[{"href":"https:\/\/morenoprimero.com.ar\/archivo\/wp-json\/wp\/v2\/posts\/4837","targetHints":{"allow":["GET"]}}],"collection":[{"href":"https:\/\/morenoprimero.com.ar\/archivo\/wp-json\/wp\/v2\/posts"}],"about":[{"href":"https:\/\/morenoprimero.com.ar\/archivo\/wp-json\/wp\/v2\/types\/post"}],"author":[{"embeddable":true,"href":"https:\/\/morenoprimero.com.ar\/archivo\/wp-json\/wp\/v2\/users\/6"}],"replies":[{"embeddable":true,"href":"https:\/\/morenoprimero.com.ar\/archivo\/wp-json\/wp\/v2\/comments?post=4837"}],"version-history":[{"count":2,"href":"https:\/\/morenoprimero.com.ar\/archivo\/wp-json\/wp\/v2\/posts\/4837\/revisions"}],"predecessor-version":[{"id":4842,"href":"https:\/\/morenoprimero.com.ar\/archivo\/wp-json\/wp\/v2\/posts\/4837\/revisions\/4842"}],"wp:featuredmedia":[{"embeddable":true,"href":"https:\/\/morenoprimero.com.ar\/archivo\/wp-json\/wp\/v2\/media\/4838"}],"wp:attachment":[{"href":"https:\/\/morenoprimero.com.ar\/archivo\/wp-json\/wp\/v2\/media?parent=4837"}],"wp:term":[{"taxonomy":"category","embeddable":true,"href":"https:\/\/morenoprimero.com.ar\/archivo\/wp-json\/wp\/v2\/categories?post=4837"},{"taxonomy":"post_tag","embeddable":true,"href":"https:\/\/morenoprimero.com.ar\/archivo\/wp-json\/wp\/v2\/tags?post=4837"}],"curies":[{"name":"wp","href":"https:\/\/api.w.org\/{rel}","templated":true}]}}