{"id":4833,"date":"2020-11-02T18:07:42","date_gmt":"2020-11-02T18:07:42","guid":{"rendered":"https:\/\/morenoprimero.com.ar\/?p=4833"},"modified":"2020-11-02T18:07:42","modified_gmt":"2020-11-02T18:07:42","slug":"comenzaron-las-jornadas-moreno-sin-violencias","status":"publish","type":"post","link":"https:\/\/morenoprimero.com.ar\/archivo\/comenzaron-las-jornadas-moreno-sin-violencias\/","title":{"rendered":"COMENZARON LAS JORNADAS \u00abMORENO SIN VIOLENCIAS\u00bb"},"content":{"rendered":"\n<h4 class=\"wp-block-heading\">Comenzaron las jornadas de sensibilizaci\u00f3n y prevenci\u00f3n de la violencia de g\u00e9nero bajo la consigna \u201cNo est\u00e1s sola\u201d.<\/h4>\n\n\n\n<figure class=\"wp-block-image size-large\"><img loading=\"lazy\" decoding=\"async\" width=\"1024\" height=\"576\" src=\"https:\/\/morenoprimero.com.ar\/wp-content\/uploads\/2020\/11\/WhatsApp-Image-2020-11-02-at-14.19.00-1024x576.jpeg\" alt=\"\" class=\"wp-image-4834\" srcset=\"https:\/\/morenoprimero.com.ar\/archivo\/wp-content\/uploads\/2020\/11\/WhatsApp-Image-2020-11-02-at-14.19.00-1024x576.jpeg 1024w, https:\/\/morenoprimero.com.ar\/archivo\/wp-content\/uploads\/2020\/11\/WhatsApp-Image-2020-11-02-at-14.19.00-300x169.jpeg 300w, https:\/\/morenoprimero.com.ar\/archivo\/wp-content\/uploads\/2020\/11\/WhatsApp-Image-2020-11-02-at-14.19.00-768x432.jpeg 768w, https:\/\/morenoprimero.com.ar\/archivo\/wp-content\/uploads\/2020\/11\/WhatsApp-Image-2020-11-02-at-14.19.00.jpeg 1280w\" sizes=\"auto, (max-width: 1024px) 100vw, 1024px\" \/><\/figure>\n\n\n\n<p>En el marco del lanzamiento del programa de promotoras municipales que se realizar\u00e1 el 25 de noviembre, comenzaron las jornadas de sensibilizaci\u00f3n y prevenci\u00f3n de la violencia de g\u00e9nero bajo la consigna \u201cNo est\u00e1s sola\u201d.<\/p>\n\n\n\n<p>\u201cHoy somos alrededor de cien mujeres en la Plaza San Martin que recorremos el Centro de Moreno y otorgamos informaci\u00f3n sobre c\u00f3mo comunicarse con la <strong>Direcci\u00f3n General de G\u00e9neros<\/strong>. Hay dos puntos de primera escucha para hacer derivaciones en caso que resulte necesario\u201d, explic\u00f3 <strong>Gisele Coronel<\/strong>, Directora del \u00e1rea y prosigui\u00f3: \u201cLa informaci\u00f3n que se entrega son los distintos canales de comunicaci\u00f3n donde puede acercarse la persona que lo requiera, y sobre todo remarcar que hay un estado presente para acompa\u00f1arlas en las decisiones y los procesos que necesiten.\u201d<\/p>\n\n\n\n<p><strong>Las promotoras que participan son compa\u00f1eras que trabajan en el territorio, promotoras de salud y de organizaci\u00f3n pol\u00edticas<\/strong>. La convocatoria para participar como promotora est\u00e1 abierta a toda la comunidad, para sumarse hay que dirigirse al correo <strong>morenosinviolencias@moreno.gov.ar<\/strong> \u201cNecesitamos y tenemos que ser muchas, muchos y muches\u201d, remarc\u00f3 Coronel.<\/p>\n\n\n\n<p>Durante esta semana las jornadas se desarrollan en la Plaza San Martin, y luego contin\u00faan en barrios de las distintas localidades.<\/p>\n\n\n\n<p>Fuente: Municipio de Moreno Prensa.<\/p>\n","protected":false},"excerpt":{"rendered":"<p>Comenzaron las jornadas de sensibilizaci\u00f3n y prevenci\u00f3n de la violencia de g\u00e9nero bajo la consigna \u201cNo est\u00e1s sola\u201d. En el marco del lanzamiento del programa de promotoras municipales que se realizar\u00e1 el 25 de noviembre, comenzaron las jornadas de sensibilizaci\u00f3n &hellip; <a href=\"https:\/\/morenoprimero.com.ar\/archivo\/comenzaron-las-jornadas-moreno-sin-violencias\/\">Sigue leyendo <span class=\"meta-nav\">&rarr;<\/span><\/a><\/p>\n","protected":false},"author":6,"featured_media":4835,"comment_status":"open","ping_status":"open","sticky":false,"template":"","format":"standard","meta":{"footnotes":""},"categories":[578,27,536],"tags":[1011,1010],"class_list":["post-4833","post","type-post","status-publish","format-standard","has-post-thumbnail","hentry","category-educacion","category-politica","category-salud","tag-direccion-general-de-generos","tag-moreno-sin-violencias"],"_links":{"self":[{"href":"https:\/\/morenoprimero.com.ar\/archivo\/wp-json\/wp\/v2\/posts\/4833","targetHints":{"allow":["GET"]}}],"collection":[{"href":"https:\/\/morenoprimero.com.ar\/archivo\/wp-json\/wp\/v2\/posts"}],"about":[{"href":"https:\/\/morenoprimero.com.ar\/archivo\/wp-json\/wp\/v2\/types\/post"}],"author":[{"embeddable":true,"href":"https:\/\/morenoprimero.com.ar\/archivo\/wp-json\/wp\/v2\/users\/6"}],"replies":[{"embeddable":true,"href":"https:\/\/morenoprimero.com.ar\/archivo\/wp-json\/wp\/v2\/comments?post=4833"}],"version-history":[{"count":1,"href":"https:\/\/morenoprimero.com.ar\/archivo\/wp-json\/wp\/v2\/posts\/4833\/revisions"}],"predecessor-version":[{"id":4836,"href":"https:\/\/morenoprimero.com.ar\/archivo\/wp-json\/wp\/v2\/posts\/4833\/revisions\/4836"}],"wp:featuredmedia":[{"embeddable":true,"href":"https:\/\/morenoprimero.com.ar\/archivo\/wp-json\/wp\/v2\/media\/4835"}],"wp:attachment":[{"href":"https:\/\/morenoprimero.com.ar\/archivo\/wp-json\/wp\/v2\/media?parent=4833"}],"wp:term":[{"taxonomy":"category","embeddable":true,"href":"https:\/\/morenoprimero.com.ar\/archivo\/wp-json\/wp\/v2\/categories?post=4833"},{"taxonomy":"post_tag","embeddable":true,"href":"https:\/\/morenoprimero.com.ar\/archivo\/wp-json\/wp\/v2\/tags?post=4833"}],"curies":[{"name":"wp","href":"https:\/\/api.w.org\/{rel}","templated":true}]}}