{"id":4802,"date":"2020-11-02T14:19:15","date_gmt":"2020-11-02T14:19:15","guid":{"rendered":"https:\/\/morenoprimero.com.ar\/?p=4802"},"modified":"2020-11-02T14:19:16","modified_gmt":"2020-11-02T14:19:16","slug":"la-universidad-nacional-de-moreno-firmo-un-convenio-con-trenes-argentinos","status":"publish","type":"post","link":"https:\/\/morenoprimero.com.ar\/archivo\/la-universidad-nacional-de-moreno-firmo-un-convenio-con-trenes-argentinos\/","title":{"rendered":"LA UNIVERSIDAD NACIONAL DE MORENO FIRM\u00d3 UN CONVENIO CON TRENES ARGENTINOS"},"content":{"rendered":"\n<h4 class=\"wp-block-heading\">El acuerdo tiene entre sus objetivos principales llevar adelante las pr\u00e1cticas preprofesionales de los estudiantes de la UNM as\u00ed como el desarrollo de actividades de investigaci\u00f3n conjuntas.<\/h4>\n\n\n\n<figure class=\"wp-block-image size-large\"><img loading=\"lazy\" decoding=\"async\" width=\"700\" height=\"467\" src=\"https:\/\/morenoprimero.com.ar\/wp-content\/uploads\/2020\/11\/unm-03.jpg\" alt=\"\" class=\"wp-image-4803\" srcset=\"https:\/\/morenoprimero.com.ar\/archivo\/wp-content\/uploads\/2020\/11\/unm-03.jpg 700w, https:\/\/morenoprimero.com.ar\/archivo\/wp-content\/uploads\/2020\/11\/unm-03-300x200.jpg 300w\" sizes=\"auto, (max-width: 700px) 100vw, 700px\" \/><\/figure>\n\n\n\n<p>La&nbsp;<strong>Universidad Nacional de Moreno&nbsp;<\/strong>firm\u00f3 un Convenio Marco con <strong>Desarrollo del Capital Humano Ferroviario S.A.P.E.M.<\/strong>, dependiente del <strong>Ministerio de Transporte<\/strong>, el pasado mi\u00e9rcoles 28 de octubre. El acuerdo tiene entre sus objetivos principales llevar adelante las pr\u00e1cticas preprofesionales de los estudiantes de la <strong>UNM<\/strong> as\u00ed como el desarrollo de actividades de investigaci\u00f3n conjuntas.<br>&nbsp;<br>El acuerdo fue suscripto entre el <strong>Rector Hugo Andrade y el Presidente de Trenes Argentinos Capital Humano Dami\u00e1n Contreras<\/strong>. Participaron tambi\u00e9n del encuentro Mario Ranero (Vicepresidente), Pablo Badaracco (Gerente General), Ezequiel Wajncer (Coordinador de Vinculaci\u00f3n Educativa y Tecnol\u00f3gica), y Adriana Manti\u00f1an (Coordinadora de Capacitaci\u00f3n).<\/p>\n\n\n\n<p><strong>Esta firma permitir\u00e1 organizar&nbsp;actividades de asistencia t\u00e9cnica, asesor\u00eda, capacitaci\u00f3n, formaci\u00f3n de recursos humanos, consultor\u00eda, investigaci\u00f3n, vinculaci\u00f3n cient\u00edfico-tecnol\u00f3gica y resguardo documental en materia ferroviaria<\/strong>. Adem\u00e1s, <strong>el acuerdo prev\u00e9 que los estudiantes de distintas carreras de la UNM puedan desarrollar las pr\u00e1cticas pre-profesionales que deben cumplir como parte de sus obligaciones curriculares.<\/strong><\/p>\n\n\n\n<p>Sobre los alcances del acuerdo, el Rector expres\u00f3: \u201cNos proponemos colaborar mutuamente en \u00e1reas en donde la Universidad pueda prestar servicios, como asesoramiento e investigaciones, y espec\u00edficamente, para que estudiantes realicen sus pr\u00e1cticas pre-profesionales, d\u00e1ndoles la posibilidad de adquirir experiencia laboral mientras transitan su formaci\u00f3n acad\u00e9mica\u201d.<\/p>\n\n\n\n<p>Fuente: Universidad Nacional de Moreno Prensa.<\/p>\n","protected":false},"excerpt":{"rendered":"<p>El acuerdo tiene entre sus objetivos principales llevar adelante las pr\u00e1cticas preprofesionales de los estudiantes de la UNM as\u00ed como el desarrollo de actividades de investigaci\u00f3n conjuntas. La&nbsp;Universidad Nacional de Moreno&nbsp;firm\u00f3 un Convenio Marco con Desarrollo del Capital Humano Ferroviario &hellip; <a href=\"https:\/\/morenoprimero.com.ar\/archivo\/la-universidad-nacional-de-moreno-firmo-un-convenio-con-trenes-argentinos\/\">Sigue leyendo <span class=\"meta-nav\">&rarr;<\/span><\/a><\/p>\n","protected":false},"author":6,"featured_media":4804,"comment_status":"open","ping_status":"open","sticky":false,"template":"","format":"standard","meta":{"footnotes":""},"categories":[578],"tags":[1002,84],"class_list":["post-4802","post","type-post","status-publish","format-standard","has-post-thumbnail","hentry","category-educacion","tag-trenes-argentinos","tag-unm"],"_links":{"self":[{"href":"https:\/\/morenoprimero.com.ar\/archivo\/wp-json\/wp\/v2\/posts\/4802","targetHints":{"allow":["GET"]}}],"collection":[{"href":"https:\/\/morenoprimero.com.ar\/archivo\/wp-json\/wp\/v2\/posts"}],"about":[{"href":"https:\/\/morenoprimero.com.ar\/archivo\/wp-json\/wp\/v2\/types\/post"}],"author":[{"embeddable":true,"href":"https:\/\/morenoprimero.com.ar\/archivo\/wp-json\/wp\/v2\/users\/6"}],"replies":[{"embeddable":true,"href":"https:\/\/morenoprimero.com.ar\/archivo\/wp-json\/wp\/v2\/comments?post=4802"}],"version-history":[{"count":2,"href":"https:\/\/morenoprimero.com.ar\/archivo\/wp-json\/wp\/v2\/posts\/4802\/revisions"}],"predecessor-version":[{"id":4808,"href":"https:\/\/morenoprimero.com.ar\/archivo\/wp-json\/wp\/v2\/posts\/4802\/revisions\/4808"}],"wp:featuredmedia":[{"embeddable":true,"href":"https:\/\/morenoprimero.com.ar\/archivo\/wp-json\/wp\/v2\/media\/4804"}],"wp:attachment":[{"href":"https:\/\/morenoprimero.com.ar\/archivo\/wp-json\/wp\/v2\/media?parent=4802"}],"wp:term":[{"taxonomy":"category","embeddable":true,"href":"https:\/\/morenoprimero.com.ar\/archivo\/wp-json\/wp\/v2\/categories?post=4802"},{"taxonomy":"post_tag","embeddable":true,"href":"https:\/\/morenoprimero.com.ar\/archivo\/wp-json\/wp\/v2\/tags?post=4802"}],"curies":[{"name":"wp","href":"https:\/\/api.w.org\/{rel}","templated":true}]}}