{"id":4676,"date":"2020-10-29T15:51:10","date_gmt":"2020-10-29T15:51:10","guid":{"rendered":"https:\/\/morenoprimero.com.ar\/?p=4676"},"modified":"2020-10-29T15:51:11","modified_gmt":"2020-10-29T15:51:11","slug":"el-municipio-de-moreno-entrego-bienes-de-familia","status":"publish","type":"post","link":"https:\/\/morenoprimero.com.ar\/archivo\/el-municipio-de-moreno-entrego-bienes-de-familia\/","title":{"rendered":"EL MUNICIPIO DE MORENO ENTREG\u00d3 BIENES DE FAMILIA"},"content":{"rendered":"\n<h4 class=\"wp-block-heading\">&nbsp;Se trata de un tr\u00e1mite que permite que las casas inscriptas al r\u00e9gimen bien de familia, no puedan ser ejecutadas ni embargadas por deudas posteriores a su inscripci\u00f3n.&nbsp;<\/h4>\n\n\n\n<p>Durante la ma\u00f1ana del jueves, Mariel Fern\u00e1ndez junto a Carolina Amaya, Administradora del IDUAR (Instituto de Desarrollo Urbano, Ambiental y Regional) y Gabriela Aguilar, Directora de Escrituraci\u00f3n familiar, participaron de la entrega de bienes de familia a vecinas y vecinos\u00a0morenenses.\u00a0<strong> Se trata de un tr\u00e1mite que permite que\u00a0las casas inscriptas\u00a0al r\u00e9gimen bien de familia, no puedan ser ejecutadas ni embargadas por deudas posteriores a su inscripci\u00f3n.\u00a0<\/strong><\/p>\n\n\n\n<p>\u201cEn estos momentos de crisis econ\u00f3mica en la que muchas familias piden cr\u00e9ditos,<strong> es muy importante cuidar la propiedad de la familia, y eso es lo que se hace con esta pol\u00edtica: resguardar el bien familiar. <\/strong>Mis felicitaciones y agradecimiento por haberse acercado\u201d, expres\u00f3 la intendenta. Adem\u00e1s, Fern\u00e1ndez se refiri\u00f3 a la descentralizaci\u00f3n del Municipio que se realiza a trav\u00e9s de las delegaciones con el objetivo de tener un v\u00ednculo m\u00e1s fluido con los vecinos y poder acercar m\u00e1s\u00a0servicios; y\u00a0adelant\u00f3 que est\u00e1 en proceso de organizaci\u00f3n la sede en Moreno Centro.\u00a0<\/p>\n\n\n\n<figure class=\"wp-block-image size-large\"><img loading=\"lazy\" decoding=\"async\" width=\"1024\" height=\"682\" src=\"https:\/\/morenoprimero.com.ar\/wp-content\/uploads\/2020\/10\/600077c3-25fb-477c-a7da-17bbb1548599-1024x682.jpg\" alt=\"\" class=\"wp-image-4677\" srcset=\"https:\/\/morenoprimero.com.ar\/archivo\/wp-content\/uploads\/2020\/10\/600077c3-25fb-477c-a7da-17bbb1548599-1024x682.jpg 1024w, https:\/\/morenoprimero.com.ar\/archivo\/wp-content\/uploads\/2020\/10\/600077c3-25fb-477c-a7da-17bbb1548599-300x200.jpg 300w, https:\/\/morenoprimero.com.ar\/archivo\/wp-content\/uploads\/2020\/10\/600077c3-25fb-477c-a7da-17bbb1548599-768x512.jpg 768w, https:\/\/morenoprimero.com.ar\/archivo\/wp-content\/uploads\/2020\/10\/600077c3-25fb-477c-a7da-17bbb1548599.jpg 1280w\" sizes=\"auto, (max-width: 1024px) 100vw, 1024px\" \/><\/figure>\n\n\n\n<p>Por su parte, la administradora del IDUAR dijo que: \u201cAgradecemos que hayan confiado en la capacidad que tiene el Estado municipal de ayudarlos a preservar la propiedad.<strong> Lo que hoy est\u00e1n recibiendo es un tr\u00e1mite que asegura y protege para siempre lo que tanto les ha costado conseguir.<\/strong> Tambi\u00e9n agradezco a las trabajadoras que hacen un trabajo de hormiga que al final les da ustedes la recompensa de poder preservar la propiedad.\u201d\u00a0\u00a0<\/p>\n\n\n\n<p>Las vecinas y vecinos de Moreno, titulares de dominio, pueden realizar el tr\u00e1mite de manera gratuita en la Municipalidad, a trav\u00e9s del IDUAR. Para que inscribir la propiedad, debe estar destinada a vivienda \u00fanica, familiar y de ocupaci\u00f3n permanente. M\u00e1s informaci\u00f3n:\u00a0<\/p>\n\n\n\n<p>iduar.moreno.gob,ar\/escrituraci\u00f3n\u00a0<a rel=\"noreferrer noopener\" href=\"https:\/\/wa.me\/5491128895773\" target=\"_blank\">https:\/\/wa.me\/5491128895773<\/a>\u00a0<\/p>\n","protected":false},"excerpt":{"rendered":"<p>&nbsp;Se trata de un tr\u00e1mite que permite que las casas inscriptas al r\u00e9gimen bien de familia, no puedan ser ejecutadas ni embargadas por deudas posteriores a su inscripci\u00f3n.&nbsp; Durante la ma\u00f1ana del jueves, Mariel Fern\u00e1ndez junto a Carolina Amaya, Administradora &hellip; <a href=\"https:\/\/morenoprimero.com.ar\/archivo\/el-municipio-de-moreno-entrego-bienes-de-familia\/\">Sigue leyendo <span class=\"meta-nav\">&rarr;<\/span><\/a><\/p>\n","protected":false},"author":6,"featured_media":4678,"comment_status":"open","ping_status":"open","sticky":false,"template":"","format":"standard","meta":{"footnotes":""},"categories":[21,20],"tags":[576,276,342,102],"class_list":["post-4676","post","type-post","status-publish","format-standard","has-post-thumbnail","hentry","category-interes-general","category-sociedad","tag-iduar","tag-mariel-fernandez","tag-moreno-centro","tag-municipio-de-moreno"],"_links":{"self":[{"href":"https:\/\/morenoprimero.com.ar\/archivo\/wp-json\/wp\/v2\/posts\/4676","targetHints":{"allow":["GET"]}}],"collection":[{"href":"https:\/\/morenoprimero.com.ar\/archivo\/wp-json\/wp\/v2\/posts"}],"about":[{"href":"https:\/\/morenoprimero.com.ar\/archivo\/wp-json\/wp\/v2\/types\/post"}],"author":[{"embeddable":true,"href":"https:\/\/morenoprimero.com.ar\/archivo\/wp-json\/wp\/v2\/users\/6"}],"replies":[{"embeddable":true,"href":"https:\/\/morenoprimero.com.ar\/archivo\/wp-json\/wp\/v2\/comments?post=4676"}],"version-history":[{"count":1,"href":"https:\/\/morenoprimero.com.ar\/archivo\/wp-json\/wp\/v2\/posts\/4676\/revisions"}],"predecessor-version":[{"id":4680,"href":"https:\/\/morenoprimero.com.ar\/archivo\/wp-json\/wp\/v2\/posts\/4676\/revisions\/4680"}],"wp:featuredmedia":[{"embeddable":true,"href":"https:\/\/morenoprimero.com.ar\/archivo\/wp-json\/wp\/v2\/media\/4678"}],"wp:attachment":[{"href":"https:\/\/morenoprimero.com.ar\/archivo\/wp-json\/wp\/v2\/media?parent=4676"}],"wp:term":[{"taxonomy":"category","embeddable":true,"href":"https:\/\/morenoprimero.com.ar\/archivo\/wp-json\/wp\/v2\/categories?post=4676"},{"taxonomy":"post_tag","embeddable":true,"href":"https:\/\/morenoprimero.com.ar\/archivo\/wp-json\/wp\/v2\/tags?post=4676"}],"curies":[{"name":"wp","href":"https:\/\/api.w.org\/{rel}","templated":true}]}}