{"id":4674,"date":"2020-10-29T15:49:37","date_gmt":"2020-10-29T15:49:37","guid":{"rendered":"https:\/\/morenoprimero.com.ar\/?p=4674"},"modified":"2020-10-29T15:49:38","modified_gmt":"2020-10-29T15:49:38","slug":"comenzaron-a-juzgar-a-18-represores-por-delitos-contra-casi-500-victimas-en-la-dictadura","status":"publish","type":"post","link":"https:\/\/morenoprimero.com.ar\/archivo\/comenzaron-a-juzgar-a-18-represores-por-delitos-contra-casi-500-victimas-en-la-dictadura\/","title":{"rendered":"COMENZARON A JUZGAR A 18 REPRESORES POR DELITOS CONTRA CASI 500 V\u00cdCTIMAS EN LA DICTADURA"},"content":{"rendered":"\n<h4 class=\"wp-block-heading\">El Tribunal Oral Federal 1 de La Plata comenz\u00f3 a juzgar a Miguel Etchecolatz y al exm\u00e9dico policial Jorge Berges por las torturas, homicidios y ocultamiento de menores en el \u00abPozo de Banfield\u00bb, el \u00abPozo de Quilmes\u00bb y \u00abEl Infierno\u00bb.<\/h4>\n\n\n\n<figure class=\"wp-block-image size-large\"><img loading=\"lazy\" decoding=\"async\" width=\"768\" height=\"432\" src=\"https:\/\/morenoprimero.com.ar\/wp-content\/uploads\/2020\/10\/el-unico-lugar-para-el-genocida-es-la-c\u00e1rcel-com\u00fan.jpg\" alt=\"\" class=\"wp-image-4675\" srcset=\"https:\/\/morenoprimero.com.ar\/archivo\/wp-content\/uploads\/2020\/10\/el-unico-lugar-para-el-genocida-es-la-c\u00e1rcel-com\u00fan.jpg 768w, https:\/\/morenoprimero.com.ar\/archivo\/wp-content\/uploads\/2020\/10\/el-unico-lugar-para-el-genocida-es-la-c\u00e1rcel-com\u00fan-300x169.jpg 300w\" sizes=\"auto, (max-width: 768px) 100vw, 768px\" \/><\/figure>\n\n\n\n<p>El <strong>Tribunal Oral Federal 1 de La Plata<\/strong> comenz\u00f3 a juzgar represores, entre ellos a <strong>Miguel Etchecolatz <\/strong>y el <strong>ex m\u00e9dico policial Jorge Berges<\/strong> por las torturas, homicidios y ocultamiento de menores en perjuicio de casi 500 v\u00edctimas alojadas en tres centros clandestinos de detenci\u00f3n durante la \u00faltima dictadura militar, entre ellos los adolescentes secuestrados en <strong>La Noche de los L\u00e1pices.<\/strong><\/p>\n\n\n\n<p><strong>Se trata de los delitos cometidos en los centros clandestinos conocidos como el \u00abPozo de Banfield\u00bb, el \u00abPozo de Quilmes\u00bb y \u00abEl Infierno\u00bb, que estaba ubicado en la Brigada de Lan\u00fas.<\/strong><\/p>\n\n\n\n<p>El juicio que unific\u00f3 los cr\u00edmenes de lesa humanidad cometidos en los tres centros comenz\u00f3 pasadas las 10.30, por videoconferencia debido al aislamiento social y obligatorio dispuesto ante la pandemia de coronavirus; y en esta primera audiencia se leyeron las respectivas requisitorias de elevaci\u00f3n a juicio por cada centro clandestino.<\/p>\n\n\n\n<p>Para garantizar el car\u00e1cter p\u00fablico del mismo se transmiti\u00f3 por el canal del Centro de Informaci\u00f3n Judicial (CIJ) y tambi\u00e9n el canal de Youtube de la Comisi\u00f3n Provincial por la Memoria (CPM).<\/p>\n\n\n\n<p><strong>El TOF 1, integrado por Walter Venditti, Esteban Rodr\u00edguez Eggers y Ricardo Basilico, comenz\u00f3 a juzgar por los delitos cometidos en el Pozo de Banfield y el Pozo de Quilmes al exministro de Gobierno bonaerense durante la dictadura, Jaime Smart; al exdirector de Investigaciones de la Polic\u00eda bonaerense, Miguel Etchecolatz; el exm\u00e9dico policial Jorge Antonio Berges; Federico Minicucci; Carlos Maria Romero Pav\u00f3n, Roberto Balmaceda y Jorge Di Pasquale.<\/strong><\/p>\n\n\n\n<p>Tambi\u00e9n empez\u00f3 a juzgar a&nbsp;<strong>Guillermo Dom\u00ednguez Matheu; Ricardo Fern\u00e1ndez; Carlos Fontana; Emilio Herrero Anzorena; Carlos Hidalgo Garz\u00f3n; Antonio Sim\u00f3n; Enrique Barr\u00e9; Eduardo Samuel de L\u00edo y Alberto Condiotti.<\/strong><\/p>\n\n\n\n<p>Por los cr\u00edmenes de lesa humanidad cometidos en<strong>&nbsp;el centro conocido como \u00abEl Infierno\u00bb tambi\u00e9n est\u00e1n imputados Etchecolatz, Berges y Smart y el ex polic\u00eda Miguel Angel Ferreyro.<\/strong><\/p>\n\n\n\n<p>En esta primera audiencia, y mientras se le\u00edan las requisitorias, los imputados siguieron la lectura en los domicilios donde la mayor\u00eda cumple arresto domiciliario; excepto <strong>Miguel Etchecolatz y Jorge Di Pasquale<\/strong> que est\u00e1n en prisi\u00f3n.<\/p>\n\n\n\n<p><strong>El Ministerio P\u00fablico Fiscal estuvo representado por los fiscales Hern\u00e1n Shapiro, Gonzalo Miranda y Juan Mart\u00edn Nogueira.<\/strong><\/p>\n\n\n\n<p><strong>En el Pozo de Banfield y Quilmes<\/strong>, dos de los centros clandestinos de detenci\u00f3n m\u00e1s grandes que funcionaron en la provincia de Buenos Aires,&nbsp;<strong>se juzgar\u00e1n los delitos sufridos por 429 v\u00edctimas y se prev\u00e9 que declaren unos 400 testigos.<\/strong><\/p>\n\n\n\n<p><strong>Los 17 imputados est\u00e1n acusados de privaci\u00f3n ilegal de la libertad, aplicaci\u00f3n de tormentos, homicidio calificado, abuso sexual con acceso carnal y sustracci\u00f3n, retenci\u00f3n y ocultamiento de menores.<\/strong><\/p>\n\n\n\n<p>Fuente: Tel\u00e1m.<\/p>\n\n\n\n<p><\/p>\n","protected":false},"excerpt":{"rendered":"<p>El Tribunal Oral Federal 1 de La Plata comenz\u00f3 a juzgar a Miguel Etchecolatz y al exm\u00e9dico policial Jorge Berges por las torturas, homicidios y ocultamiento de menores en el \u00abPozo de Banfield\u00bb, el \u00abPozo de Quilmes\u00bb y \u00abEl Infierno\u00bb. &hellip; <a href=\"https:\/\/morenoprimero.com.ar\/archivo\/comenzaron-a-juzgar-a-18-represores-por-delitos-contra-casi-500-victimas-en-la-dictadura\/\">Sigue leyendo <span class=\"meta-nav\">&rarr;<\/span><\/a><\/p>\n","protected":false},"author":6,"featured_media":4675,"comment_status":"open","ping_status":"open","sticky":false,"template":"","format":"standard","meta":{"footnotes":""},"categories":[21,20],"tags":[985,986],"class_list":["post-4674","post","type-post","status-publish","format-standard","has-post-thumbnail","hentry","category-interes-general","category-sociedad","tag-dictadura-civico-militar","tag-represores"],"_links":{"self":[{"href":"https:\/\/morenoprimero.com.ar\/archivo\/wp-json\/wp\/v2\/posts\/4674","targetHints":{"allow":["GET"]}}],"collection":[{"href":"https:\/\/morenoprimero.com.ar\/archivo\/wp-json\/wp\/v2\/posts"}],"about":[{"href":"https:\/\/morenoprimero.com.ar\/archivo\/wp-json\/wp\/v2\/types\/post"}],"author":[{"embeddable":true,"href":"https:\/\/morenoprimero.com.ar\/archivo\/wp-json\/wp\/v2\/users\/6"}],"replies":[{"embeddable":true,"href":"https:\/\/morenoprimero.com.ar\/archivo\/wp-json\/wp\/v2\/comments?post=4674"}],"version-history":[{"count":1,"href":"https:\/\/morenoprimero.com.ar\/archivo\/wp-json\/wp\/v2\/posts\/4674\/revisions"}],"predecessor-version":[{"id":4679,"href":"https:\/\/morenoprimero.com.ar\/archivo\/wp-json\/wp\/v2\/posts\/4674\/revisions\/4679"}],"wp:featuredmedia":[{"embeddable":true,"href":"https:\/\/morenoprimero.com.ar\/archivo\/wp-json\/wp\/v2\/media\/4675"}],"wp:attachment":[{"href":"https:\/\/morenoprimero.com.ar\/archivo\/wp-json\/wp\/v2\/media?parent=4674"}],"wp:term":[{"taxonomy":"category","embeddable":true,"href":"https:\/\/morenoprimero.com.ar\/archivo\/wp-json\/wp\/v2\/categories?post=4674"},{"taxonomy":"post_tag","embeddable":true,"href":"https:\/\/morenoprimero.com.ar\/archivo\/wp-json\/wp\/v2\/tags?post=4674"}],"curies":[{"name":"wp","href":"https:\/\/api.w.org\/{rel}","templated":true}]}}