{"id":4628,"date":"2020-10-29T10:50:04","date_gmt":"2020-10-29T10:50:04","guid":{"rendered":"https:\/\/morenoprimero.com.ar\/?p=4628"},"modified":"2020-10-29T11:58:21","modified_gmt":"2020-10-29T11:58:21","slug":"robo-a-mano-armada-y-persecusion-en-una-peluqueria-de-francisco-alvarez-hay-tres-detenidos","status":"publish","type":"post","link":"https:\/\/morenoprimero.com.ar\/archivo\/robo-a-mano-armada-y-persecusion-en-una-peluqueria-de-francisco-alvarez-hay-tres-detenidos\/","title":{"rendered":"ROBO Y PERSECUCI\u00d3N EN UNA PELUQUER\u00cdA DE FRANCISCO \u00c1LVAREZ, HAY TRES DETENIDOS"},"content":{"rendered":"\n<h4 class=\"wp-block-heading\">&nbsp; La persecuci\u00f3n inici\u00f3 cuando la polic\u00eda reconoci\u00f3 el Peugeot 504 blanco utilizado para el robo.&nbsp;<\/h4>\n\n\n\n<p>&nbsp; Sucedi\u00f3 ayer, 28 de octubre. Tres delincuentes ingresaron a una peluquer\u00eda en la localidad de <strong>Francisco \u00c1lvarez<\/strong>.<strong> A punta de pistola, robaron maquinaria de peluquer\u00eda, celulares, dinero en efectivo y ropa.&nbsp;<\/strong><\/p>\n\n\n\n<p>&nbsp; &nbsp;Luego de un llamado al 911, la polic\u00eda identifica un <strong>Peugeot 504<\/strong> en el que se trasladaban los delincuentes y <strong>comienza la persecuci\u00f3n.<\/strong>&nbsp;&nbsp;<\/p>\n\n\n\n<p>&nbsp; Los agentes policiales <strong>lograron reducir a los delincuentes<\/strong> en Esqui\u00fa y Ruta 5. <strong>La totalidad de las pertenencias fueron recuperadas y el veh\u00edculo qued\u00f3 secuestrado.<\/strong>&nbsp;<\/p>\n\n\n\n<p>&nbsp; La causa qued\u00f3 bajo la \u00f3rbita de la <strong>UFI&nbsp;N\u00b0&nbsp;2.&nbsp;<\/strong><\/p>\n","protected":false},"excerpt":{"rendered":"<p>&nbsp; La persecuci\u00f3n inici\u00f3 cuando la polic\u00eda reconoci\u00f3 el Peugeot 504 blanco utilizado para el robo.&nbsp; &nbsp; Sucedi\u00f3 ayer, 28 de octubre. Tres delincuentes ingresaron a una peluquer\u00eda en la localidad de Francisco \u00c1lvarez. A punta de pistola, robaron maquinaria &hellip; <a href=\"https:\/\/morenoprimero.com.ar\/archivo\/robo-a-mano-armada-y-persecusion-en-una-peluqueria-de-francisco-alvarez-hay-tres-detenidos\/\">Sigue leyendo <span class=\"meta-nav\">&rarr;<\/span><\/a><\/p>\n","protected":false},"author":6,"featured_media":4629,"comment_status":"open","ping_status":"open","sticky":false,"template":"","format":"standard","meta":{"footnotes":""},"categories":[8],"tags":[112,141,39,292],"class_list":["post-4628","post","type-post","status-publish","format-standard","has-post-thumbnail","hentry","category-policiales","tag-detenidos","tag-francisco-alvarez","tag-robo","tag-secuestro-de-armas"],"_links":{"self":[{"href":"https:\/\/morenoprimero.com.ar\/archivo\/wp-json\/wp\/v2\/posts\/4628","targetHints":{"allow":["GET"]}}],"collection":[{"href":"https:\/\/morenoprimero.com.ar\/archivo\/wp-json\/wp\/v2\/posts"}],"about":[{"href":"https:\/\/morenoprimero.com.ar\/archivo\/wp-json\/wp\/v2\/types\/post"}],"author":[{"embeddable":true,"href":"https:\/\/morenoprimero.com.ar\/archivo\/wp-json\/wp\/v2\/users\/6"}],"replies":[{"embeddable":true,"href":"https:\/\/morenoprimero.com.ar\/archivo\/wp-json\/wp\/v2\/comments?post=4628"}],"version-history":[{"count":4,"href":"https:\/\/morenoprimero.com.ar\/archivo\/wp-json\/wp\/v2\/posts\/4628\/revisions"}],"predecessor-version":[{"id":4642,"href":"https:\/\/morenoprimero.com.ar\/archivo\/wp-json\/wp\/v2\/posts\/4628\/revisions\/4642"}],"wp:featuredmedia":[{"embeddable":true,"href":"https:\/\/morenoprimero.com.ar\/archivo\/wp-json\/wp\/v2\/media\/4629"}],"wp:attachment":[{"href":"https:\/\/morenoprimero.com.ar\/archivo\/wp-json\/wp\/v2\/media?parent=4628"}],"wp:term":[{"taxonomy":"category","embeddable":true,"href":"https:\/\/morenoprimero.com.ar\/archivo\/wp-json\/wp\/v2\/categories?post=4628"},{"taxonomy":"post_tag","embeddable":true,"href":"https:\/\/morenoprimero.com.ar\/archivo\/wp-json\/wp\/v2\/tags?post=4628"}],"curies":[{"name":"wp","href":"https:\/\/api.w.org\/{rel}","templated":true}]}}