{"id":4207,"date":"2020-10-21T11:11:37","date_gmt":"2020-10-21T11:11:37","guid":{"rendered":"https:\/\/morenoprimero.com.ar\/?p=4207"},"modified":"2020-10-21T11:11:37","modified_gmt":"2020-10-21T11:11:37","slug":"coronavirus-en-moreno-132-nuevos-casos-confirmados-y-200-recuperados","status":"publish","type":"post","link":"https:\/\/morenoprimero.com.ar\/archivo\/coronavirus-en-moreno-132-nuevos-casos-confirmados-y-200-recuperados\/","title":{"rendered":"CORONAVIRUS EN MORENO: 132 NUEVOS CASOS CONFIRMADOS Y 200 RECUPERADOS"},"content":{"rendered":"\n<h4 class=\"wp-block-heading\">Los datos son brindados por la Secretar\u00eda de Salud del Municipio de Moreno.<\/h4>\n\n\n\n<p>Al d\u00eda martes 20 de octubre,\u00a0<strong>en el Municipio de Moreno hay 132 nuevos casos confirmados, 200 personas recuperadas y una defunci\u00f3n<\/strong>.\u00a0<\/p>\n\n\n\n<p>&nbsp;En total, suman 16843 casos confirmados, 2239 casos sospechosos y 19911 casos descartados.&nbsp;<\/p>\n\n\n\n<p>De los casos positivos hay&nbsp;<strong>1376 activos<\/strong>&nbsp;que cumplen con las medidas de aislamiento obligatorio hospitalarias y domiciliarias,&nbsp;<strong>15018 personas recuperadas<\/strong>&nbsp;a quienes se les realizaron los hisopados correspondientes que certificaron la ausencia del virus y han&nbsp;acontecido 449<strong>&nbsp;decesos<\/strong>.&nbsp;<\/p>\n\n\n\n<p>La \u00faltima defunci\u00f3n se trata de un hombre de 64 a\u00f1os sin antecedentes registrados en SISA.\u00a0<\/p>\n\n\n\n<figure class=\"wp-block-image size-large\"><img loading=\"lazy\" decoding=\"async\" width=\"1017\" height=\"278\" src=\"https:\/\/morenoprimero.com.ar\/wp-content\/uploads\/2020\/10\/EkuzLjtXEAMGyEW-970x350-2.jpg\" alt=\"\" class=\"wp-image-4210\" srcset=\"https:\/\/morenoprimero.com.ar\/archivo\/wp-content\/uploads\/2020\/10\/EkuzLjtXEAMGyEW-970x350-2.jpg 1017w, https:\/\/morenoprimero.com.ar\/archivo\/wp-content\/uploads\/2020\/10\/EkuzLjtXEAMGyEW-970x350-2-300x82.jpg 300w, https:\/\/morenoprimero.com.ar\/archivo\/wp-content\/uploads\/2020\/10\/EkuzLjtXEAMGyEW-970x350-2-768x210.jpg 768w\" sizes=\"auto, (max-width: 1017px) 100vw, 1017px\" \/><\/figure>\n","protected":false},"excerpt":{"rendered":"<p>Los datos son brindados por la Secretar\u00eda de Salud del Municipio de Moreno. Al d\u00eda martes 20 de octubre,\u00a0en el Municipio de Moreno hay 132 nuevos casos confirmados, 200 personas recuperadas y una defunci\u00f3n.\u00a0 &nbsp;En total, suman 16843 casos confirmados, &hellip; <a href=\"https:\/\/morenoprimero.com.ar\/archivo\/coronavirus-en-moreno-132-nuevos-casos-confirmados-y-200-recuperados\/\">Sigue leyendo <span class=\"meta-nav\">&rarr;<\/span><\/a><\/p>\n","protected":false},"author":6,"featured_media":4208,"comment_status":"open","ping_status":"open","sticky":false,"template":"","format":"standard","meta":{"footnotes":""},"categories":[536],"tags":[702,17,848],"class_list":["post-4207","post","type-post","status-publish","format-standard","has-post-thumbnail","hentry","category-salud","tag-coronavirus-en-moreno","tag-pandemia","tag-reporte-diario-covid-19"],"_links":{"self":[{"href":"https:\/\/morenoprimero.com.ar\/archivo\/wp-json\/wp\/v2\/posts\/4207","targetHints":{"allow":["GET"]}}],"collection":[{"href":"https:\/\/morenoprimero.com.ar\/archivo\/wp-json\/wp\/v2\/posts"}],"about":[{"href":"https:\/\/morenoprimero.com.ar\/archivo\/wp-json\/wp\/v2\/types\/post"}],"author":[{"embeddable":true,"href":"https:\/\/morenoprimero.com.ar\/archivo\/wp-json\/wp\/v2\/users\/6"}],"replies":[{"embeddable":true,"href":"https:\/\/morenoprimero.com.ar\/archivo\/wp-json\/wp\/v2\/comments?post=4207"}],"version-history":[{"count":2,"href":"https:\/\/morenoprimero.com.ar\/archivo\/wp-json\/wp\/v2\/posts\/4207\/revisions"}],"predecessor-version":[{"id":4212,"href":"https:\/\/morenoprimero.com.ar\/archivo\/wp-json\/wp\/v2\/posts\/4207\/revisions\/4212"}],"wp:featuredmedia":[{"embeddable":true,"href":"https:\/\/morenoprimero.com.ar\/archivo\/wp-json\/wp\/v2\/media\/4208"}],"wp:attachment":[{"href":"https:\/\/morenoprimero.com.ar\/archivo\/wp-json\/wp\/v2\/media?parent=4207"}],"wp:term":[{"taxonomy":"category","embeddable":true,"href":"https:\/\/morenoprimero.com.ar\/archivo\/wp-json\/wp\/v2\/categories?post=4207"},{"taxonomy":"post_tag","embeddable":true,"href":"https:\/\/morenoprimero.com.ar\/archivo\/wp-json\/wp\/v2\/tags?post=4207"}],"curies":[{"name":"wp","href":"https:\/\/api.w.org\/{rel}","templated":true}]}}