{"id":4123,"date":"2020-10-20T15:26:50","date_gmt":"2020-10-20T15:26:50","guid":{"rendered":"https:\/\/morenoprimero.com.ar\/?p=4123"},"modified":"2020-10-20T15:26:50","modified_gmt":"2020-10-20T15:26:50","slug":"organizaciones-feministas-de-moreno-se-manifestaron-tras-el-decimo-femicidio-en-el-distrito","status":"publish","type":"post","link":"https:\/\/morenoprimero.com.ar\/archivo\/organizaciones-feministas-de-moreno-se-manifestaron-tras-el-decimo-femicidio-en-el-distrito\/","title":{"rendered":"ORGANIZACIONES FEMINISTAS DE MORENO SE MANIFESTARON TRAS EL D\u00c9CIMO FEMICIDIO EN EL DISTRITO"},"content":{"rendered":"\n<h4 class=\"wp-block-heading\"><strong>Recorrieron la Fiscal\u00eda, la Comisar\u00eda de la mujer y culminaron en la Municipalidad donde mantuvieron una reuni\u00f3n con autoridades del estado local. <\/strong><\/h4>\n\n\n\n<figure class=\"wp-block-gallery columns-3 is-cropped wp-block-gallery-1 is-layout-flex wp-block-gallery-is-layout-flex\"><ul class=\"blocks-gallery-grid\"><li class=\"blocks-gallery-item\"><figure><img loading=\"lazy\" decoding=\"async\" width=\"960\" height=\"640\" src=\"https:\/\/morenoprimero.com.ar\/wp-content\/uploads\/2020\/10\/FEM.jpg\" alt=\"\" data-id=\"4138\" class=\"wp-image-4138\" srcset=\"https:\/\/morenoprimero.com.ar\/archivo\/wp-content\/uploads\/2020\/10\/FEM.jpg 960w, https:\/\/morenoprimero.com.ar\/archivo\/wp-content\/uploads\/2020\/10\/FEM-300x200.jpg 300w, https:\/\/morenoprimero.com.ar\/archivo\/wp-content\/uploads\/2020\/10\/FEM-768x512.jpg 768w\" sizes=\"auto, (max-width: 960px) 100vw, 960px\" \/><\/figure><\/li><li class=\"blocks-gallery-item\"><figure><img loading=\"lazy\" decoding=\"async\" width=\"960\" height=\"720\" src=\"https:\/\/morenoprimero.com.ar\/wp-content\/uploads\/2020\/10\/FEM3.jpg\" alt=\"\" data-id=\"4139\" data-link=\"https:\/\/morenoprimero.com.ar\/?attachment_id=4139\" class=\"wp-image-4139\" srcset=\"https:\/\/morenoprimero.com.ar\/archivo\/wp-content\/uploads\/2020\/10\/FEM3.jpg 960w, https:\/\/morenoprimero.com.ar\/archivo\/wp-content\/uploads\/2020\/10\/FEM3-300x225.jpg 300w, https:\/\/morenoprimero.com.ar\/archivo\/wp-content\/uploads\/2020\/10\/FEM3-768x576.jpg 768w\" sizes=\"auto, (max-width: 960px) 100vw, 960px\" \/><\/figure><\/li><li class=\"blocks-gallery-item\"><figure><img loading=\"lazy\" decoding=\"async\" width=\"960\" height=\"712\" src=\"https:\/\/morenoprimero.com.ar\/wp-content\/uploads\/2020\/10\/FEM2.jpg\" alt=\"\" data-id=\"4140\" data-link=\"https:\/\/morenoprimero.com.ar\/?attachment_id=4140\" class=\"wp-image-4140\" srcset=\"https:\/\/morenoprimero.com.ar\/archivo\/wp-content\/uploads\/2020\/10\/FEM2.jpg 960w, https:\/\/morenoprimero.com.ar\/archivo\/wp-content\/uploads\/2020\/10\/FEM2-300x223.jpg 300w, https:\/\/morenoprimero.com.ar\/archivo\/wp-content\/uploads\/2020\/10\/FEM2-768x570.jpg 768w\" sizes=\"auto, (max-width: 960px) 100vw, 960px\" \/><\/figure><\/li><li class=\"blocks-gallery-item\"><figure><img loading=\"lazy\" decoding=\"async\" width=\"960\" height=\"720\" src=\"https:\/\/morenoprimero.com.ar\/wp-content\/uploads\/2020\/10\/10-femicidios-en-10-meses.jpg\" alt=\"\" data-id=\"4141\" data-full-url=\"https:\/\/morenoprimero.com.ar\/wp-content\/uploads\/2020\/10\/10-femicidios-en-10-meses.jpg\" data-link=\"https:\/\/morenoprimero.com.ar\/?attachment_id=4141\" class=\"wp-image-4141\" srcset=\"https:\/\/morenoprimero.com.ar\/archivo\/wp-content\/uploads\/2020\/10\/10-femicidios-en-10-meses.jpg 960w, https:\/\/morenoprimero.com.ar\/archivo\/wp-content\/uploads\/2020\/10\/10-femicidios-en-10-meses-300x225.jpg 300w, https:\/\/morenoprimero.com.ar\/archivo\/wp-content\/uploads\/2020\/10\/10-femicidios-en-10-meses-768x576.jpg 768w\" sizes=\"auto, (max-width: 960px) 100vw, 960px\" \/><\/figure><\/li><\/ul><\/figure>\n\n\n\n<p>El lunes 19 de octubre por la ma\u00f1ana organizaciones feministas, transfeministas y barriales se movilizaron hac\u00eda la fiscal\u00eda de Moreno,  la comisaria de la mujer y culminaron en la Municipalidad para visibilizar el aumento de femicidios y reclamar una soluci\u00f3n ante el asesinato de una mujer en manos de un hombre cada 32 horas. <\/p>\n\n\n\n<p><strong>Camila Tarocco, Olga Veron, Rosa Estela Garcia, Debora R\u00edos, Maria Magdalena Figueredo, Luz Emily Figueredo, Marilyn Alejandra Sanchez, Ludmila Pretti, Sandra Garcia, Juana Ruiz <\/strong>son las diez v\u00edctimas fatales de Moreno.<\/p>\n\n\n\n<p>Las organizaciones realizaron un comunicado en el que exigen un <strong>informe sobre presupuesto real en pol\u00edticas de g\u00e9nero y sobre su ejecuci\u00f3n,  la\u00a0creaci\u00f3n de comit\u00e9s de crisis en materia de violencias por razones de g\u00e9nero, con la participaci\u00f3n de todes, presupuesto para la implementaci\u00f3n inmediata de la Ley 26.485 de prevenci\u00f3n, sanci\u00f3n y erradicaci\u00f3n de la violencia de g\u00e9nero, recursos de protecci\u00f3n inmediatos, bot\u00f3n antip\u00e1nico y perimetrales inmediatas a la evaluaci\u00f3n de riesgo<\/strong>, entre otros.<\/p>\n\n\n\n<p>El documento que present\u00f3, ante el municipio, la Red Feminista de Moreno junto a las dem\u00e1s organizaciones y personas individuales: <\/p>\n\n\n\n<figure class=\"wp-block-gallery columns-3 is-cropped wp-block-gallery-2 is-layout-flex wp-block-gallery-is-layout-flex\"><ul class=\"blocks-gallery-grid\"><li class=\"blocks-gallery-item\"><figure><img decoding=\"async\" src=\"https:\/\/morenoprimero.com.ar\/wp-content\/uploads\/2020\/10\/WhatsApp-Image-2020-10-20-at-11.40.14.jpeg\" alt=\"\" data-id=\"4143\" class=\"wp-image-4143\"\/><\/figure><\/li><li class=\"blocks-gallery-item\"><figure><img decoding=\"async\" src=\"https:\/\/morenoprimero.com.ar\/wp-content\/uploads\/2020\/10\/WhatsApp-Image-2020-10-20-at-11.40.15.jpeg\" alt=\"\" data-id=\"4144\" data-link=\"https:\/\/morenoprimero.com.ar\/?attachment_id=4144\" class=\"wp-image-4144\"\/><\/figure><\/li><li class=\"blocks-gallery-item\"><figure><img decoding=\"async\" src=\"https:\/\/morenoprimero.com.ar\/wp-content\/uploads\/2020\/10\/WhatsApp-Image-2020-10-20-at-11.40.15-1.jpeg\" alt=\"\" data-id=\"4145\" data-link=\"https:\/\/morenoprimero.com.ar\/?attachment_id=4145\" class=\"wp-image-4145\"\/><\/figure><\/li><li class=\"blocks-gallery-item\"><figure><img decoding=\"async\" src=\"https:\/\/morenoprimero.com.ar\/wp-content\/uploads\/2020\/10\/WhatsApp-Image-2020-10-20-at-11.40.16.jpeg\" alt=\"\" data-id=\"4146\" data-link=\"https:\/\/morenoprimero.com.ar\/?attachment_id=4146\" class=\"wp-image-4146\"\/><\/figure><\/li><li class=\"blocks-gallery-item\"><figure><img decoding=\"async\" src=\"https:\/\/morenoprimero.com.ar\/wp-content\/uploads\/2020\/10\/WhatsApp-Image-2020-10-20-at-11.40.16-1.jpeg\" alt=\"\" data-id=\"4147\" data-link=\"https:\/\/morenoprimero.com.ar\/?attachment_id=4147\" class=\"wp-image-4147\"\/><\/figure><\/li><li class=\"blocks-gallery-item\"><figure><img decoding=\"async\" src=\"https:\/\/morenoprimero.com.ar\/wp-content\/uploads\/2020\/10\/WhatsApp-Image-2020-10-20-at-11.40.17.jpeg\" alt=\"\" data-id=\"4148\" data-link=\"https:\/\/morenoprimero.com.ar\/?attachment_id=4148\" class=\"wp-image-4148\"\/><\/figure><\/li><li class=\"blocks-gallery-item\"><figure><img decoding=\"async\" src=\"https:\/\/morenoprimero.com.ar\/wp-content\/uploads\/2020\/10\/WhatsApp-Image-2020-10-20-at-11.40.18.jpeg\" alt=\"\" data-id=\"4149\" data-link=\"https:\/\/morenoprimero.com.ar\/?attachment_id=4149\" class=\"wp-image-4149\"\/><\/figure><\/li><li class=\"blocks-gallery-item\"><figure><img decoding=\"async\" src=\"https:\/\/morenoprimero.com.ar\/wp-content\/uploads\/2020\/10\/WhatsApp-Image-2020-10-20-at-11.40.19.jpeg\" alt=\"\" data-id=\"4150\" data-link=\"https:\/\/morenoprimero.com.ar\/?attachment_id=4150\" class=\"wp-image-4150\"\/><\/figure><\/li><li class=\"blocks-gallery-item\"><figure><img decoding=\"async\" src=\"https:\/\/morenoprimero.com.ar\/wp-content\/uploads\/2020\/10\/WhatsApp-Image-2020-10-20-at-11.40.19-1.jpeg\" alt=\"\" data-id=\"4151\" data-link=\"https:\/\/morenoprimero.com.ar\/?attachment_id=4151\" class=\"wp-image-4151\"\/><\/figure><\/li><li class=\"blocks-gallery-item\"><figure><img decoding=\"async\" src=\"https:\/\/morenoprimero.com.ar\/wp-content\/uploads\/2020\/10\/WhatsApp-Image-2020-10-20-at-11.40.20.jpeg\" alt=\"\" data-id=\"4152\" data-link=\"https:\/\/morenoprimero.com.ar\/?attachment_id=4152\" class=\"wp-image-4152\"\/><\/figure><\/li><li class=\"blocks-gallery-item\"><figure><img decoding=\"async\" src=\"https:\/\/morenoprimero.com.ar\/wp-content\/uploads\/2020\/10\/WhatsApp-Image-2020-10-20-at-11.40.21.jpeg\" alt=\"\" data-id=\"4153\" data-link=\"https:\/\/morenoprimero.com.ar\/?attachment_id=4153\" class=\"wp-image-4153\"\/><\/figure><\/li><li class=\"blocks-gallery-item\"><figure><img decoding=\"async\" src=\"https:\/\/morenoprimero.com.ar\/wp-content\/uploads\/2020\/10\/WhatsApp-Image-2020-10-20-at-11.40.21-1.jpeg\" alt=\"\" data-id=\"4154\" data-link=\"https:\/\/morenoprimero.com.ar\/?attachment_id=4154\" class=\"wp-image-4154\"\/><\/figure><\/li><li class=\"blocks-gallery-item\"><figure><img decoding=\"async\" src=\"https:\/\/morenoprimero.com.ar\/wp-content\/uploads\/2020\/10\/WhatsApp-Image-2020-10-20-at-11.40.22.jpeg\" alt=\"\" data-id=\"4155\" data-link=\"https:\/\/morenoprimero.com.ar\/?attachment_id=4155\" class=\"wp-image-4155\"\/><\/figure><\/li><li class=\"blocks-gallery-item\"><figure><img decoding=\"async\" src=\"https:\/\/morenoprimero.com.ar\/wp-content\/uploads\/2020\/10\/WhatsApp-Image-2020-10-20-at-11.40.22-1.jpeg\" alt=\"\" data-id=\"4156\" data-link=\"https:\/\/morenoprimero.com.ar\/?attachment_id=4156\" class=\"wp-image-4156\"\/><\/figure><\/li><li class=\"blocks-gallery-item\"><figure><img decoding=\"async\" src=\"https:\/\/morenoprimero.com.ar\/wp-content\/uploads\/2020\/10\/WhatsApp-Image-2020-10-20-at-11.40.23.jpeg\" alt=\"\" data-id=\"4157\" data-link=\"https:\/\/morenoprimero.com.ar\/?attachment_id=4157\" class=\"wp-image-4157\"\/><\/figure><\/li><li class=\"blocks-gallery-item\"><figure><img decoding=\"async\" src=\"https:\/\/morenoprimero.com.ar\/wp-content\/uploads\/2020\/10\/WhatsApp-Image-2020-10-20-at-11.40.24.jpeg\" alt=\"\" data-id=\"4158\" data-link=\"https:\/\/morenoprimero.com.ar\/?attachment_id=4158\" class=\"wp-image-4158\"\/><\/figure><\/li><li class=\"blocks-gallery-item\"><figure><img decoding=\"async\" src=\"https:\/\/morenoprimero.com.ar\/wp-content\/uploads\/2020\/10\/WhatsApp-Image-2020-10-20-at-11.40.24-1.jpeg\" alt=\"\" data-id=\"4159\" data-link=\"https:\/\/morenoprimero.com.ar\/?attachment_id=4159\" class=\"wp-image-4159\"\/><\/figure><\/li><li class=\"blocks-gallery-item\"><figure><img decoding=\"async\" src=\"https:\/\/morenoprimero.com.ar\/wp-content\/uploads\/2020\/10\/WhatsApp-Image-2020-10-20-at-11.40.24-2.jpeg\" alt=\"\" data-id=\"4160\" data-link=\"https:\/\/morenoprimero.com.ar\/?attachment_id=4160\" class=\"wp-image-4160\"\/><\/figure><\/li><li class=\"blocks-gallery-item\"><figure><img decoding=\"async\" src=\"https:\/\/morenoprimero.com.ar\/wp-content\/uploads\/2020\/10\/WhatsApp-Image-2020-10-20-at-11.40.25.jpeg\" alt=\"\" data-id=\"4161\" data-link=\"https:\/\/morenoprimero.com.ar\/?attachment_id=4161\" class=\"wp-image-4161\"\/><\/figure><\/li><li class=\"blocks-gallery-item\"><figure><img decoding=\"async\" src=\"https:\/\/morenoprimero.com.ar\/wp-content\/uploads\/2020\/10\/WhatsApp-Image-2020-10-20-at-11.40.25-1.jpeg\" alt=\"\" data-id=\"4162\" data-link=\"https:\/\/morenoprimero.com.ar\/?attachment_id=4162\" class=\"wp-image-4162\"\/><\/figure><\/li><li class=\"blocks-gallery-item\"><figure><img decoding=\"async\" src=\"https:\/\/morenoprimero.com.ar\/wp-content\/uploads\/2020\/10\/WhatsApp-Image-2020-10-20-at-11.40.25-2.jpeg\" alt=\"\" data-id=\"4163\" data-link=\"https:\/\/morenoprimero.com.ar\/?attachment_id=4163\" class=\"wp-image-4163\"\/><\/figure><\/li><li class=\"blocks-gallery-item\"><figure><img decoding=\"async\" src=\"https:\/\/morenoprimero.com.ar\/wp-content\/uploads\/2020\/10\/WhatsApp-Image-2020-10-20-at-11.40.26.jpeg\" alt=\"\" data-id=\"4164\" data-link=\"https:\/\/morenoprimero.com.ar\/?attachment_id=4164\" class=\"wp-image-4164\"\/><\/figure><\/li><li class=\"blocks-gallery-item\"><figure><img decoding=\"async\" src=\"https:\/\/morenoprimero.com.ar\/wp-content\/uploads\/2020\/10\/WhatsApp-Image-2020-10-20-at-11.40.26-1.jpeg\" alt=\"\" data-id=\"4165\" data-link=\"https:\/\/morenoprimero.com.ar\/?attachment_id=4165\" class=\"wp-image-4165\"\/><\/figure><\/li><li class=\"blocks-gallery-item\"><figure><img decoding=\"async\" src=\"https:\/\/morenoprimero.com.ar\/wp-content\/uploads\/2020\/10\/WhatsApp-Image-2020-10-20-at-11.40.26-2.jpeg\" alt=\"\" data-id=\"4166\" data-link=\"https:\/\/morenoprimero.com.ar\/?attachment_id=4166\" class=\"wp-image-4166\"\/><\/figure><\/li><li class=\"blocks-gallery-item\"><figure><img decoding=\"async\" src=\"https:\/\/morenoprimero.com.ar\/wp-content\/uploads\/2020\/10\/WhatsApp-Image-2020-10-20-at-11.40.26-3.jpeg\" alt=\"\" data-id=\"4167\" data-link=\"https:\/\/morenoprimero.com.ar\/?attachment_id=4167\" class=\"wp-image-4167\"\/><\/figure><\/li><li class=\"blocks-gallery-item\"><figure><img decoding=\"async\" src=\"https:\/\/morenoprimero.com.ar\/wp-content\/uploads\/2020\/10\/WhatsApp-Image-2020-10-20-at-11.40.27.jpeg\" alt=\"\" data-id=\"4168\" data-link=\"https:\/\/morenoprimero.com.ar\/?attachment_id=4168\" class=\"wp-image-4168\"\/><\/figure><\/li><li class=\"blocks-gallery-item\"><figure><img decoding=\"async\" src=\"https:\/\/morenoprimero.com.ar\/wp-content\/uploads\/2020\/10\/WhatsApp-Image-2020-10-20-at-11.40.27-1.jpeg\" alt=\"\" data-id=\"4169\" data-full-url=\"https:\/\/morenoprimero.com.ar\/wp-content\/uploads\/2020\/10\/WhatsApp-Image-2020-10-20-at-11.40.27-1.jpeg\" data-link=\"https:\/\/morenoprimero.com.ar\/?attachment_id=4169\" class=\"wp-image-4169\"\/><\/figure><\/li><\/ul><\/figure>\n\n\n\n<p><strong>Finalmente, la Intendenta Mariel Fern\u00e1ndez acord\u00f3 un encuentro para el pr\u00f3ximo 27 de Octubre a las 10 horas<\/strong>.<\/p>\n","protected":false},"excerpt":{"rendered":"<p>Recorrieron la Fiscal\u00eda, la Comisar\u00eda de la mujer y culminaron en la Municipalidad donde mantuvieron una reuni\u00f3n con autoridades del estado local. El lunes 19 de octubre por la ma\u00f1ana organizaciones feministas, transfeministas y barriales se movilizaron hac\u00eda la fiscal\u00eda &hellip; <a href=\"https:\/\/morenoprimero.com.ar\/archivo\/organizaciones-feministas-de-moreno-se-manifestaron-tras-el-decimo-femicidio-en-el-distrito\/\">Sigue leyendo <span class=\"meta-nav\">&rarr;<\/span><\/a><\/p>\n","protected":false},"author":6,"featured_media":4170,"comment_status":"open","ping_status":"open","sticky":false,"template":"","format":"standard","meta":{"footnotes":""},"categories":[27,20],"tags":[921,6,612],"class_list":["post-4123","post","type-post","status-publish","format-standard","has-post-thumbnail","hentry","category-politica","category-sociedad","tag-10-femicidios-en-moreno","tag-moreno","tag-violencia-de-genero-2"],"_links":{"self":[{"href":"https:\/\/morenoprimero.com.ar\/archivo\/wp-json\/wp\/v2\/posts\/4123","targetHints":{"allow":["GET"]}}],"collection":[{"href":"https:\/\/morenoprimero.com.ar\/archivo\/wp-json\/wp\/v2\/posts"}],"about":[{"href":"https:\/\/morenoprimero.com.ar\/archivo\/wp-json\/wp\/v2\/types\/post"}],"author":[{"embeddable":true,"href":"https:\/\/morenoprimero.com.ar\/archivo\/wp-json\/wp\/v2\/users\/6"}],"replies":[{"embeddable":true,"href":"https:\/\/morenoprimero.com.ar\/archivo\/wp-json\/wp\/v2\/comments?post=4123"}],"version-history":[{"count":2,"href":"https:\/\/morenoprimero.com.ar\/archivo\/wp-json\/wp\/v2\/posts\/4123\/revisions"}],"predecessor-version":[{"id":4180,"href":"https:\/\/morenoprimero.com.ar\/archivo\/wp-json\/wp\/v2\/posts\/4123\/revisions\/4180"}],"wp:featuredmedia":[{"embeddable":true,"href":"https:\/\/morenoprimero.com.ar\/archivo\/wp-json\/wp\/v2\/media\/4170"}],"wp:attachment":[{"href":"https:\/\/morenoprimero.com.ar\/archivo\/wp-json\/wp\/v2\/media?parent=4123"}],"wp:term":[{"taxonomy":"category","embeddable":true,"href":"https:\/\/morenoprimero.com.ar\/archivo\/wp-json\/wp\/v2\/categories?post=4123"},{"taxonomy":"post_tag","embeddable":true,"href":"https:\/\/morenoprimero.com.ar\/archivo\/wp-json\/wp\/v2\/tags?post=4123"}],"curies":[{"name":"wp","href":"https:\/\/api.w.org\/{rel}","templated":true}]}}