{"id":4081,"date":"2020-10-19T16:18:01","date_gmt":"2020-10-19T16:18:01","guid":{"rendered":"https:\/\/morenoprimero.com.ar\/?p=4081"},"modified":"2020-10-19T16:18:02","modified_gmt":"2020-10-19T16:18:02","slug":"definen-protocolos-para-la-temporada-de-verano","status":"publish","type":"post","link":"https:\/\/morenoprimero.com.ar\/archivo\/definen-protocolos-para-la-temporada-de-verano\/","title":{"rendered":"DEFINEN PROTOCOLOS PARA LA TEMPORADA DE VERANO"},"content":{"rendered":"\n<h4 class=\"wp-block-heading\">El Jefe de Gabinete de la provincia, Carlos Bianco y el ministro de Producci\u00f3n, Ciencia e Innovaci\u00f3n Tecnol\u00f3gica, Augusto Costa,  mantuvieron un encuentro virtual con varios intendentes en el que dieron las primeras definiciones sobre protocolos sanitarios para la temporada tur\u00edstica 2020-2021.<\/h4>\n\n\n\n<p>El Jefe de Gabinete provincial, Carlos Bianco; junto al ministro de Producci\u00f3n, Ciencia e Innovaci\u00f3n Tecnol\u00f3gica, Augusto Costa; la vicegobernadora Ver\u00f3nica Magario; la ministra de Gobierno, Teresa Garc\u00eda ; y el viceministro de Salud, Nicol\u00e1s Kreplak, se reunieron este viernes de manera virtual con intendentes de los municipios tur\u00edsticos para definir los protocolos sanitarios a instrumentar durante la temporada de verano.<\/p>\n\n\n\n<p><strong>En este encuentro se definieron las posibles fechas para el inicio de la temporada y se delinearon las condiciones en los ingresos a los municipios, as\u00ed como tambi\u00e9n los procedimientos de control para el cumplimiento de los protocolos establecidos<\/strong>.&nbsp;<\/p>\n\n\n\n<p>\u201cEntendemos que es importante dar certezas para poder proyectar y planificar la temporada, y para eso tambi\u00e9n necesitamos trabajar de manera conjunta y coordinada\u201d, sostuvo Costa.<\/p>\n\n\n\n<p><strong>Por otra parte, se acord\u00f3 c\u00f3mo funcionar\u00e1n los hoteles, las estaciones de servicios, los establecimientos gastron\u00f3micos, los balnearios y los paradores, y se evaluaron mecanismos de regulaci\u00f3n para medios de transporte, como autos particulares y \u00f3mnibus de corta, media y larga distancia.&nbsp;<\/strong><\/p>\n\n\n\n<p>\u201cLa temporada nunca estuvo en duda. Va a ser una temporada at\u00edpica, y vamos a trabajar para que sea la mejor temporada posible dada las condiciones epidemiol\u00f3gicas. Queremos ir tomando definiciones para dar certezas\u201d, manifest\u00f3 Costa.<\/p>\n\n\n\n<p><strong>Tambi\u00e9n se defini\u00f3 la confirmaci\u00f3n de un comit\u00e9 operativo de temporada para el seguimiento permanente de la situaci\u00f3n epidemiol\u00f3gica y se avanz\u00f3 sobre el operativo de salud con sus distintas instancias para atender necesidades de los veraneantes.<\/strong>&nbsp;<\/p>\n\n\n\n<p>Estuvieron presentes en la videoconferencia los intendentes de General Pueyrred\u00f3n, Guillermo Montenegro; Tandil, Miguel \u00c1ngel Lunghi; Necochea, Arturo Rojas; La Costa, Cristian Cardozo; General Alvarado, Sebasti\u00e1n Ianantuony; Villa Gesell, Gustavo Barrera; Pinamar, Mart\u00edn Yeza; Mar Chiquita, Jorge Paredi; Tornquist, Sergio Bordoni; San Cayetano, Miguel Cargaglione; Monte Hermoso, Enrique Dichiara; y Carmen de Patagones, Jos\u00e9 Luis Zara. <\/p>\n\n\n\n<p>  <\/p>\n","protected":false},"excerpt":{"rendered":"<p>El Jefe de Gabinete de la provincia, Carlos Bianco y el ministro de Producci\u00f3n, Ciencia e Innovaci\u00f3n Tecnol\u00f3gica, Augusto Costa, mantuvieron un encuentro virtual con varios intendentes en el que dieron las primeras definiciones sobre protocolos sanitarios para la temporada &hellip; <a href=\"https:\/\/morenoprimero.com.ar\/archivo\/definen-protocolos-para-la-temporada-de-verano\/\">Sigue leyendo <span class=\"meta-nav\">&rarr;<\/span><\/a><\/p>\n","protected":false},"author":6,"featured_media":4083,"comment_status":"open","ping_status":"open","sticky":false,"template":"","format":"standard","meta":{"footnotes":""},"categories":[21,5,20],"tags":[26,17,348],"class_list":["post-4081","post","type-post","status-publish","format-standard","has-post-thumbnail","hentry","category-interes-general","category-recomendadas","category-sociedad","tag-coronavirus","tag-pandemia","tag-protocolo-covid-19"],"_links":{"self":[{"href":"https:\/\/morenoprimero.com.ar\/archivo\/wp-json\/wp\/v2\/posts\/4081","targetHints":{"allow":["GET"]}}],"collection":[{"href":"https:\/\/morenoprimero.com.ar\/archivo\/wp-json\/wp\/v2\/posts"}],"about":[{"href":"https:\/\/morenoprimero.com.ar\/archivo\/wp-json\/wp\/v2\/types\/post"}],"author":[{"embeddable":true,"href":"https:\/\/morenoprimero.com.ar\/archivo\/wp-json\/wp\/v2\/users\/6"}],"replies":[{"embeddable":true,"href":"https:\/\/morenoprimero.com.ar\/archivo\/wp-json\/wp\/v2\/comments?post=4081"}],"version-history":[{"count":2,"href":"https:\/\/morenoprimero.com.ar\/archivo\/wp-json\/wp\/v2\/posts\/4081\/revisions"}],"predecessor-version":[{"id":4095,"href":"https:\/\/morenoprimero.com.ar\/archivo\/wp-json\/wp\/v2\/posts\/4081\/revisions\/4095"}],"wp:featuredmedia":[{"embeddable":true,"href":"https:\/\/morenoprimero.com.ar\/archivo\/wp-json\/wp\/v2\/media\/4083"}],"wp:attachment":[{"href":"https:\/\/morenoprimero.com.ar\/archivo\/wp-json\/wp\/v2\/media?parent=4081"}],"wp:term":[{"taxonomy":"category","embeddable":true,"href":"https:\/\/morenoprimero.com.ar\/archivo\/wp-json\/wp\/v2\/categories?post=4081"},{"taxonomy":"post_tag","embeddable":true,"href":"https:\/\/morenoprimero.com.ar\/archivo\/wp-json\/wp\/v2\/tags?post=4081"}],"curies":[{"name":"wp","href":"https:\/\/api.w.org\/{rel}","templated":true}]}}