{"id":4071,"date":"2020-10-19T11:46:32","date_gmt":"2020-10-19T11:46:32","guid":{"rendered":"https:\/\/morenoprimero.com.ar\/?p=4071"},"modified":"2020-10-19T11:46:33","modified_gmt":"2020-10-19T11:46:33","slug":"coronavirus-en-moreno-son-16662-los-contagios-en-el-distrito","status":"publish","type":"post","link":"https:\/\/morenoprimero.com.ar\/archivo\/coronavirus-en-moreno-son-16662-los-contagios-en-el-distrito\/","title":{"rendered":"CORONAVIRUS EN MORENO: SON 16662 LOS CONTAGIOS EN EL DISTRITO"},"content":{"rendered":"\n<h4 class=\"wp-block-heading\">  De las 16662 personas que sufrieron el contagio, 448 fallecieron a causa del virus.<\/h4>\n\n\n\n<p>\u00a0 En el distrito de Moreno se presentaron<strong> 93 <\/strong>casos nuevos confirmados el domingo 18 de octubre. En total son<strong> 16662 <\/strong>los contagios en Moreno, de los cuales,<strong> 1547<\/strong> casos est\u00e1n activos, mientras que<strong> 14667 <\/strong>personas se\u00a0encuentran\u00a0recuperadas, a quienes se les realizaron los hisopados correspondientes que certificaron la ausencia del virus.\u00a0\u00a0<\/p>\n\n\n\n<p>\u00a0 \u00a0Por otro lado, al 18 de octubre ocurrieron<strong> 2<\/strong> defunciones por Covid-19. Los decesos por el virus suman un total de <strong>448<\/strong> desde que lleg\u00f3 la pandemia.\u00a0<\/p>\n\n\n\n<p>Las<strong> 2 <\/strong>defunciones que se suman, ninguno present\u00f3 comorbilidades asociadas en SISA. Se trata de un hombre de 78 a\u00f1os con antecedentes de tuberculosis, hipertensi\u00f3n y tabaquismo.\u00a0<\/p>\n\n\n\n<figure class=\"wp-block-image size-large\"><img loading=\"lazy\" decoding=\"async\" width=\"1024\" height=\"676\" src=\"https:\/\/morenoprimero.com.ar\/wp-content\/uploads\/2020\/10\/ReporteDiario-3-1024x676.jpg\" alt=\"\" class=\"wp-image-4072\" srcset=\"https:\/\/morenoprimero.com.ar\/archivo\/wp-content\/uploads\/2020\/10\/ReporteDiario-3-1024x676.jpg 1024w, https:\/\/morenoprimero.com.ar\/archivo\/wp-content\/uploads\/2020\/10\/ReporteDiario-3-300x198.jpg 300w, https:\/\/morenoprimero.com.ar\/archivo\/wp-content\/uploads\/2020\/10\/ReporteDiario-3-768x507.jpg 768w, https:\/\/morenoprimero.com.ar\/archivo\/wp-content\/uploads\/2020\/10\/ReporteDiario-3-1536x1014.jpg 1536w, https:\/\/morenoprimero.com.ar\/archivo\/wp-content\/uploads\/2020\/10\/ReporteDiario-3-2048x1353.jpg 2048w\" sizes=\"auto, (max-width: 1024px) 100vw, 1024px\" \/><\/figure>\n","protected":false},"excerpt":{"rendered":"<p>De las 16662 personas que sufrieron el contagio, 448 fallecieron a causa del virus. \u00a0 En el distrito de Moreno se presentaron 93 casos nuevos confirmados el domingo 18 de octubre. En total son 16662 los contagios en Moreno, de &hellip; <a href=\"https:\/\/morenoprimero.com.ar\/archivo\/coronavirus-en-moreno-son-16662-los-contagios-en-el-distrito\/\">Sigue leyendo <span class=\"meta-nav\">&rarr;<\/span><\/a><\/p>\n","protected":false},"author":6,"featured_media":3835,"comment_status":"open","ping_status":"open","sticky":false,"template":"","format":"standard","meta":{"footnotes":""},"categories":[536],"tags":[26,17,848],"class_list":["post-4071","post","type-post","status-publish","format-standard","has-post-thumbnail","hentry","category-salud","tag-coronavirus","tag-pandemia","tag-reporte-diario-covid-19"],"_links":{"self":[{"href":"https:\/\/morenoprimero.com.ar\/archivo\/wp-json\/wp\/v2\/posts\/4071","targetHints":{"allow":["GET"]}}],"collection":[{"href":"https:\/\/morenoprimero.com.ar\/archivo\/wp-json\/wp\/v2\/posts"}],"about":[{"href":"https:\/\/morenoprimero.com.ar\/archivo\/wp-json\/wp\/v2\/types\/post"}],"author":[{"embeddable":true,"href":"https:\/\/morenoprimero.com.ar\/archivo\/wp-json\/wp\/v2\/users\/6"}],"replies":[{"embeddable":true,"href":"https:\/\/morenoprimero.com.ar\/archivo\/wp-json\/wp\/v2\/comments?post=4071"}],"version-history":[{"count":1,"href":"https:\/\/morenoprimero.com.ar\/archivo\/wp-json\/wp\/v2\/posts\/4071\/revisions"}],"predecessor-version":[{"id":4074,"href":"https:\/\/morenoprimero.com.ar\/archivo\/wp-json\/wp\/v2\/posts\/4071\/revisions\/4074"}],"wp:featuredmedia":[{"embeddable":true,"href":"https:\/\/morenoprimero.com.ar\/archivo\/wp-json\/wp\/v2\/media\/3835"}],"wp:attachment":[{"href":"https:\/\/morenoprimero.com.ar\/archivo\/wp-json\/wp\/v2\/media?parent=4071"}],"wp:term":[{"taxonomy":"category","embeddable":true,"href":"https:\/\/morenoprimero.com.ar\/archivo\/wp-json\/wp\/v2\/categories?post=4071"},{"taxonomy":"post_tag","embeddable":true,"href":"https:\/\/morenoprimero.com.ar\/archivo\/wp-json\/wp\/v2\/tags?post=4071"}],"curies":[{"name":"wp","href":"https:\/\/api.w.org\/{rel}","templated":true}]}}