{"id":398,"date":"2020-07-17T23:45:59","date_gmt":"2020-07-17T23:45:59","guid":{"rendered":"https:\/\/morenoprimero.com.ar\/?p=398"},"modified":"2020-07-17T23:45:59","modified_gmt":"2020-07-17T23:45:59","slug":"nueva-cuarentena-intermitente","status":"publish","type":"post","link":"https:\/\/morenoprimero.com.ar\/archivo\/nueva-cuarentena-intermitente\/","title":{"rendered":"NUEVA CUARENTENA INTERMITENTE"},"content":{"rendered":"\n<figure class=\"wp-block-image size-large is-resized\"><img loading=\"lazy\" decoding=\"async\" src=\"https:\/\/morenoprimero.com.ar\/wp-content\/uploads\/2020\/07\/whatsapp-20image-202020-07-17-20at-2015-42-14.jpeg\" alt=\"\" class=\"wp-image-447\" width=\"583\" height=\"388\" srcset=\"https:\/\/morenoprimero.com.ar\/archivo\/wp-content\/uploads\/2020\/07\/whatsapp-20image-202020-07-17-20at-2015-42-14.jpeg 960w, https:\/\/morenoprimero.com.ar\/archivo\/wp-content\/uploads\/2020\/07\/whatsapp-20image-202020-07-17-20at-2015-42-14-300x200.jpeg 300w, https:\/\/morenoprimero.com.ar\/archivo\/wp-content\/uploads\/2020\/07\/whatsapp-20image-202020-07-17-20at-2015-42-14-768x512.jpeg 768w\" sizes=\"auto, (max-width: 583px) 100vw, 583px\" \/><\/figure>\n\n\n\n<p>Durante el mediod\u00eda el Presidente Alberto Fern\u00e1ndez junto al Gobernador de la Provincia de Buenos Aires Axel Kicillof y el Jefe de Gabinete Horacio Rodr\u00edguez Larreta en la Quinta Presidencial de Olivos comentaron las nuevas medidas del aislamiento social, preventivo y obligatorio que <strong>comenzar\u00e1 desde el 18 de julio hasta el 2 de agosto.<\/strong><br><br>El Presidente explic\u00f3 los pasos para una <em>\u201cnueva normalidad paulatinamente\u00bb<\/em>. <strong>En la Ciudad de Buenos Aires vuelven comercios de proximidad, las actividades f\u00edsicas al aire libre en plazas y aumentan los d\u00edas en que los chicos pueden salir. Por su parte, Axel Kicillof destac\u00f3 el resultado de la cuarentena estricta y coment\u00f3 que se abrir\u00e1n las industrias primero, comercios despu\u00e9s y luego las actividades profesionales.<\/strong><br><br><em>\u201cVamos a ir tratando de volver a la vida habitual en este nuevo mundo. Lo vamos a hacer escalonadamente\u201d<\/em>, remarc\u00f3 sobre las nuevas decisiones. No obstante, aclar\u00f3 que el panorama est\u00e1 sujeto a cambios, en l\u00ednea con la din\u00e1mica del virus: <em>\u00abSi hay que volver atr\u00e1s, volveremos atr\u00e1s. Y si hay que ajustar, ajustaremos\u00bb<\/em> destac\u00f3 el Presidente en la Quinta Presidencial de Olivos en la que hizo un balance de la situaci\u00f3n que atraviesa el pa\u00eds por el coronavirus.<\/p>\n\n\n\n<p><br><img loading=\"lazy\" decoding=\"async\" width=\"600\" height=\"333\" class=\"wp-image-449\" style=\"width: 600px;\" src=\"https:\/\/morenoprimero.com.ar\/wp-content\/uploads\/2020\/07\/d8de9142-1d8e-49c7-b2e9-02360f64db23-1024x568-1.jpg\" alt=\"\" srcset=\"https:\/\/morenoprimero.com.ar\/archivo\/wp-content\/uploads\/2020\/07\/d8de9142-1d8e-49c7-b2e9-02360f64db23-1024x568-1.jpg 1024w, https:\/\/morenoprimero.com.ar\/archivo\/wp-content\/uploads\/2020\/07\/d8de9142-1d8e-49c7-b2e9-02360f64db23-1024x568-1-300x166.jpg 300w, https:\/\/morenoprimero.com.ar\/archivo\/wp-content\/uploads\/2020\/07\/d8de9142-1d8e-49c7-b2e9-02360f64db23-1024x568-1-768x426.jpg 768w\" sizes=\"auto, (max-width: 600px) 100vw, 600px\" \/><br><br>Durante la tarde desde la Casa de Gobierno Provincial, el jefe de Gabinete de la Provincia, Carlos Bianco y el Ministro de Salud Bonaerense Daniel Gollan aclararon que <em>\u00abno hemos llegado a una nueva normalidad\u00bb<\/em> y que la nueva etapa que se inicia <em>\u00abes una prueba\u00bb<\/em>.<strong> A partir del lunes se abrir\u00e1n las f\u00e1bricas en los 35 distritos con los protocolos acordados y el traslado de los empleados a cargo de cada empresa.<\/strong><br><br>El ministro de Salud bonaerense, Daniel Gollan, explic\u00f3 que la Provincia pudo frenar el crecimiento de los casos en el distrito y aprovecharon el tiempo para sumar m\u00e1s insumos sanitarios. <em>\u00abEn este momento tenemos en stock lo suficiente para proteger a los trabajadores de salud de ac\u00e1 hasta noviembre\u00bb,<\/em> destac\u00f3. <\/p>\n\n\n\n<p><img loading=\"lazy\" decoding=\"async\" width=\"600\" height=\"339\" class=\"wp-image-450\" style=\"width: 600px;\" src=\"https:\/\/morenoprimero.com.ar\/wp-content\/uploads\/2020\/07\/a04f1119-dad2-4aeb-896d-adcefae6f18a.jpg\" alt=\"\" srcset=\"https:\/\/morenoprimero.com.ar\/archivo\/wp-content\/uploads\/2020\/07\/a04f1119-dad2-4aeb-896d-adcefae6f18a.jpg 1280w, https:\/\/morenoprimero.com.ar\/archivo\/wp-content\/uploads\/2020\/07\/a04f1119-dad2-4aeb-896d-adcefae6f18a-300x170.jpg 300w, https:\/\/morenoprimero.com.ar\/archivo\/wp-content\/uploads\/2020\/07\/a04f1119-dad2-4aeb-896d-adcefae6f18a-1024x579.jpg 1024w, https:\/\/morenoprimero.com.ar\/archivo\/wp-content\/uploads\/2020\/07\/a04f1119-dad2-4aeb-896d-adcefae6f18a-768x434.jpg 768w\" sizes=\"auto, (max-width: 600px) 100vw, 600px\" \/><br><br>Por su parte, Carlos Bianco resalt\u00f3 <em>\u00abPara nada es un fin de la cuarentena. Estamos en el peor momento de la pandemia, tenemos que ser muy cautos y precavidos\u00bb<\/em> y retom\u00f3 la definici\u00f3n de<em> \u00abcuarentena intermitente\u00bb.<\/em><br><br>Bianco inform\u00f3 que los 35 municipios del AMBA volver\u00e1n a fase 3 a partir del pr\u00f3ximo lunes de <em>\u00abmanera escalonada\u00bb<\/em>, manteniendo la restricci\u00f3n para trabajadores esenciales en el transporte p\u00fablico, al igual que la Ciudad de Buenos Aires. Mientras que toda la Provincia continuar\u00e1 trabajando con el sistema de cinco fases.<br><br><img loading=\"lazy\" decoding=\"async\" width=\"600\" height=\"434\" class=\"wp-image-451\" style=\"width: 600px;\" src=\"https:\/\/morenoprimero.com.ar\/wp-content\/uploads\/2020\/07\/9d9e9104-6e1f-4734-9d0d-9e0a3b24980f.jpg\" alt=\"\" srcset=\"https:\/\/morenoprimero.com.ar\/archivo\/wp-content\/uploads\/2020\/07\/9d9e9104-6e1f-4734-9d0d-9e0a3b24980f.jpg 1280w, https:\/\/morenoprimero.com.ar\/archivo\/wp-content\/uploads\/2020\/07\/9d9e9104-6e1f-4734-9d0d-9e0a3b24980f-300x217.jpg 300w, https:\/\/morenoprimero.com.ar\/archivo\/wp-content\/uploads\/2020\/07\/9d9e9104-6e1f-4734-9d0d-9e0a3b24980f-1024x741.jpg 1024w, https:\/\/morenoprimero.com.ar\/archivo\/wp-content\/uploads\/2020\/07\/9d9e9104-6e1f-4734-9d0d-9e0a3b24980f-768x556.jpg 768w\" sizes=\"auto, (max-width: 600px) 100vw, 600px\" \/><br><br>El mi\u00e9rcoles 22 ser\u00e1 el turno de los comercios barriales, incluyendo, los locales textiles, con la particularidad de que deber\u00e1n atender sin ingresos al local y las agencias de juego oficiales. En tanto, el lunes 27 se retomar\u00e1n varias actividades privadas como las peluquer\u00edas, lugares de est\u00e9tica, mudanzas y servicios inmobiliarios, jur\u00eddicos, notariales, de contadur\u00eda y auditor\u00eda. <strong>En lo que respecta al distrito de Moreno las autoridades del Gobierno Municipal pronto anunciar\u00edan la organizaci\u00f3n de la actividad comercial en el distrito donde se prev\u00e9 aperturas con horarios establecidos.<\/strong> <br><br><\/p>\n","protected":false},"excerpt":{"rendered":"<p>Durante el mediod\u00eda el Presidente Alberto Fern\u00e1ndez junto al Gobernador de la Provincia de Buenos Aires Axel Kicillof y el Jefe de Gabinete Horacio Rodr\u00edguez Larreta en la Quinta Presidencial de Olivos comentaron las nuevas medidas del aislamiento social, preventivo &hellip; <a href=\"https:\/\/morenoprimero.com.ar\/archivo\/nueva-cuarentena-intermitente\/\">Sigue leyendo <span class=\"meta-nav\">&rarr;<\/span><\/a><\/p>\n","protected":false},"author":6,"featured_media":0,"comment_status":"open","ping_status":"open","sticky":false,"template":"","format":"standard","meta":{"footnotes":""},"categories":[1],"tags":[],"class_list":["post-398","post","type-post","status-publish","format-standard","hentry","category-sin-categoria"],"_links":{"self":[{"href":"https:\/\/morenoprimero.com.ar\/archivo\/wp-json\/wp\/v2\/posts\/398","targetHints":{"allow":["GET"]}}],"collection":[{"href":"https:\/\/morenoprimero.com.ar\/archivo\/wp-json\/wp\/v2\/posts"}],"about":[{"href":"https:\/\/morenoprimero.com.ar\/archivo\/wp-json\/wp\/v2\/types\/post"}],"author":[{"embeddable":true,"href":"https:\/\/morenoprimero.com.ar\/archivo\/wp-json\/wp\/v2\/users\/6"}],"replies":[{"embeddable":true,"href":"https:\/\/morenoprimero.com.ar\/archivo\/wp-json\/wp\/v2\/comments?post=398"}],"version-history":[{"count":2,"href":"https:\/\/morenoprimero.com.ar\/archivo\/wp-json\/wp\/v2\/posts\/398\/revisions"}],"predecessor-version":[{"id":452,"href":"https:\/\/morenoprimero.com.ar\/archivo\/wp-json\/wp\/v2\/posts\/398\/revisions\/452"}],"wp:attachment":[{"href":"https:\/\/morenoprimero.com.ar\/archivo\/wp-json\/wp\/v2\/media?parent=398"}],"wp:term":[{"taxonomy":"category","embeddable":true,"href":"https:\/\/morenoprimero.com.ar\/archivo\/wp-json\/wp\/v2\/categories?post=398"},{"taxonomy":"post_tag","embeddable":true,"href":"https:\/\/morenoprimero.com.ar\/archivo\/wp-json\/wp\/v2\/tags?post=398"}],"curies":[{"name":"wp","href":"https:\/\/api.w.org\/{rel}","templated":true}]}}