{"id":395,"date":"2020-07-16T15:11:57","date_gmt":"2020-07-16T15:11:57","guid":{"rendered":"https:\/\/morenoprimero.com.ar\/?p=395"},"modified":"2020-07-16T15:11:57","modified_gmt":"2020-07-16T15:11:57","slug":"araceli-bellota-coordinadora-regional-del-ministerio-de-mujeres","status":"publish","type":"post","link":"https:\/\/morenoprimero.com.ar\/archivo\/araceli-bellota-coordinadora-regional-del-ministerio-de-mujeres\/","title":{"rendered":"ARACELI BELLOTA: COORDINADORA REGIONAL DEL MINISTERIO DE MUJERES"},"content":{"rendered":"\n<p>La actual presidenta del Concejo Deliberante de Moreno, Araceli Bellota, historiadora, escritora y periodista argentina fue designada como Coordinadora Regional de la Primera Secci\u00f3n Electoral del Ministerio de Mujeres, Pol\u00edticas de G\u00e9nero y Diversidad.<\/p>\n\n\n\n<p>Este nuevo rol tiene como finalidad \u00abDesarrollar <strong>pol\u00edticas integrales<\/strong> para la plena igualdad jur\u00eddica, social, econ\u00f3mica, laboral, pol\u00edtica y cultural entre los g\u00e9neros. Transversalizamos el enfoque de g\u00e9nero en el Estado provincial. Trabajamos para la <strong>prevenci\u00f3n y erradicaci\u00f3n de la violencia por razones de g\u00e9nero<\/strong>\u00ab.<\/p>\n\n\n\n<p>Esta designaci\u00f3n refleja la importancia de que las mujeres est\u00e9n en espacios de toma de decisiones y se contin\u00fae en el camino de la <strong>igualdad<\/strong>, tambi\u00e9n en la pol\u00edtica. &nbsp;<\/p>\n","protected":false},"excerpt":{"rendered":"<p>La actual presidenta del Concejo Deliberante de Moreno, Araceli Bellota, historiadora, escritora y periodista argentina fue designada como Coordinadora Regional de la Primera Secci\u00f3n Electoral del Ministerio de Mujeres, Pol\u00edticas de G\u00e9nero y Diversidad. Este nuevo rol tiene como finalidad &hellip; <a href=\"https:\/\/morenoprimero.com.ar\/archivo\/araceli-bellota-coordinadora-regional-del-ministerio-de-mujeres\/\">Sigue leyendo <span class=\"meta-nav\">&rarr;<\/span><\/a><\/p>\n","protected":false},"author":6,"featured_media":405,"comment_status":"open","ping_status":"open","sticky":false,"template":"","format":"standard","meta":{"footnotes":""},"categories":[3,21,27],"tags":[212,205,211,210],"class_list":["post-395","post","type-post","status-publish","format-standard","has-post-thumbnail","hentry","category-importantes","category-interes-general","category-politica","tag-funcionpublica","tag-genero-2","tag-igualdad","tag-politica"],"_links":{"self":[{"href":"https:\/\/morenoprimero.com.ar\/archivo\/wp-json\/wp\/v2\/posts\/395","targetHints":{"allow":["GET"]}}],"collection":[{"href":"https:\/\/morenoprimero.com.ar\/archivo\/wp-json\/wp\/v2\/posts"}],"about":[{"href":"https:\/\/morenoprimero.com.ar\/archivo\/wp-json\/wp\/v2\/types\/post"}],"author":[{"embeddable":true,"href":"https:\/\/morenoprimero.com.ar\/archivo\/wp-json\/wp\/v2\/users\/6"}],"replies":[{"embeddable":true,"href":"https:\/\/morenoprimero.com.ar\/archivo\/wp-json\/wp\/v2\/comments?post=395"}],"version-history":[{"count":2,"href":"https:\/\/morenoprimero.com.ar\/archivo\/wp-json\/wp\/v2\/posts\/395\/revisions"}],"predecessor-version":[{"id":406,"href":"https:\/\/morenoprimero.com.ar\/archivo\/wp-json\/wp\/v2\/posts\/395\/revisions\/406"}],"wp:featuredmedia":[{"embeddable":true,"href":"https:\/\/morenoprimero.com.ar\/archivo\/wp-json\/wp\/v2\/media\/405"}],"wp:attachment":[{"href":"https:\/\/morenoprimero.com.ar\/archivo\/wp-json\/wp\/v2\/media?parent=395"}],"wp:term":[{"taxonomy":"category","embeddable":true,"href":"https:\/\/morenoprimero.com.ar\/archivo\/wp-json\/wp\/v2\/categories?post=395"},{"taxonomy":"post_tag","embeddable":true,"href":"https:\/\/morenoprimero.com.ar\/archivo\/wp-json\/wp\/v2\/tags?post=395"}],"curies":[{"name":"wp","href":"https:\/\/api.w.org\/{rel}","templated":true}]}}