{"id":3936,"date":"2020-10-15T14:01:33","date_gmt":"2020-10-15T14:01:33","guid":{"rendered":"https:\/\/morenoprimero.com.ar\/?p=3936"},"modified":"2020-10-15T14:01:33","modified_gmt":"2020-10-15T14:01:33","slug":"araceli-bellotta-gano-el-premio-democracia-de-caras-y-caretas-2020","status":"publish","type":"post","link":"https:\/\/morenoprimero.com.ar\/archivo\/araceli-bellotta-gano-el-premio-democracia-de-caras-y-caretas-2020\/","title":{"rendered":"ARACELI BELLOTTA GAN\u00d3 EL PREMIO DEMOCRACIA DE CARAS Y CARETAS 2020"},"content":{"rendered":"\n<h4 class=\"wp-block-heading\"><strong>En su 12\u00b0 edici\u00f3n, Caras y Caretas premi\u00f3 a la presidenta del Honorable Concejo Deliberante de Moreno, en el rubro Pensamiento Argentino.<\/strong><\/h4>\n\n\n\n<figure class=\"wp-block-image size-large\"><img loading=\"lazy\" decoding=\"async\" width=\"1024\" height=\"683\" src=\"https:\/\/morenoprimero.com.ar\/wp-content\/uploads\/2020\/10\/AraceliBellota-1024x683.jpg\" alt=\"\" class=\"wp-image-3948\" srcset=\"https:\/\/morenoprimero.com.ar\/archivo\/wp-content\/uploads\/2020\/10\/AraceliBellota-1024x683.jpg 1024w, https:\/\/morenoprimero.com.ar\/archivo\/wp-content\/uploads\/2020\/10\/AraceliBellota-300x200.jpg 300w, https:\/\/morenoprimero.com.ar\/archivo\/wp-content\/uploads\/2020\/10\/AraceliBellota-768x512.jpg 768w, https:\/\/morenoprimero.com.ar\/archivo\/wp-content\/uploads\/2020\/10\/AraceliBellota-1536x1024.jpg 1536w, https:\/\/morenoprimero.com.ar\/archivo\/wp-content\/uploads\/2020\/10\/AraceliBellota.jpg 2048w\" sizes=\"auto, (max-width: 1024px) 100vw, 1024px\" \/><\/figure>\n\n\n\n<p>Araceli Bellota es historiadora, escritora y periodista argentina, que se caracteriz\u00f3 por orientar su obra a rescatar el papel de las mujeres en la historia. Es autora de libros como <strong>\u00abLos amores de Yrigoyen\u00bb y \u00abLas mujeres de Per\u00f3n y Eva y Cristina: la raz\u00f3n de sus vidas\u00bb<\/strong>. Fue directora del <strong>Complejo Museogr\u00e1fico Provincial Enrique Udaondo<\/strong>. En 2013 fue designada directora del <strong>Museo Hist\u00f3rico Nacional<\/strong> y en 2014 como <strong>Directora Nacional de Patrimonio y Museos<\/strong>. Fue vicepresidenta del Instituto Manuel Dorrego y actualmente es presidenta del <strong>Concejo Deliberante de Moreno. <\/strong><\/p>\n\n\n\n<p>La escritora p\u00fablic\u00f3 en su red social Facebook un agradecimiento a todas y todos los que la acompa\u00f1aron.<\/p>\n\n\n\n<figure class=\"wp-block-image size-large\"><img loading=\"lazy\" decoding=\"async\" width=\"480\" height=\"689\" src=\"https:\/\/morenoprimero.com.ar\/wp-content\/uploads\/2020\/10\/WhatsApp-Image-2020-10-14-at-14.24.28.jpeg\" alt=\"\" class=\"wp-image-3949\" srcset=\"https:\/\/morenoprimero.com.ar\/archivo\/wp-content\/uploads\/2020\/10\/WhatsApp-Image-2020-10-14-at-14.24.28.jpeg 480w, https:\/\/morenoprimero.com.ar\/archivo\/wp-content\/uploads\/2020\/10\/WhatsApp-Image-2020-10-14-at-14.24.28-209x300.jpeg 209w\" sizes=\"auto, (max-width: 480px) 100vw, 480px\" \/><\/figure>\n\n\n\n<p><\/p>\n\n\n\n<p><\/p>\n","protected":false},"excerpt":{"rendered":"<p>En su 12\u00b0 edici\u00f3n, Caras y Caretas premi\u00f3 a la presidenta del Honorable Concejo Deliberante de Moreno, en el rubro Pensamiento Argentino. Araceli Bellota es historiadora, escritora y periodista argentina, que se caracteriz\u00f3 por orientar su obra a rescatar el &hellip; <a href=\"https:\/\/morenoprimero.com.ar\/archivo\/araceli-bellotta-gano-el-premio-democracia-de-caras-y-caretas-2020\/\">Sigue leyendo <span class=\"meta-nav\">&rarr;<\/span><\/a><\/p>\n","protected":false},"author":6,"featured_media":3952,"comment_status":"open","ping_status":"open","sticky":false,"template":"","format":"standard","meta":{"footnotes":""},"categories":[5,20],"tags":[900,899],"class_list":["post-3936","post","type-post","status-publish","format-standard","has-post-thumbnail","hentry","category-recomendadas","category-sociedad","tag-araceli-bellotta","tag-caras-y-caretas"],"_links":{"self":[{"href":"https:\/\/morenoprimero.com.ar\/archivo\/wp-json\/wp\/v2\/posts\/3936","targetHints":{"allow":["GET"]}}],"collection":[{"href":"https:\/\/morenoprimero.com.ar\/archivo\/wp-json\/wp\/v2\/posts"}],"about":[{"href":"https:\/\/morenoprimero.com.ar\/archivo\/wp-json\/wp\/v2\/types\/post"}],"author":[{"embeddable":true,"href":"https:\/\/morenoprimero.com.ar\/archivo\/wp-json\/wp\/v2\/users\/6"}],"replies":[{"embeddable":true,"href":"https:\/\/morenoprimero.com.ar\/archivo\/wp-json\/wp\/v2\/comments?post=3936"}],"version-history":[{"count":3,"href":"https:\/\/morenoprimero.com.ar\/archivo\/wp-json\/wp\/v2\/posts\/3936\/revisions"}],"predecessor-version":[{"id":3953,"href":"https:\/\/morenoprimero.com.ar\/archivo\/wp-json\/wp\/v2\/posts\/3936\/revisions\/3953"}],"wp:featuredmedia":[{"embeddable":true,"href":"https:\/\/morenoprimero.com.ar\/archivo\/wp-json\/wp\/v2\/media\/3952"}],"wp:attachment":[{"href":"https:\/\/morenoprimero.com.ar\/archivo\/wp-json\/wp\/v2\/media?parent=3936"}],"wp:term":[{"taxonomy":"category","embeddable":true,"href":"https:\/\/morenoprimero.com.ar\/archivo\/wp-json\/wp\/v2\/categories?post=3936"},{"taxonomy":"post_tag","embeddable":true,"href":"https:\/\/morenoprimero.com.ar\/archivo\/wp-json\/wp\/v2\/tags?post=3936"}],"curies":[{"name":"wp","href":"https:\/\/api.w.org\/{rel}","templated":true}]}}