{"id":3929,"date":"2020-10-14T16:36:48","date_gmt":"2020-10-14T16:36:48","guid":{"rendered":"https:\/\/morenoprimero.com.ar\/?p=3929"},"modified":"2020-10-14T16:36:48","modified_gmt":"2020-10-14T16:36:48","slug":"finalizo-la-obra-del-centro-de-salud-reja-grande","status":"publish","type":"post","link":"https:\/\/morenoprimero.com.ar\/archivo\/finalizo-la-obra-del-centro-de-salud-reja-grande\/","title":{"rendered":"FINALIZ\u00d3 LA OBRA DEL CENTRO DE SALUD \u00abREJA GRANDE\u00bb"},"content":{"rendered":"\n<h4 class=\"wp-block-heading\"><strong>Los trabajos formaron parte del plan del gobierno bonaerense de robustecer el sistema sanitario a ra\u00edz de la pandemia de COVID-19.<\/strong><\/h4>\n\n\n\n<figure class=\"wp-block-image size-large\"><img loading=\"lazy\" decoding=\"async\" width=\"700\" height=\"467\" src=\"https:\/\/morenoprimero.com.ar\/wp-content\/uploads\/2020\/10\/9-de-octubre-Reja-Grande-1.jpg\" alt=\"\" class=\"wp-image-3930\" srcset=\"https:\/\/morenoprimero.com.ar\/archivo\/wp-content\/uploads\/2020\/10\/9-de-octubre-Reja-Grande-1.jpg 700w, https:\/\/morenoprimero.com.ar\/archivo\/wp-content\/uploads\/2020\/10\/9-de-octubre-Reja-Grande-1-300x200.jpg 300w\" sizes=\"auto, (max-width: 700px) 100vw, 700px\" \/><\/figure>\n\n\n\n<p><strong>El Ministerio de Infraestructura y Servicios P\u00fablicos de la Provincia finaliz\u00f3 la obra del Centro de Atenci\u00f3n Primaria de la Salud (CAPS) \u201cReja Grande\u201d en el municipio de Moreno,<\/strong> en el marco de la decisi\u00f3n del gobierno de Axel Kicillof de fortalecer el sistema sanitario a ra\u00edz de la pandemia de COVID-19.<\/p>\n\n\n\n<p>Los trabajos comprendieron la ampliaci\u00f3n del establecimiento, con la construcci\u00f3n de un <strong>Sal\u00f3n de Usos M\u00faltiples<\/strong> (SUM),&nbsp;<strong>consultorios, sala de administraci\u00f3n, farmacia, vacunatorio, enfermer\u00eda, office y ba\u00f1os para personas con discapacidades.<\/strong><\/p>\n\n\n\n<p>Al mismo tiempo, <strong>se entreg\u00f3 el mobiliario necesario para el funcionamiento y se instalaron equipos de aire acondicionado fr\u00edo\/calor<\/strong>. Tambi\u00e9n se materializaron cielorrasos tipo \u201cDurlock\u201d, instalaciones sanitarias y el\u00e9ctricas embutidas, revestimiento cer\u00e1mico en locales sanitarios y sobremesada, sumado a pisos de porcelanato.<\/p>\n\n\n\n<p>Por \u00faltimo, <strong>se equip\u00f3 al establecimiento con una red informatizada para historia cl\u00ednica online, se\u00f1al\u00e9tica interior y exterior, e instalaci\u00f3n de matafuegos para combate inicial de incendios.<\/strong><\/p>\n","protected":false},"excerpt":{"rendered":"<p>Los trabajos formaron parte del plan del gobierno bonaerense de robustecer el sistema sanitario a ra\u00edz de la pandemia de COVID-19. El Ministerio de Infraestructura y Servicios P\u00fablicos de la Provincia finaliz\u00f3 la obra del Centro de Atenci\u00f3n Primaria de &hellip; <a href=\"https:\/\/morenoprimero.com.ar\/archivo\/finalizo-la-obra-del-centro-de-salud-reja-grande\/\">Sigue leyendo <span class=\"meta-nav\">&rarr;<\/span><\/a><\/p>\n","protected":false},"author":6,"featured_media":3930,"comment_status":"open","ping_status":"open","sticky":false,"template":"","format":"standard","meta":{"footnotes":""},"categories":[5,536,20],"tags":[60,895],"class_list":["post-3929","post","type-post","status-publish","format-standard","has-post-thumbnail","hentry","category-recomendadas","category-salud","category-sociedad","tag-provincia-de-buenos-aires","tag-reja-grande"],"_links":{"self":[{"href":"https:\/\/morenoprimero.com.ar\/archivo\/wp-json\/wp\/v2\/posts\/3929","targetHints":{"allow":["GET"]}}],"collection":[{"href":"https:\/\/morenoprimero.com.ar\/archivo\/wp-json\/wp\/v2\/posts"}],"about":[{"href":"https:\/\/morenoprimero.com.ar\/archivo\/wp-json\/wp\/v2\/types\/post"}],"author":[{"embeddable":true,"href":"https:\/\/morenoprimero.com.ar\/archivo\/wp-json\/wp\/v2\/users\/6"}],"replies":[{"embeddable":true,"href":"https:\/\/morenoprimero.com.ar\/archivo\/wp-json\/wp\/v2\/comments?post=3929"}],"version-history":[{"count":2,"href":"https:\/\/morenoprimero.com.ar\/archivo\/wp-json\/wp\/v2\/posts\/3929\/revisions"}],"predecessor-version":[{"id":3940,"href":"https:\/\/morenoprimero.com.ar\/archivo\/wp-json\/wp\/v2\/posts\/3929\/revisions\/3940"}],"wp:featuredmedia":[{"embeddable":true,"href":"https:\/\/morenoprimero.com.ar\/archivo\/wp-json\/wp\/v2\/media\/3930"}],"wp:attachment":[{"href":"https:\/\/morenoprimero.com.ar\/archivo\/wp-json\/wp\/v2\/media?parent=3929"}],"wp:term":[{"taxonomy":"category","embeddable":true,"href":"https:\/\/morenoprimero.com.ar\/archivo\/wp-json\/wp\/v2\/categories?post=3929"},{"taxonomy":"post_tag","embeddable":true,"href":"https:\/\/morenoprimero.com.ar\/archivo\/wp-json\/wp\/v2\/tags?post=3929"}],"curies":[{"name":"wp","href":"https:\/\/api.w.org\/{rel}","templated":true}]}}