{"id":39097,"date":"2023-05-29T16:58:43","date_gmt":"2023-05-29T19:58:43","guid":{"rendered":"https:\/\/morenoprimero.com.ar\/?p=39097"},"modified":"2023-05-29T16:58:43","modified_gmt":"2023-05-29T19:58:43","slug":"testeos-gratuitos-de-vih-y-sifilis","status":"publish","type":"post","link":"https:\/\/morenoprimero.com.ar\/archivo\/testeos-gratuitos-de-vih-y-sifilis\/","title":{"rendered":"Testeos gratuitos de VIH y S\u00edfilis"},"content":{"rendered":"\n<p>Con el objetivo de detectar en forma temprana casos de VIH y S\u00edfilis, el Municipio de Moreno, a trav\u00e9s de la Secretar\u00eda de Salud y Ambiente, aument\u00f3 exponencialmente la cantidad de testeos r\u00e1pidos que se realizan de forma voluntaria, confidencial y gratuita.<\/p>\n\n\n\n<p>Durante el 2021, el gobierno local comenz\u00f3 a descentralizar los testeos de VIH y S\u00edfilis, y llev\u00f3 adelante jornadas de pruebas gratuitas en actividades territoriales. A su vez, se crearon los Centros de Prevenci\u00f3n, Asesor\u00eda y Testeos (CePAT) de VIH y S\u00edfilis en todas las Unidades Sanitarias del Municipio.<\/p>\n\n\n\n<p>Los CePAT ofrecen sus servicios a todas las personas que tengan dudas o inquietudes sobre la tem\u00e1tica del VIH y\/o s\u00edfilis, o que quieran conocer su estado serol\u00f3gico con respecto a estos padecimientos.<\/p>\n\n\n\n<p>Gracias a esta iniciativa, los testeos de VIH incrementaron un 64% y los de S\u00edfilis en un 60% durante el a\u00f1o 2022. Llegando de esta manera a un total de m\u00e1s de 10.000 muestras por a\u00f1o. Por otra parte, en lo que va del 2023, ya se realizaron m\u00e1s de 1.870 testeos en el municipio.<\/p>\n\n\n\n<p>El testeo se lleva adelante de forma inmediata en el momento de la consulta, mediante una punci\u00f3n digital, y el resultado se obtiene a los 15 minutos de haberlo realizado. Las personas que acceden a los ex\u00e1menes son acompa\u00f1adas con asesoramiento por parte del equipo m\u00e9dico, quien les brindar\u00e1 la informaci\u00f3n correspondiente sobre las medidas de cuidado del cuerpo y su salud en general.<\/p>\n\n\n\n<p><strong>Centro de Enfermedades Transmisibles<\/strong><\/p>\n\n\n\n<p>D\u00edas y horarios de atenci\u00f3n:<\/p>\n\n\n\n<p>Lunes a viernes de 8 a 17 horas<\/p>\n\n\n\n<p>(0237-4669210) Interno: 2023<\/p>\n\n\n\n<p>WhatsApp: 01138071827<\/p>\n\n\n\n<p>Av. Del Libertador 751, Polo de Salud, Pabell\u00f3n F.<\/p>\n\n\n\n<p>Mail: <a href=\"mailto:centroetsmoreno@gmail.com\">centroetsmoreno@gmail.com<\/a><\/p>\n\n\n\n<figure class=\"wp-block-gallery has-nested-images columns-default is-cropped wp-block-gallery-1 is-layout-flex wp-block-gallery-is-layout-flex\">\n<figure class=\"wp-block-image size-large\"><a href=\"https:\/\/morenoprimero.com.ar\/wp-content\/uploads\/2023\/05\/JORNADA-SALUD-POLO-SANITARIO007-scaled.jpg\"><img loading=\"lazy\" decoding=\"async\" width=\"1024\" height=\"683\" data-id=\"39102\" src=\"https:\/\/morenoprimero.com.ar\/wp-content\/uploads\/2023\/05\/JORNADA-SALUD-POLO-SANITARIO007-1024x683.jpg\" alt=\"\" class=\"wp-image-39102\" srcset=\"https:\/\/morenoprimero.com.ar\/archivo\/wp-content\/uploads\/2023\/05\/JORNADA-SALUD-POLO-SANITARIO007-1024x683.jpg 1024w, https:\/\/morenoprimero.com.ar\/archivo\/wp-content\/uploads\/2023\/05\/JORNADA-SALUD-POLO-SANITARIO007-300x200.jpg 300w, https:\/\/morenoprimero.com.ar\/archivo\/wp-content\/uploads\/2023\/05\/JORNADA-SALUD-POLO-SANITARIO007-768x512.jpg 768w, https:\/\/morenoprimero.com.ar\/archivo\/wp-content\/uploads\/2023\/05\/JORNADA-SALUD-POLO-SANITARIO007-1536x1025.jpg 1536w, https:\/\/morenoprimero.com.ar\/archivo\/wp-content\/uploads\/2023\/05\/JORNADA-SALUD-POLO-SANITARIO007-2048x1366.jpg 2048w\" sizes=\"auto, (max-width: 1024px) 100vw, 1024px\" \/><\/a><\/figure>\n\n\n\n<figure class=\"wp-block-image size-large\"><a href=\"https:\/\/morenoprimero.com.ar\/wp-content\/uploads\/2023\/05\/TEST-VIH-020-scaled.jpg\"><img loading=\"lazy\" decoding=\"async\" width=\"1024\" height=\"683\" data-id=\"39101\" src=\"https:\/\/morenoprimero.com.ar\/wp-content\/uploads\/2023\/05\/TEST-VIH-020-1024x683.jpg\" alt=\"\" class=\"wp-image-39101\" srcset=\"https:\/\/morenoprimero.com.ar\/archivo\/wp-content\/uploads\/2023\/05\/TEST-VIH-020-1024x683.jpg 1024w, https:\/\/morenoprimero.com.ar\/archivo\/wp-content\/uploads\/2023\/05\/TEST-VIH-020-300x200.jpg 300w, https:\/\/morenoprimero.com.ar\/archivo\/wp-content\/uploads\/2023\/05\/TEST-VIH-020-768x512.jpg 768w, https:\/\/morenoprimero.com.ar\/archivo\/wp-content\/uploads\/2023\/05\/TEST-VIH-020-1536x1024.jpg 1536w, https:\/\/morenoprimero.com.ar\/archivo\/wp-content\/uploads\/2023\/05\/TEST-VIH-020-2048x1365.jpg 2048w\" sizes=\"auto, (max-width: 1024px) 100vw, 1024px\" \/><\/a><\/figure>\n\n\n\n<figure class=\"wp-block-image size-large\"><a href=\"https:\/\/morenoprimero.com.ar\/wp-content\/uploads\/2023\/05\/TEST-VIH-013-scaled.jpg\"><img loading=\"lazy\" decoding=\"async\" width=\"1024\" height=\"683\" data-id=\"39100\" src=\"https:\/\/morenoprimero.com.ar\/wp-content\/uploads\/2023\/05\/TEST-VIH-013-1024x683.jpg\" alt=\"\" class=\"wp-image-39100\" srcset=\"https:\/\/morenoprimero.com.ar\/archivo\/wp-content\/uploads\/2023\/05\/TEST-VIH-013-1024x683.jpg 1024w, https:\/\/morenoprimero.com.ar\/archivo\/wp-content\/uploads\/2023\/05\/TEST-VIH-013-300x200.jpg 300w, https:\/\/morenoprimero.com.ar\/archivo\/wp-content\/uploads\/2023\/05\/TEST-VIH-013-768x512.jpg 768w, https:\/\/morenoprimero.com.ar\/archivo\/wp-content\/uploads\/2023\/05\/TEST-VIH-013-1536x1024.jpg 1536w, https:\/\/morenoprimero.com.ar\/archivo\/wp-content\/uploads\/2023\/05\/TEST-VIH-013-2048x1365.jpg 2048w\" sizes=\"auto, (max-width: 1024px) 100vw, 1024px\" \/><\/a><\/figure>\n<\/figure>\n","protected":false},"excerpt":{"rendered":"<p>Con el objetivo de detectar en forma temprana casos de VIH y S\u00edfilis, el Municipio de Moreno, a trav\u00e9s de la Secretar\u00eda de Salud y Ambiente, aument\u00f3 exponencialmente la cantidad de testeos r\u00e1pidos que se realizan de forma voluntaria, confidencial &hellip; <a href=\"https:\/\/morenoprimero.com.ar\/archivo\/testeos-gratuitos-de-vih-y-sifilis\/\">Sigue leyendo <span class=\"meta-nav\">&rarr;<\/span><\/a><\/p>\n","protected":false},"author":6,"featured_media":39099,"comment_status":"closed","ping_status":"closed","sticky":false,"template":"","format":"standard","meta":{"footnotes":""},"categories":[2328],"tags":[4642,4095,4641],"class_list":["post-39097","post","type-post","status-publish","format-standard","has-post-thumbnail","hentry","category-local","tag-cepat","tag-secretaria-de-salud-y-ambiente","tag-testeos-vih-y-sifilis"],"_links":{"self":[{"href":"https:\/\/morenoprimero.com.ar\/archivo\/wp-json\/wp\/v2\/posts\/39097","targetHints":{"allow":["GET"]}}],"collection":[{"href":"https:\/\/morenoprimero.com.ar\/archivo\/wp-json\/wp\/v2\/posts"}],"about":[{"href":"https:\/\/morenoprimero.com.ar\/archivo\/wp-json\/wp\/v2\/types\/post"}],"author":[{"embeddable":true,"href":"https:\/\/morenoprimero.com.ar\/archivo\/wp-json\/wp\/v2\/users\/6"}],"replies":[{"embeddable":true,"href":"https:\/\/morenoprimero.com.ar\/archivo\/wp-json\/wp\/v2\/comments?post=39097"}],"version-history":[{"count":3,"href":"https:\/\/morenoprimero.com.ar\/archivo\/wp-json\/wp\/v2\/posts\/39097\/revisions"}],"predecessor-version":[{"id":39158,"href":"https:\/\/morenoprimero.com.ar\/archivo\/wp-json\/wp\/v2\/posts\/39097\/revisions\/39158"}],"wp:featuredmedia":[{"embeddable":true,"href":"https:\/\/morenoprimero.com.ar\/archivo\/wp-json\/wp\/v2\/media\/39099"}],"wp:attachment":[{"href":"https:\/\/morenoprimero.com.ar\/archivo\/wp-json\/wp\/v2\/media?parent=39097"}],"wp:term":[{"taxonomy":"category","embeddable":true,"href":"https:\/\/morenoprimero.com.ar\/archivo\/wp-json\/wp\/v2\/categories?post=39097"},{"taxonomy":"post_tag","embeddable":true,"href":"https:\/\/morenoprimero.com.ar\/archivo\/wp-json\/wp\/v2\/tags?post=39097"}],"curies":[{"name":"wp","href":"https:\/\/api.w.org\/{rel}","templated":true}]}}