{"id":39058,"date":"2023-05-29T13:59:06","date_gmt":"2023-05-29T16:59:06","guid":{"rendered":"https:\/\/morenoprimero.com.ar\/?p=39058"},"modified":"2023-05-29T13:59:07","modified_gmt":"2023-05-29T16:59:07","slug":"moreno-rockeo-en-la-lucille","status":"publish","type":"post","link":"https:\/\/morenoprimero.com.ar\/archivo\/moreno-rockeo-en-la-lucille\/","title":{"rendered":"Moreno rocke\u00f3 en la Lucille"},"content":{"rendered":"\n<p>El Municipio de Moreno, a trav\u00e9s de la Casa de la M\u00fasica en conjunto con el apoyo de la Subsecretar\u00eda de Cultura, realiz\u00f3 el pasado mi\u00e9rcoles 17 de mayo una nueva edici\u00f3n de Moreno Rockea en la Lucille Bar, ubicado en la Ciudad Aut\u00f3noma de Buenos Aires. Desde Moreno Primero dialogamos con Martin Figini, coordinador de la Plaza Rockea, qui\u00e9n nos expres\u00f3: \u00abLa experiencia fue muy buena. Se logr\u00f3 hacer posible que bandas del under puedan llegar a esos escenarios que normalmente son inalcanzables para bandas de no gran convocatoria\u00bb. <\/p>\n\n\n\n<p>El pasado mi\u00e9rcoles 17, a partir de las 7 de la tarde, 10 bandas morenenses se presentaron en el escenario de la Lucille Bar, brindando una noche a puro rock. <\/p>\n\n\n\n<p>En dialogo con el coordinador de la Plaza Rockea, Mart\u00edn Figini dijo: <strong>\u00abLa experiencia de Lucille fue muy buena, ya que desde la organizaci\u00f3n por medio de Sergio Vall (baterista de los violadores) y Xprostore Argentina, y desde la Subsecretar\u00eda de Cultura municipal, que pusieron a disposici\u00f3n de los m\u00fasicos y sus invitados micros para su traslado, lograron hacer posible que bandas del under puedan llegar a esos escenarios que normalmente son inalcanzables para bandas de poca convocatoria\u00bb<\/strong>.<\/p>\n\n\n\n<p><strong>\u00abLa importancia de haber tocado ah\u00ed es la exposici\u00f3n ante un p\u00fablico nuevo que quiz\u00e1s nunca los hubiera escuchado de otra manera y tambi\u00e9n ver como se desenvuelve una banda under en un escenario con esa puesta en escena\u00bb<\/strong>, afirm\u00f3 Figini.<\/p>\n\n\n\n<figure class=\"wp-block-gallery has-nested-images columns-default is-cropped wp-block-gallery-1 is-layout-flex wp-block-gallery-is-layout-flex\">\n<figure class=\"wp-block-image size-large\"><a href=\"https:\/\/morenoprimero.com.ar\/wp-content\/uploads\/2023\/05\/WhatsApp-Image-2023-05-24-at-12.20.15.jpeg\"><img loading=\"lazy\" decoding=\"async\" width=\"892\" height=\"1024\" data-id=\"39076\" src=\"https:\/\/morenoprimero.com.ar\/wp-content\/uploads\/2023\/05\/WhatsApp-Image-2023-05-24-at-12.20.15.jpeg\" alt=\"\" class=\"wp-image-39076\" srcset=\"https:\/\/morenoprimero.com.ar\/archivo\/wp-content\/uploads\/2023\/05\/WhatsApp-Image-2023-05-24-at-12.20.15.jpeg 892w, https:\/\/morenoprimero.com.ar\/archivo\/wp-content\/uploads\/2023\/05\/WhatsApp-Image-2023-05-24-at-12.20.15-261x300.jpeg 261w, https:\/\/morenoprimero.com.ar\/archivo\/wp-content\/uploads\/2023\/05\/WhatsApp-Image-2023-05-24-at-12.20.15-768x882.jpeg 768w\" sizes=\"auto, (max-width: 892px) 100vw, 892px\" \/><\/a><\/figure>\n\n\n\n<figure class=\"wp-block-image size-large\"><a href=\"https:\/\/morenoprimero.com.ar\/wp-content\/uploads\/2023\/05\/WhatsApp-Image-2023-05-24-at-12.20.14-2.jpeg\"><img loading=\"lazy\" decoding=\"async\" width=\"892\" height=\"1024\" data-id=\"39078\" src=\"https:\/\/morenoprimero.com.ar\/wp-content\/uploads\/2023\/05\/WhatsApp-Image-2023-05-24-at-12.20.14-2.jpeg\" alt=\"\" class=\"wp-image-39078\" srcset=\"https:\/\/morenoprimero.com.ar\/archivo\/wp-content\/uploads\/2023\/05\/WhatsApp-Image-2023-05-24-at-12.20.14-2.jpeg 892w, https:\/\/morenoprimero.com.ar\/archivo\/wp-content\/uploads\/2023\/05\/WhatsApp-Image-2023-05-24-at-12.20.14-2-261x300.jpeg 261w, https:\/\/morenoprimero.com.ar\/archivo\/wp-content\/uploads\/2023\/05\/WhatsApp-Image-2023-05-24-at-12.20.14-2-768x882.jpeg 768w\" sizes=\"auto, (max-width: 892px) 100vw, 892px\" \/><\/a><\/figure>\n\n\n\n<figure class=\"wp-block-image size-large\"><a href=\"https:\/\/morenoprimero.com.ar\/wp-content\/uploads\/2023\/05\/WhatsApp-Image-2023-05-24-at-12.20.14-1.jpeg\"><img loading=\"lazy\" decoding=\"async\" width=\"892\" height=\"1024\" data-id=\"39077\" src=\"https:\/\/morenoprimero.com.ar\/wp-content\/uploads\/2023\/05\/WhatsApp-Image-2023-05-24-at-12.20.14-1.jpeg\" alt=\"\" class=\"wp-image-39077\" srcset=\"https:\/\/morenoprimero.com.ar\/archivo\/wp-content\/uploads\/2023\/05\/WhatsApp-Image-2023-05-24-at-12.20.14-1.jpeg 892w, https:\/\/morenoprimero.com.ar\/archivo\/wp-content\/uploads\/2023\/05\/WhatsApp-Image-2023-05-24-at-12.20.14-1-261x300.jpeg 261w, https:\/\/morenoprimero.com.ar\/archivo\/wp-content\/uploads\/2023\/05\/WhatsApp-Image-2023-05-24-at-12.20.14-1-768x882.jpeg 768w\" sizes=\"auto, (max-width: 892px) 100vw, 892px\" \/><\/a><\/figure>\n\n\n\n<figure class=\"wp-block-image size-large\"><a href=\"https:\/\/morenoprimero.com.ar\/wp-content\/uploads\/2023\/05\/WhatsApp-Image-2023-05-24-at-12.20.14.jpeg\"><img loading=\"lazy\" decoding=\"async\" width=\"894\" height=\"1024\" data-id=\"39079\" src=\"https:\/\/morenoprimero.com.ar\/wp-content\/uploads\/2023\/05\/WhatsApp-Image-2023-05-24-at-12.20.14.jpeg\" alt=\"\" class=\"wp-image-39079\" srcset=\"https:\/\/morenoprimero.com.ar\/archivo\/wp-content\/uploads\/2023\/05\/WhatsApp-Image-2023-05-24-at-12.20.14.jpeg 894w, https:\/\/morenoprimero.com.ar\/archivo\/wp-content\/uploads\/2023\/05\/WhatsApp-Image-2023-05-24-at-12.20.14-262x300.jpeg 262w, https:\/\/morenoprimero.com.ar\/archivo\/wp-content\/uploads\/2023\/05\/WhatsApp-Image-2023-05-24-at-12.20.14-768x880.jpeg 768w\" sizes=\"auto, (max-width: 894px) 100vw, 894px\" \/><\/a><\/figure>\n<\/figure>\n\n\n\n<p><\/p>\n\n\n\n<p>En relaci\u00f3n a c\u00f3mo surgi\u00f3 la iniciativa de tocar en otro escenario que no sea local, devino del planteamiento de que \u00aben Moreno al haber muy pocos lugares para que las bandas puedan tocar y se les hace dificulta el trasladarse a CABA,  se nos ocurri\u00f3 desde la Casa de la M\u00fasica este proyecto, el cual se lo presentamos a Sergio Vall y le gust\u00f3\u00bb, asegur\u00f3 Mart\u00edn. Y a\u00f1adi\u00f3: \u00abA partir de ah\u00ed, fuimos con el apoyo de Fernando Adorno, director de proyectos culturales, y Homero Salinas, subsecretario de Cultura, que pusieron en mis manos este proyecto. El cual se va a llevar adelante una vez al mes en distintos escenarios de CABA\u00bb. <\/p>\n\n\n\n<p>En el escenario de la Lucille 10 bandas morenenses coparon la noche porte\u00f1a a puro rock: Vieja Nocturna, Bufante, Tricaro, Los Caravaneros, Inadapt\u00e9s, The Housing Rockers, La Casa de Otro Elefante, El Cuento Border, Pescadores y Kathay.<\/p>\n\n\n\n<figure class=\"wp-block-gallery has-nested-images columns-default is-cropped wp-block-gallery-2 is-layout-flex wp-block-gallery-is-layout-flex\">\n<figure class=\"wp-block-image size-large\"><a href=\"https:\/\/morenoprimero.com.ar\/wp-content\/uploads\/2023\/05\/WhatsApp-Image-2023-05-24-at-12.20.14-4.jpeg\"><img loading=\"lazy\" decoding=\"async\" width=\"892\" height=\"1024\" data-id=\"39082\" src=\"https:\/\/morenoprimero.com.ar\/wp-content\/uploads\/2023\/05\/WhatsApp-Image-2023-05-24-at-12.20.14-4.jpeg\" alt=\"\" class=\"wp-image-39082\" srcset=\"https:\/\/morenoprimero.com.ar\/archivo\/wp-content\/uploads\/2023\/05\/WhatsApp-Image-2023-05-24-at-12.20.14-4.jpeg 892w, https:\/\/morenoprimero.com.ar\/archivo\/wp-content\/uploads\/2023\/05\/WhatsApp-Image-2023-05-24-at-12.20.14-4-261x300.jpeg 261w, https:\/\/morenoprimero.com.ar\/archivo\/wp-content\/uploads\/2023\/05\/WhatsApp-Image-2023-05-24-at-12.20.14-4-768x882.jpeg 768w\" sizes=\"auto, (max-width: 892px) 100vw, 892px\" \/><\/a><\/figure>\n\n\n\n<figure class=\"wp-block-image size-large\"><a href=\"https:\/\/morenoprimero.com.ar\/wp-content\/uploads\/2023\/05\/WhatsApp-Image-2023-05-24-at-12.20.14-5.jpeg\"><img loading=\"lazy\" decoding=\"async\" width=\"890\" height=\"1024\" data-id=\"39080\" src=\"https:\/\/morenoprimero.com.ar\/wp-content\/uploads\/2023\/05\/WhatsApp-Image-2023-05-24-at-12.20.14-5.jpeg\" alt=\"\" class=\"wp-image-39080\" srcset=\"https:\/\/morenoprimero.com.ar\/archivo\/wp-content\/uploads\/2023\/05\/WhatsApp-Image-2023-05-24-at-12.20.14-5.jpeg 890w, https:\/\/morenoprimero.com.ar\/archivo\/wp-content\/uploads\/2023\/05\/WhatsApp-Image-2023-05-24-at-12.20.14-5-261x300.jpeg 261w, https:\/\/morenoprimero.com.ar\/archivo\/wp-content\/uploads\/2023\/05\/WhatsApp-Image-2023-05-24-at-12.20.14-5-768x884.jpeg 768w\" sizes=\"auto, (max-width: 890px) 100vw, 890px\" \/><\/a><\/figure>\n\n\n\n<figure class=\"wp-block-image size-large\"><a href=\"https:\/\/morenoprimero.com.ar\/wp-content\/uploads\/2023\/05\/WhatsApp-Image-2023-05-24-at-12.20.14-3.jpeg\"><img loading=\"lazy\" decoding=\"async\" width=\"892\" height=\"1024\" data-id=\"39083\" src=\"https:\/\/morenoprimero.com.ar\/wp-content\/uploads\/2023\/05\/WhatsApp-Image-2023-05-24-at-12.20.14-3.jpeg\" alt=\"\" class=\"wp-image-39083\" srcset=\"https:\/\/morenoprimero.com.ar\/archivo\/wp-content\/uploads\/2023\/05\/WhatsApp-Image-2023-05-24-at-12.20.14-3.jpeg 892w, https:\/\/morenoprimero.com.ar\/archivo\/wp-content\/uploads\/2023\/05\/WhatsApp-Image-2023-05-24-at-12.20.14-3-261x300.jpeg 261w, https:\/\/morenoprimero.com.ar\/archivo\/wp-content\/uploads\/2023\/05\/WhatsApp-Image-2023-05-24-at-12.20.14-3-768x882.jpeg 768w\" sizes=\"auto, (max-width: 892px) 100vw, 892px\" \/><\/a><\/figure>\n\n\n\n<figure class=\"wp-block-image size-large\"><a href=\"https:\/\/morenoprimero.com.ar\/wp-content\/uploads\/2023\/05\/WhatsApp-Image-2023-05-24-at-12.20.14-7.jpeg\"><img loading=\"lazy\" decoding=\"async\" width=\"894\" height=\"1024\" data-id=\"39074\" src=\"https:\/\/morenoprimero.com.ar\/wp-content\/uploads\/2023\/05\/WhatsApp-Image-2023-05-24-at-12.20.14-7.jpeg\" alt=\"\" class=\"wp-image-39074\" srcset=\"https:\/\/morenoprimero.com.ar\/archivo\/wp-content\/uploads\/2023\/05\/WhatsApp-Image-2023-05-24-at-12.20.14-7.jpeg 894w, https:\/\/morenoprimero.com.ar\/archivo\/wp-content\/uploads\/2023\/05\/WhatsApp-Image-2023-05-24-at-12.20.14-7-262x300.jpeg 262w, https:\/\/morenoprimero.com.ar\/archivo\/wp-content\/uploads\/2023\/05\/WhatsApp-Image-2023-05-24-at-12.20.14-7-768x880.jpeg 768w\" sizes=\"auto, (max-width: 894px) 100vw, 894px\" \/><\/a><\/figure>\n\n\n\n<figure class=\"wp-block-image size-large\"><a href=\"https:\/\/morenoprimero.com.ar\/wp-content\/uploads\/2023\/05\/WhatsApp-Image-2023-05-24-at-12.20.14-8.jpeg\"><img loading=\"lazy\" decoding=\"async\" width=\"892\" height=\"1024\" data-id=\"39075\" src=\"https:\/\/morenoprimero.com.ar\/wp-content\/uploads\/2023\/05\/WhatsApp-Image-2023-05-24-at-12.20.14-8.jpeg\" alt=\"\" class=\"wp-image-39075\" srcset=\"https:\/\/morenoprimero.com.ar\/archivo\/wp-content\/uploads\/2023\/05\/WhatsApp-Image-2023-05-24-at-12.20.14-8.jpeg 892w, https:\/\/morenoprimero.com.ar\/archivo\/wp-content\/uploads\/2023\/05\/WhatsApp-Image-2023-05-24-at-12.20.14-8-261x300.jpeg 261w, https:\/\/morenoprimero.com.ar\/archivo\/wp-content\/uploads\/2023\/05\/WhatsApp-Image-2023-05-24-at-12.20.14-8-768x882.jpeg 768w\" sizes=\"auto, (max-width: 892px) 100vw, 892px\" \/><\/a><\/figure>\n<\/figure>\n\n\n\n<p><\/p>\n\n\n\n<p> Adem\u00e1s, ya se confirm\u00f3 segunda fecha del recorrido por CABA: el martes 27 de junio se presentar\u00e1n 10 bandas locales a Strummer, ubicado en Palermo.<\/p>\n\n\n\n<p>En cuanto a la recepci\u00f3n del publico \u00abfue muy positiva, como tambi\u00e9n la respuesta de las bandas desenvolvi\u00e9ndose con un compromiso y profesionalismo tremendo\u00bb, coment\u00f3 el coordinador de la Plaza Rockea.<\/p>\n\n\n\n<p>Poder llevar distintas bandas a tocar en otras zonas, dar a conocer a\u00fan m\u00e1s su m\u00fasica y que la gente pueda disfrutar de un show de calidad \u00abrepresenta much\u00edsimo ya que el g\u00e9nero rock est\u00e1 perdiendo su lugar en la escena y de esta manera Moreno dice presente ac\u00e1 estamos, tenemos mucho para decir\u00bb, explicit\u00f3 Figini.<\/p>\n\n\n\n<p>Y finaliz\u00f3 diciendo que \u00abdesde la Casa de la Cultura y la Casa de la M\u00fasica le estamos poniendo mucho foco al rock local para que se pueda recuperar el espacio y la identidad perdida. A su vez, estamos con varios proyectos para que esto suceda: charlas, cl\u00ednicas, recitales, capacitaciones y poniendo a disposici\u00f3n tambi\u00e9n el Estudio Municipal para que puedan grabar sus obras\u00bb. <\/p>\n","protected":false},"excerpt":{"rendered":"<p>El Municipio de Moreno, a trav\u00e9s de la Casa de la M\u00fasica en conjunto con el apoyo de la Subsecretar\u00eda de Cultura, realiz\u00f3 el pasado mi\u00e9rcoles 17 de mayo una nueva edici\u00f3n de Moreno Rockea en la Lucille Bar, ubicado &hellip; <a href=\"https:\/\/morenoprimero.com.ar\/archivo\/moreno-rockeo-en-la-lucille\/\">Sigue leyendo <span class=\"meta-nav\">&rarr;<\/span><\/a><\/p>\n","protected":false},"author":6,"featured_media":39085,"comment_status":"closed","ping_status":"closed","sticky":false,"template":"","format":"standard","meta":{"footnotes":""},"categories":[2332],"tags":[4639,4640,4638,4327],"class_list":["post-39058","post","type-post","status-publish","format-standard","has-post-thumbnail","hentry","category-cultura","tag-la-lucille","tag-martin-figini","tag-moreno-rockea","tag-subsecretaria-de-cultura-2"],"_links":{"self":[{"href":"https:\/\/morenoprimero.com.ar\/archivo\/wp-json\/wp\/v2\/posts\/39058","targetHints":{"allow":["GET"]}}],"collection":[{"href":"https:\/\/morenoprimero.com.ar\/archivo\/wp-json\/wp\/v2\/posts"}],"about":[{"href":"https:\/\/morenoprimero.com.ar\/archivo\/wp-json\/wp\/v2\/types\/post"}],"author":[{"embeddable":true,"href":"https:\/\/morenoprimero.com.ar\/archivo\/wp-json\/wp\/v2\/users\/6"}],"replies":[{"embeddable":true,"href":"https:\/\/morenoprimero.com.ar\/archivo\/wp-json\/wp\/v2\/comments?post=39058"}],"version-history":[{"count":2,"href":"https:\/\/morenoprimero.com.ar\/archivo\/wp-json\/wp\/v2\/posts\/39058\/revisions"}],"predecessor-version":[{"id":39084,"href":"https:\/\/morenoprimero.com.ar\/archivo\/wp-json\/wp\/v2\/posts\/39058\/revisions\/39084"}],"wp:featuredmedia":[{"embeddable":true,"href":"https:\/\/morenoprimero.com.ar\/archivo\/wp-json\/wp\/v2\/media\/39085"}],"wp:attachment":[{"href":"https:\/\/morenoprimero.com.ar\/archivo\/wp-json\/wp\/v2\/media?parent=39058"}],"wp:term":[{"taxonomy":"category","embeddable":true,"href":"https:\/\/morenoprimero.com.ar\/archivo\/wp-json\/wp\/v2\/categories?post=39058"},{"taxonomy":"post_tag","embeddable":true,"href":"https:\/\/morenoprimero.com.ar\/archivo\/wp-json\/wp\/v2\/tags?post=39058"}],"curies":[{"name":"wp","href":"https:\/\/api.w.org\/{rel}","templated":true}]}}