{"id":389,"date":"2020-07-16T15:18:34","date_gmt":"2020-07-16T15:18:34","guid":{"rendered":"https:\/\/morenoprimero.com.ar\/?p=389"},"modified":"2020-11-25T11:03:32","modified_gmt":"2020-11-25T11:03:32","slug":"tras-investigacion-policial-detuvieron-a-un-delincuente-y-secuestraron-un-arma","status":"publish","type":"post","link":"https:\/\/morenoprimero.com.ar\/archivo\/tras-investigacion-policial-detuvieron-a-un-delincuente-y-secuestraron-un-arma\/","title":{"rendered":"TRAS INVESTIGACI\u00d3N POLICIAL DETUVIERON A UN DELINCUENTE Y SECUESTRARON UN ARMA"},"content":{"rendered":"\n<p><strong>Sucedi\u00f3 este lunes 13 de julio por la tarde. En un allanamiento detuvieron al autor de un robo en Francisco \u00c1lvarez y secuestraron un arma.<\/strong>\u00a0<\/p>\n\n\n\n<p><strong>\u00a0 \u00a0<\/strong>El 10 de mayo una mujer denuncia el robo en su domicilio de Francisco \u00c1lvarez, en el que le sustrajeron 7000 pesos y la amenazaron de arma de fuego. En la persecusi\u00f3n, el delincuente abandon\u00f3 su moto y se dio a la fuga\u00a0perseguido por el comando de patrullas a quienes dispara.\u00a0\u00a0<\/p>\n\n\n\n<p>\u00a0 \u00a0 Tras una tarea de investigaci\u00f3n se logr\u00f3 identificar al autor y se pidi\u00f3 medida de allanamiento y detenci\u00f3n.\u00a0\u00a0<\/p>\n\n\n\n<p>\u00a0 \u00a0El 13 de julio personal de la DDI llev\u00f3 a cabo el allanamiento y lograron detener al hombre de 30 a\u00f1os y secuestraron unarma de fuego y dinero.\u00a0\u00a0<\/p>\n\n\n\n<p>&nbsp; &nbsp;La causa calificada como robo calificado y uso de armas quedo bajo intervenci\u00f3n de la UFI 02 del Departamento Judicial Moreno-Gral. Rodr\u00edguez.<\/p>\n","protected":false},"excerpt":{"rendered":"<p>Sucedi\u00f3 este lunes 13 de julio por la tarde. En un allanamiento detuvieron al autor de un robo en Francisco \u00c1lvarez y secuestraron un arma.\u00a0 \u00a0 \u00a0El 10 de mayo una mujer denuncia el robo en su domicilio de Francisco &hellip; <a href=\"https:\/\/morenoprimero.com.ar\/archivo\/tras-investigacion-policial-detuvieron-a-un-delincuente-y-secuestraron-un-arma\/\">Sigue leyendo <span class=\"meta-nav\">&rarr;<\/span><\/a><\/p>\n","protected":false},"author":6,"featured_media":390,"comment_status":"open","ping_status":"open","sticky":false,"template":"","format":"standard","meta":{"footnotes":""},"categories":[8],"tags":[108,141,31],"class_list":["post-389","post","type-post","status-publish","format-standard","has-post-thumbnail","hentry","category-policiales","tag-detencion","tag-francisco-alvarez","tag-policia"],"_links":{"self":[{"href":"https:\/\/morenoprimero.com.ar\/archivo\/wp-json\/wp\/v2\/posts\/389","targetHints":{"allow":["GET"]}}],"collection":[{"href":"https:\/\/morenoprimero.com.ar\/archivo\/wp-json\/wp\/v2\/posts"}],"about":[{"href":"https:\/\/morenoprimero.com.ar\/archivo\/wp-json\/wp\/v2\/types\/post"}],"author":[{"embeddable":true,"href":"https:\/\/morenoprimero.com.ar\/archivo\/wp-json\/wp\/v2\/users\/6"}],"replies":[{"embeddable":true,"href":"https:\/\/morenoprimero.com.ar\/archivo\/wp-json\/wp\/v2\/comments?post=389"}],"version-history":[{"count":3,"href":"https:\/\/morenoprimero.com.ar\/archivo\/wp-json\/wp\/v2\/posts\/389\/revisions"}],"predecessor-version":[{"id":407,"href":"https:\/\/morenoprimero.com.ar\/archivo\/wp-json\/wp\/v2\/posts\/389\/revisions\/407"}],"wp:featuredmedia":[{"embeddable":true,"href":"https:\/\/morenoprimero.com.ar\/archivo\/wp-json\/wp\/v2\/media\/390"}],"wp:attachment":[{"href":"https:\/\/morenoprimero.com.ar\/archivo\/wp-json\/wp\/v2\/media?parent=389"}],"wp:term":[{"taxonomy":"category","embeddable":true,"href":"https:\/\/morenoprimero.com.ar\/archivo\/wp-json\/wp\/v2\/categories?post=389"},{"taxonomy":"post_tag","embeddable":true,"href":"https:\/\/morenoprimero.com.ar\/archivo\/wp-json\/wp\/v2\/tags?post=389"}],"curies":[{"name":"wp","href":"https:\/\/api.w.org\/{rel}","templated":true}]}}