{"id":38800,"date":"2023-05-15T17:51:51","date_gmt":"2023-05-15T20:51:51","guid":{"rendered":"https:\/\/morenoprimero.com.ar\/?p=38800"},"modified":"2023-05-15T17:53:50","modified_gmt":"2023-05-15T20:53:50","slug":"la-scaloneta-se-plasma-en-los-muros-de-moreno","status":"publish","type":"post","link":"https:\/\/morenoprimero.com.ar\/archivo\/la-scaloneta-se-plasma-en-los-muros-de-moreno\/","title":{"rendered":"La Scaloneta se plasma en los muros de Moreno"},"content":{"rendered":"\n<p>Pablo Ruarte, de 41 a\u00f1os, es un muralista morenense que logr\u00f3 repercusi\u00f3n en la ciudad tras sus obras llenas de color y armon\u00eda que pueden verse en varios muros del distrito de Moreno. Recientemente, se lo reconoci\u00f3 por ser el autor del mural de La Scaloneta en la estaci\u00f3n de Paso del Rey, tras la victoria de la Selecci\u00f3n Argentina de F\u00fatbol de la Copa del Mundo en Qatar. Desde Moreno Primero dialogamos con \u00e9l, qui\u00e9n nos cont\u00f3 sobre su recorrido en este maravilloso mundo del arte.<\/p>\n\n\n\n<p>Pablo Ruarte tiene 41 a\u00f1os, naci\u00f3 y vivi\u00f3 siempre en Moreno, actualmente reside en el barrio La Perlita. Su pasi\u00f3n por la pintura comenz\u00f3 desde que era muy peque\u00f1o. Llegada la adolescencia se especializ\u00f3 principalmente en el muralismo. Hoy sus majestuosas obras, cargadas de color y armon\u00eda pueden verse en varios muros de la ciudad morenense.<\/p>\n\n\n\n<p><strong>\u201cDesde peque\u00f1o me gustaba mucho dibujar, me interes\u00e9 mucho por las historietas a las que tuve acceso gracias a mi pap\u00e1 que trabajaba trasportando revistas y me regalaba algunas. Siempre utilic\u00e9 el dibujo como una forma de expresarme, y ya en la adolescencia comenc\u00e9 a destacarme por eso, en el secundario tuve mi primera experiencia con el mundo del muralismo y me encant\u00f3\u201d, cuenta Pablo<\/strong>.<\/p>\n\n\n\n<p>Desde el a\u00f1o pasado, Pablo fue convocado por el municipio de Moreno, el cual le encargo varios murales que se pueden ver en diversas calles, y en sus redes sociales. Uno de los \u00faltimos, y de los m\u00e1s llamativos es el que realizo en la estaci\u00f3n de Paso del Rey, con im\u00e1genes de los jugadores del Seleccionado Argentino de F\u00fatbol, luego de que salieran campeones del mundo. Una obra de enormes dimensiones que emociona a cualquiera que pase por all\u00ed.<\/p>\n\n\n\n<figure class=\"wp-block-gallery has-nested-images columns-default is-cropped wp-block-gallery-1 is-layout-flex wp-block-gallery-is-layout-flex\">\n<figure class=\"wp-block-image size-large\"><a href=\"https:\/\/morenoprimero.com.ar\/wp-content\/uploads\/2023\/05\/WhatsApp-Image-2023-05-15-at-13.16.45.jpeg\"><img loading=\"lazy\" decoding=\"async\" width=\"1024\" height=\"819\" data-id=\"38813\" src=\"https:\/\/morenoprimero.com.ar\/wp-content\/uploads\/2023\/05\/WhatsApp-Image-2023-05-15-at-13.16.45-1024x819.jpeg\" alt=\"\" class=\"wp-image-38813\" srcset=\"https:\/\/morenoprimero.com.ar\/archivo\/wp-content\/uploads\/2023\/05\/WhatsApp-Image-2023-05-15-at-13.16.45-1024x819.jpeg 1024w, https:\/\/morenoprimero.com.ar\/archivo\/wp-content\/uploads\/2023\/05\/WhatsApp-Image-2023-05-15-at-13.16.45-300x240.jpeg 300w, https:\/\/morenoprimero.com.ar\/archivo\/wp-content\/uploads\/2023\/05\/WhatsApp-Image-2023-05-15-at-13.16.45-768x614.jpeg 768w, https:\/\/morenoprimero.com.ar\/archivo\/wp-content\/uploads\/2023\/05\/WhatsApp-Image-2023-05-15-at-13.16.45-1536x1229.jpeg 1536w, https:\/\/morenoprimero.com.ar\/archivo\/wp-content\/uploads\/2023\/05\/WhatsApp-Image-2023-05-15-at-13.16.45.jpeg 1600w\" sizes=\"auto, (max-width: 1024px) 100vw, 1024px\" \/><\/a><\/figure>\n\n\n\n<figure class=\"wp-block-image size-large\"><a href=\"https:\/\/morenoprimero.com.ar\/wp-content\/uploads\/2023\/05\/WhatsApp-Image-2023-05-15-at-13.16.44-2.jpeg\"><img loading=\"lazy\" decoding=\"async\" width=\"1024\" height=\"683\" data-id=\"38817\" src=\"https:\/\/morenoprimero.com.ar\/wp-content\/uploads\/2023\/05\/WhatsApp-Image-2023-05-15-at-13.16.44-2-1024x683.jpeg\" alt=\"\" class=\"wp-image-38817\" srcset=\"https:\/\/morenoprimero.com.ar\/archivo\/wp-content\/uploads\/2023\/05\/WhatsApp-Image-2023-05-15-at-13.16.44-2-1024x683.jpeg 1024w, https:\/\/morenoprimero.com.ar\/archivo\/wp-content\/uploads\/2023\/05\/WhatsApp-Image-2023-05-15-at-13.16.44-2-300x200.jpeg 300w, https:\/\/morenoprimero.com.ar\/archivo\/wp-content\/uploads\/2023\/05\/WhatsApp-Image-2023-05-15-at-13.16.44-2-768x512.jpeg 768w, https:\/\/morenoprimero.com.ar\/archivo\/wp-content\/uploads\/2023\/05\/WhatsApp-Image-2023-05-15-at-13.16.44-2.jpeg 1500w\" sizes=\"auto, (max-width: 1024px) 100vw, 1024px\" \/><\/a><\/figure>\n\n\n\n<figure class=\"wp-block-image size-large\"><a href=\"https:\/\/morenoprimero.com.ar\/wp-content\/uploads\/2023\/05\/WhatsApp-Image-2023-05-15-at-13.16.44.jpeg\"><img loading=\"lazy\" decoding=\"async\" width=\"1024\" height=\"683\" data-id=\"38819\" src=\"https:\/\/morenoprimero.com.ar\/wp-content\/uploads\/2023\/05\/WhatsApp-Image-2023-05-15-at-13.16.44-1024x683.jpeg\" alt=\"\" class=\"wp-image-38819\" srcset=\"https:\/\/morenoprimero.com.ar\/archivo\/wp-content\/uploads\/2023\/05\/WhatsApp-Image-2023-05-15-at-13.16.44-1024x683.jpeg 1024w, https:\/\/morenoprimero.com.ar\/archivo\/wp-content\/uploads\/2023\/05\/WhatsApp-Image-2023-05-15-at-13.16.44-300x200.jpeg 300w, https:\/\/morenoprimero.com.ar\/archivo\/wp-content\/uploads\/2023\/05\/WhatsApp-Image-2023-05-15-at-13.16.44-768x512.jpeg 768w, https:\/\/morenoprimero.com.ar\/archivo\/wp-content\/uploads\/2023\/05\/WhatsApp-Image-2023-05-15-at-13.16.44.jpeg 1500w\" sizes=\"auto, (max-width: 1024px) 100vw, 1024px\" \/><\/a><\/figure>\n\n\n\n<figure class=\"wp-block-image size-large\"><a href=\"https:\/\/morenoprimero.com.ar\/wp-content\/uploads\/2023\/05\/WhatsApp-Image-2023-05-15-at-13.16.43.jpeg\"><img loading=\"lazy\" decoding=\"async\" width=\"1024\" height=\"683\" data-id=\"38820\" src=\"https:\/\/morenoprimero.com.ar\/wp-content\/uploads\/2023\/05\/WhatsApp-Image-2023-05-15-at-13.16.43-1024x683.jpeg\" alt=\"\" class=\"wp-image-38820\" srcset=\"https:\/\/morenoprimero.com.ar\/archivo\/wp-content\/uploads\/2023\/05\/WhatsApp-Image-2023-05-15-at-13.16.43-1024x683.jpeg 1024w, https:\/\/morenoprimero.com.ar\/archivo\/wp-content\/uploads\/2023\/05\/WhatsApp-Image-2023-05-15-at-13.16.43-300x200.jpeg 300w, https:\/\/morenoprimero.com.ar\/archivo\/wp-content\/uploads\/2023\/05\/WhatsApp-Image-2023-05-15-at-13.16.43-768x512.jpeg 768w, https:\/\/morenoprimero.com.ar\/archivo\/wp-content\/uploads\/2023\/05\/WhatsApp-Image-2023-05-15-at-13.16.43.jpeg 1500w\" sizes=\"auto, (max-width: 1024px) 100vw, 1024px\" \/><\/a><\/figure>\n<\/figure>\n\n\n\n<p><\/p>\n\n\n\n<p><strong>\u201cEl a\u00f1o pasado surgi\u00f3 la posibilidad de trabajar para el municipio, me contactaron para diversos trabajos. Poder trabajar en mi ciudad convocado por el municipio es para m\u00ed un gran orgullo\u201d<\/strong>, manifiesta Pablo.<\/p>\n\n\n\n<p>En relaci\u00f3n a sus comienzos, Pablo nos cuenta tambi\u00e9n que cuando termino el secundario no estaba muy seguro de que carrera seguir, se anoto en el profesora de geograf\u00eda en la Universidad de Luj\u00e1n, pero luego se enter\u00f3 que en San Miguel hab\u00eda un profesorado en artes audiovisuales y decidi\u00f3 cambiar de carrera.<\/p>\n\n\n\n<p><strong>\u201cCuando arranqu\u00e9 la carrera me di cuenta que me gustaba mucho, ver otros artistas, conocer, fue un gran descubrimiento para mi. En ese primer a\u00f1o fue cuando realmente descubr\u00ed el arte como una pasi\u00f3n, empec\u00e9 a pintar para la escuela, los trabajos, y tambi\u00e9n para mi, comenc\u00e9 a pintar obra propia. En el 2004 empec\u00e9 a trabajar como profe y us\u00e9 el mural como una herramienta para atrapar el inter\u00e9s de los chicos\u201d, explica el artista.<\/strong><\/p>\n\n\n\n<p>Muchas de las obras de Pablo, tanto las que realiza de forma privada, como las que realiz\u00f3 para el municipio tienen un estilo selv\u00e1tico, muy particular, con variedad de colores, vegetaciones y animales, un estilo sin dudas propio que est\u00e1 logrando instalarlo como un gran artista de Moreno.<\/p>\n\n\n\n<figure class=\"wp-block-gallery has-nested-images columns-default is-cropped wp-block-gallery-2 is-layout-flex wp-block-gallery-is-layout-flex\">\n<figure class=\"wp-block-image size-large\"><a href=\"https:\/\/morenoprimero.com.ar\/wp-content\/uploads\/2023\/05\/302775227_194306359646636_7430456212160106571_n.png\"><img loading=\"lazy\" decoding=\"async\" width=\"1024\" height=\"808\" data-id=\"38822\" src=\"https:\/\/morenoprimero.com.ar\/wp-content\/uploads\/2023\/05\/302775227_194306359646636_7430456212160106571_n-1024x808.png\" alt=\"\" class=\"wp-image-38822\" srcset=\"https:\/\/morenoprimero.com.ar\/archivo\/wp-content\/uploads\/2023\/05\/302775227_194306359646636_7430456212160106571_n-1024x808.png 1024w, https:\/\/morenoprimero.com.ar\/archivo\/wp-content\/uploads\/2023\/05\/302775227_194306359646636_7430456212160106571_n-300x237.png 300w, https:\/\/morenoprimero.com.ar\/archivo\/wp-content\/uploads\/2023\/05\/302775227_194306359646636_7430456212160106571_n-768x606.png 768w, https:\/\/morenoprimero.com.ar\/archivo\/wp-content\/uploads\/2023\/05\/302775227_194306359646636_7430456212160106571_n.png 1080w\" sizes=\"auto, (max-width: 1024px) 100vw, 1024px\" \/><\/a><\/figure>\n\n\n\n<figure class=\"wp-block-image size-large\"><a href=\"https:\/\/morenoprimero.com.ar\/wp-content\/uploads\/2023\/05\/310562236_484181860301973_3202453014680820930_n.png\"><img loading=\"lazy\" decoding=\"async\" width=\"1024\" height=\"867\" data-id=\"38821\" src=\"https:\/\/morenoprimero.com.ar\/wp-content\/uploads\/2023\/05\/310562236_484181860301973_3202453014680820930_n-1024x867.png\" alt=\"\" class=\"wp-image-38821\" srcset=\"https:\/\/morenoprimero.com.ar\/archivo\/wp-content\/uploads\/2023\/05\/310562236_484181860301973_3202453014680820930_n-1024x867.png 1024w, https:\/\/morenoprimero.com.ar\/archivo\/wp-content\/uploads\/2023\/05\/310562236_484181860301973_3202453014680820930_n-300x254.png 300w, https:\/\/morenoprimero.com.ar\/archivo\/wp-content\/uploads\/2023\/05\/310562236_484181860301973_3202453014680820930_n-768x650.png 768w, https:\/\/morenoprimero.com.ar\/archivo\/wp-content\/uploads\/2023\/05\/310562236_484181860301973_3202453014680820930_n.png 1080w\" sizes=\"auto, (max-width: 1024px) 100vw, 1024px\" \/><\/a><\/figure>\n\n\n\n<figure class=\"wp-block-image size-large\"><a href=\"https:\/\/morenoprimero.com.ar\/wp-content\/uploads\/2023\/05\/WhatsApp-Image-2023-05-15-at-13.16.45-2.jpeg\"><img loading=\"lazy\" decoding=\"async\" width=\"1024\" height=\"683\" data-id=\"38814\" src=\"https:\/\/morenoprimero.com.ar\/wp-content\/uploads\/2023\/05\/WhatsApp-Image-2023-05-15-at-13.16.45-2-1024x683.jpeg\" alt=\"\" class=\"wp-image-38814\" srcset=\"https:\/\/morenoprimero.com.ar\/archivo\/wp-content\/uploads\/2023\/05\/WhatsApp-Image-2023-05-15-at-13.16.45-2-1024x683.jpeg 1024w, https:\/\/morenoprimero.com.ar\/archivo\/wp-content\/uploads\/2023\/05\/WhatsApp-Image-2023-05-15-at-13.16.45-2-300x200.jpeg 300w, https:\/\/morenoprimero.com.ar\/archivo\/wp-content\/uploads\/2023\/05\/WhatsApp-Image-2023-05-15-at-13.16.45-2-768x512.jpeg 768w, https:\/\/morenoprimero.com.ar\/archivo\/wp-content\/uploads\/2023\/05\/WhatsApp-Image-2023-05-15-at-13.16.45-2-1536x1024.jpeg 1536w, https:\/\/morenoprimero.com.ar\/archivo\/wp-content\/uploads\/2023\/05\/WhatsApp-Image-2023-05-15-at-13.16.45-2.jpeg 1600w\" sizes=\"auto, (max-width: 1024px) 100vw, 1024px\" \/><\/a><\/figure>\n<\/figure>\n\n\n\n<p><\/p>\n\n\n\n<p>En cuanto a su inter\u00e9s por el muralismo, Pablo nos explica: \u201c<strong>Hace muchos a\u00f1os empec\u00e9 a ver que&nbsp;hab\u00eda un crecimiento del movimiento de muralistas en Argentina, algo que me inspir\u00f3 mucho, me parec\u00eda s\u00faper interesante todo el tema de las dimensiones, el contacto con la gente en la calle. Cuando en el 2014 me mud\u00e9 de casa y ya no tenia mucho espacio para usar como taller, decid\u00ed salir a la calle y, me di cuenta que pod\u00eda pintar una obra en uno o dos d\u00edas, vi que era la forma r\u00e1pida de dejar una obra, que dejaba un gran impacto en las personas, as\u00ed que decid\u00ed desarrollarlo mucho m\u00e1s\u201d<\/strong>.<\/p>\n\n\n\n<p>Pablo destaca lo gratificante que es el contacto con la gente durante la realizaci\u00f3n de una obra, algo que le facilit\u00f3 poder pintar en muchos lugares<strong>: \u201cEsto de tener contacto con otras personas que hac\u00edan murales me facilit\u00f3 el poder pintar en distintos lugares, empec\u00e9 a ser invitado, a tener otros amigos y amigas del ambiente, que es muy diferente al de la pintura tradicional en el cual es mucho m\u00e1s dif\u00edcil poder hacer cosas y&nbsp;sobre todo monetizar lo que haces. Empec\u00e9 a poder tener otros trabajos, pintando cada vez m\u00e1s, adem\u00e1s de mi trabajo como docente que siempre fue mi principal fuente de ingresos\u201d, finaliza Pablo.<\/strong><\/p>\n","protected":false},"excerpt":{"rendered":"<p>Pablo Ruarte, de 41 a\u00f1os, es un muralista morenense que logr\u00f3 repercusi\u00f3n en la ciudad tras sus obras llenas de color y armon\u00eda que pueden verse en varios muros del distrito de Moreno. Recientemente, se lo reconoci\u00f3 por ser el &hellip; <a href=\"https:\/\/morenoprimero.com.ar\/archivo\/la-scaloneta-se-plasma-en-los-muros-de-moreno\/\">Sigue leyendo <span class=\"meta-nav\">&rarr;<\/span><\/a><\/p>\n","protected":false},"author":6,"featured_media":38818,"comment_status":"closed","ping_status":"closed","sticky":false,"template":"","format":"standard","meta":{"footnotes":""},"categories":[2332],"tags":[4623,3955],"class_list":["post-38800","post","type-post","status-publish","format-standard","has-post-thumbnail","hentry","category-cultura","tag-muralismo","tag-pablo-ruarte"],"_links":{"self":[{"href":"https:\/\/morenoprimero.com.ar\/archivo\/wp-json\/wp\/v2\/posts\/38800","targetHints":{"allow":["GET"]}}],"collection":[{"href":"https:\/\/morenoprimero.com.ar\/archivo\/wp-json\/wp\/v2\/posts"}],"about":[{"href":"https:\/\/morenoprimero.com.ar\/archivo\/wp-json\/wp\/v2\/types\/post"}],"author":[{"embeddable":true,"href":"https:\/\/morenoprimero.com.ar\/archivo\/wp-json\/wp\/v2\/users\/6"}],"replies":[{"embeddable":true,"href":"https:\/\/morenoprimero.com.ar\/archivo\/wp-json\/wp\/v2\/comments?post=38800"}],"version-history":[{"count":5,"href":"https:\/\/morenoprimero.com.ar\/archivo\/wp-json\/wp\/v2\/posts\/38800\/revisions"}],"predecessor-version":[{"id":38835,"href":"https:\/\/morenoprimero.com.ar\/archivo\/wp-json\/wp\/v2\/posts\/38800\/revisions\/38835"}],"wp:featuredmedia":[{"embeddable":true,"href":"https:\/\/morenoprimero.com.ar\/archivo\/wp-json\/wp\/v2\/media\/38818"}],"wp:attachment":[{"href":"https:\/\/morenoprimero.com.ar\/archivo\/wp-json\/wp\/v2\/media?parent=38800"}],"wp:term":[{"taxonomy":"category","embeddable":true,"href":"https:\/\/morenoprimero.com.ar\/archivo\/wp-json\/wp\/v2\/categories?post=38800"},{"taxonomy":"post_tag","embeddable":true,"href":"https:\/\/morenoprimero.com.ar\/archivo\/wp-json\/wp\/v2\/tags?post=38800"}],"curies":[{"name":"wp","href":"https:\/\/api.w.org\/{rel}","templated":true}]}}