{"id":38721,"date":"2023-05-11T17:17:50","date_gmt":"2023-05-11T20:17:50","guid":{"rendered":"https:\/\/morenoprimero.com.ar\/?p=38721"},"modified":"2023-05-12T08:11:12","modified_gmt":"2023-05-12T11:11:12","slug":"mariel-fernandez-celebramos-la-vida-del-padre-mugica-y-su-legado","status":"publish","type":"post","link":"https:\/\/morenoprimero.com.ar\/archivo\/mariel-fernandez-celebramos-la-vida-del-padre-mugica-y-su-legado\/","title":{"rendered":"Mariel Fern\u00e1ndez: \u201cCelebramos la vida del Padre M\u00fagica y su legado\u201d"},"content":{"rendered":"\n<p>En conmemoraci\u00f3n al aniversario del asesinato del sacerdote Carlos M\u00fagica, la intendenta Mariel Fern\u00e1ndez particip\u00f3 de un acto en la parroquia San Mart\u00edn de Porres, junto al padre Leonardo Silio. Estuvieron presentes tambi\u00e9n el padre Jos\u00e9 Mar\u00eda &#8216;Pepe&#8217; Di Paola; el ministro de Desarrollo de la Provincia de Buenos Aires, Andr\u00e9s Larroque; y el secretario general de Encuentro Peronista, Federico Berardi.<\/p>\n\n\n\n<p>La actividad se enmarca en las denominadas jornadas Padre Carlos M\u00fagica, mediante las cuales se realizaron diversos homenajes en distintos lugares de la provincia de Buenos Aires y barrios de la ciudad aut\u00f3noma.<\/p>\n\n\n\n<p>La jefa comunal, que se caracteriza por destacar siempre el rol social de los sacerdotes que trabajan por una iglesia de puertas abiertas, humilde, y de servicio, destac\u00f3 el compromiso de M\u00fagica: \u201c<strong>Por los m\u00e1s humildes y como \u00e9l se hizo peronista por la gente de los barrios\u00bb <\/strong>y consider\u00f3 que el compromiso pol\u00edtico <strong>\u201cnos tiene que transformar en mejores personas porque es un acto de servicio\u201d<\/strong>.<\/p>\n\n\n\n<figure class=\"wp-block-gallery has-nested-images columns-default is-cropped wp-block-gallery-1 is-layout-flex wp-block-gallery-is-layout-flex\">\n<figure class=\"wp-block-image size-large\"><a href=\"https:\/\/morenoprimero.com.ar\/wp-content\/uploads\/2023\/05\/JORNADA-PADRE-MUGICA-5-scaled.jpg\"><img loading=\"lazy\" decoding=\"async\" width=\"1024\" height=\"683\" data-id=\"38733\" src=\"https:\/\/morenoprimero.com.ar\/wp-content\/uploads\/2023\/05\/JORNADA-PADRE-MUGICA-5-1024x683.jpg\" alt=\"\" class=\"wp-image-38733\" srcset=\"https:\/\/morenoprimero.com.ar\/archivo\/wp-content\/uploads\/2023\/05\/JORNADA-PADRE-MUGICA-5-1024x683.jpg 1024w, https:\/\/morenoprimero.com.ar\/archivo\/wp-content\/uploads\/2023\/05\/JORNADA-PADRE-MUGICA-5-300x200.jpg 300w, https:\/\/morenoprimero.com.ar\/archivo\/wp-content\/uploads\/2023\/05\/JORNADA-PADRE-MUGICA-5-768x512.jpg 768w, https:\/\/morenoprimero.com.ar\/archivo\/wp-content\/uploads\/2023\/05\/JORNADA-PADRE-MUGICA-5-1536x1025.jpg 1536w, https:\/\/morenoprimero.com.ar\/archivo\/wp-content\/uploads\/2023\/05\/JORNADA-PADRE-MUGICA-5-2048x1366.jpg 2048w\" sizes=\"auto, (max-width: 1024px) 100vw, 1024px\" \/><\/a><\/figure>\n\n\n\n<figure class=\"wp-block-image size-large\"><a href=\"https:\/\/morenoprimero.com.ar\/wp-content\/uploads\/2023\/05\/JORNADA-PADRE-MUGICA-23-scaled.jpg\"><img loading=\"lazy\" decoding=\"async\" width=\"1024\" height=\"683\" data-id=\"38729\" src=\"https:\/\/morenoprimero.com.ar\/wp-content\/uploads\/2023\/05\/JORNADA-PADRE-MUGICA-23-1024x683.jpg\" alt=\"\" class=\"wp-image-38729\" srcset=\"https:\/\/morenoprimero.com.ar\/archivo\/wp-content\/uploads\/2023\/05\/JORNADA-PADRE-MUGICA-23-1024x683.jpg 1024w, https:\/\/morenoprimero.com.ar\/archivo\/wp-content\/uploads\/2023\/05\/JORNADA-PADRE-MUGICA-23-300x200.jpg 300w, https:\/\/morenoprimero.com.ar\/archivo\/wp-content\/uploads\/2023\/05\/JORNADA-PADRE-MUGICA-23-768x512.jpg 768w, https:\/\/morenoprimero.com.ar\/archivo\/wp-content\/uploads\/2023\/05\/JORNADA-PADRE-MUGICA-23-1536x1025.jpg 1536w, https:\/\/morenoprimero.com.ar\/archivo\/wp-content\/uploads\/2023\/05\/JORNADA-PADRE-MUGICA-23-2048x1366.jpg 2048w\" sizes=\"auto, (max-width: 1024px) 100vw, 1024px\" \/><\/a><\/figure>\n\n\n\n<figure class=\"wp-block-image size-large\"><a href=\"https:\/\/morenoprimero.com.ar\/wp-content\/uploads\/2023\/05\/JORNADA-PADRE-MUGICA-9-scaled.jpg\"><img loading=\"lazy\" decoding=\"async\" width=\"1024\" height=\"683\" data-id=\"38732\" src=\"https:\/\/morenoprimero.com.ar\/wp-content\/uploads\/2023\/05\/JORNADA-PADRE-MUGICA-9-1024x683.jpg\" alt=\"\" class=\"wp-image-38732\" srcset=\"https:\/\/morenoprimero.com.ar\/archivo\/wp-content\/uploads\/2023\/05\/JORNADA-PADRE-MUGICA-9-1024x683.jpg 1024w, https:\/\/morenoprimero.com.ar\/archivo\/wp-content\/uploads\/2023\/05\/JORNADA-PADRE-MUGICA-9-300x200.jpg 300w, https:\/\/morenoprimero.com.ar\/archivo\/wp-content\/uploads\/2023\/05\/JORNADA-PADRE-MUGICA-9-768x512.jpg 768w, https:\/\/morenoprimero.com.ar\/archivo\/wp-content\/uploads\/2023\/05\/JORNADA-PADRE-MUGICA-9-1536x1024.jpg 1536w, https:\/\/morenoprimero.com.ar\/archivo\/wp-content\/uploads\/2023\/05\/JORNADA-PADRE-MUGICA-9-2048x1366.jpg 2048w\" sizes=\"auto, (max-width: 1024px) 100vw, 1024px\" \/><\/a><\/figure>\n<\/figure>\n\n\n\n<p><\/p>\n\n\n\n<p>Fern\u00e1ndez se expres\u00f3 tambi\u00e9n a trav\u00e9s de sus redes sociales recordando al sacerdote asesinado por la triple A en el a\u00f1o 1974 :<strong> \u201cCelebramos la vida del Padre M\u00fagica y su legado: luchar por la justicia social con fe y compromiso, desde el pueblo y con el pueblo, junto a las y los m\u00e1s humildes\u201d<\/strong> y agreg\u00f3: \u201c<strong>Reivindicamos su militancia pol\u00edtica que la entend\u00eda como un acto de servicio para la comunidad, como hoy la practicamos y la construimos amorosamente en cada barrio de Moreno<\/strong>\u201d<\/p>\n\n\n\n<p>Carlos M\u00fagica, fue uno de los m\u00e1s importantes referentes del Movimiento de Sacerdotes para el Tercer Mundo, una corriente fundada en 1967 dentro de la Iglesia Cat\u00f3lica Argentina que intent\u00f3 articular la idea de renovaci\u00f3n de la iglesia subsiguiente al Concilio Vaticano II con una fuerte participaci\u00f3n pol\u00edtica y social. <\/p>\n\n\n\n<p>En Argentina, el Primer Encuentro Nacional se realiz\u00f3 durante los d\u00edas 1 y&nbsp; 2 de mayo de 1968, y reuni\u00f3 a 21 sacerdotes representantes de los grupos existentes de 13 di\u00f3cesis. Si bien, a nivel nacional dentro del movimiento exist\u00edan diferencias en torno a algunos puntos, en particular vinculados al complejo contexto pol\u00edtico y social, el principal objetivo era&nbsp; profundizar el compromiso de la iglesia con los pobres y&nbsp;oponerse a toda forma de opresi\u00f3n contra los m\u00e1s humildes.<\/p>\n\n\n\n<figure class=\"wp-block-gallery has-nested-images columns-default is-cropped wp-block-gallery-2 is-layout-flex wp-block-gallery-is-layout-flex\">\n<figure class=\"wp-block-image size-large\"><a href=\"https:\/\/morenoprimero.com.ar\/wp-content\/uploads\/2023\/05\/JORNADA-PADRE-MUGICA-15-scaled.jpg\"><img loading=\"lazy\" decoding=\"async\" width=\"1024\" height=\"683\" data-id=\"38728\" src=\"https:\/\/morenoprimero.com.ar\/wp-content\/uploads\/2023\/05\/JORNADA-PADRE-MUGICA-15-1024x683.jpg\" alt=\"\" class=\"wp-image-38728\" srcset=\"https:\/\/morenoprimero.com.ar\/archivo\/wp-content\/uploads\/2023\/05\/JORNADA-PADRE-MUGICA-15-1024x683.jpg 1024w, https:\/\/morenoprimero.com.ar\/archivo\/wp-content\/uploads\/2023\/05\/JORNADA-PADRE-MUGICA-15-300x200.jpg 300w, https:\/\/morenoprimero.com.ar\/archivo\/wp-content\/uploads\/2023\/05\/JORNADA-PADRE-MUGICA-15-768x512.jpg 768w, https:\/\/morenoprimero.com.ar\/archivo\/wp-content\/uploads\/2023\/05\/JORNADA-PADRE-MUGICA-15-1536x1025.jpg 1536w, https:\/\/morenoprimero.com.ar\/archivo\/wp-content\/uploads\/2023\/05\/JORNADA-PADRE-MUGICA-15-2048x1366.jpg 2048w\" sizes=\"auto, (max-width: 1024px) 100vw, 1024px\" \/><\/a><\/figure>\n\n\n\n<figure class=\"wp-block-image size-large\"><a href=\"https:\/\/morenoprimero.com.ar\/wp-content\/uploads\/2023\/05\/JORNADA-PADRE-MUGICA-20-scaled.jpg\"><img loading=\"lazy\" decoding=\"async\" width=\"1024\" height=\"683\" data-id=\"38731\" src=\"https:\/\/morenoprimero.com.ar\/wp-content\/uploads\/2023\/05\/JORNADA-PADRE-MUGICA-20-1024x683.jpg\" alt=\"\" class=\"wp-image-38731\" srcset=\"https:\/\/morenoprimero.com.ar\/archivo\/wp-content\/uploads\/2023\/05\/JORNADA-PADRE-MUGICA-20-1024x683.jpg 1024w, https:\/\/morenoprimero.com.ar\/archivo\/wp-content\/uploads\/2023\/05\/JORNADA-PADRE-MUGICA-20-300x200.jpg 300w, https:\/\/morenoprimero.com.ar\/archivo\/wp-content\/uploads\/2023\/05\/JORNADA-PADRE-MUGICA-20-768x512.jpg 768w, https:\/\/morenoprimero.com.ar\/archivo\/wp-content\/uploads\/2023\/05\/JORNADA-PADRE-MUGICA-20-1536x1024.jpg 1536w, https:\/\/morenoprimero.com.ar\/archivo\/wp-content\/uploads\/2023\/05\/JORNADA-PADRE-MUGICA-20-2048x1366.jpg 2048w\" sizes=\"auto, (max-width: 1024px) 100vw, 1024px\" \/><\/a><\/figure>\n\n\n\n<figure class=\"wp-block-image size-large\"><a href=\"https:\/\/morenoprimero.com.ar\/wp-content\/uploads\/2023\/05\/JORNADA-PADRE-MUGICA-22-scaled.jpg\"><img loading=\"lazy\" decoding=\"async\" width=\"1024\" height=\"683\" data-id=\"38724\" src=\"https:\/\/morenoprimero.com.ar\/wp-content\/uploads\/2023\/05\/JORNADA-PADRE-MUGICA-22-1024x683.jpg\" alt=\"\" class=\"wp-image-38724\" srcset=\"https:\/\/morenoprimero.com.ar\/archivo\/wp-content\/uploads\/2023\/05\/JORNADA-PADRE-MUGICA-22-1024x683.jpg 1024w, https:\/\/morenoprimero.com.ar\/archivo\/wp-content\/uploads\/2023\/05\/JORNADA-PADRE-MUGICA-22-300x200.jpg 300w, https:\/\/morenoprimero.com.ar\/archivo\/wp-content\/uploads\/2023\/05\/JORNADA-PADRE-MUGICA-22-768x512.jpg 768w, https:\/\/morenoprimero.com.ar\/archivo\/wp-content\/uploads\/2023\/05\/JORNADA-PADRE-MUGICA-22-1536x1024.jpg 1536w, https:\/\/morenoprimero.com.ar\/archivo\/wp-content\/uploads\/2023\/05\/JORNADA-PADRE-MUGICA-22-2048x1366.jpg 2048w\" sizes=\"auto, (max-width: 1024px) 100vw, 1024px\" \/><\/a><\/figure>\n\n\n\n<figure class=\"wp-block-image size-large\"><a href=\"https:\/\/morenoprimero.com.ar\/wp-content\/uploads\/2023\/05\/JORNADA-PADRE-MUGICA-26-scaled.jpg\"><img loading=\"lazy\" decoding=\"async\" width=\"1024\" height=\"683\" data-id=\"38727\" src=\"https:\/\/morenoprimero.com.ar\/wp-content\/uploads\/2023\/05\/JORNADA-PADRE-MUGICA-26-1024x683.jpg\" alt=\"\" class=\"wp-image-38727\" srcset=\"https:\/\/morenoprimero.com.ar\/archivo\/wp-content\/uploads\/2023\/05\/JORNADA-PADRE-MUGICA-26-1024x683.jpg 1024w, https:\/\/morenoprimero.com.ar\/archivo\/wp-content\/uploads\/2023\/05\/JORNADA-PADRE-MUGICA-26-300x200.jpg 300w, https:\/\/morenoprimero.com.ar\/archivo\/wp-content\/uploads\/2023\/05\/JORNADA-PADRE-MUGICA-26-768x512.jpg 768w, https:\/\/morenoprimero.com.ar\/archivo\/wp-content\/uploads\/2023\/05\/JORNADA-PADRE-MUGICA-26-1536x1024.jpg 1536w, https:\/\/morenoprimero.com.ar\/archivo\/wp-content\/uploads\/2023\/05\/JORNADA-PADRE-MUGICA-26-2048x1366.jpg 2048w\" sizes=\"auto, (max-width: 1024px) 100vw, 1024px\" \/><\/a><\/figure>\n\n\n\n<figure class=\"wp-block-image size-large\"><a href=\"https:\/\/morenoprimero.com.ar\/wp-content\/uploads\/2023\/05\/JORNADA-PADRE-MUGICA-36-scaled.jpg\"><img loading=\"lazy\" decoding=\"async\" width=\"1024\" height=\"683\" data-id=\"38725\" src=\"https:\/\/morenoprimero.com.ar\/wp-content\/uploads\/2023\/05\/JORNADA-PADRE-MUGICA-36-1024x683.jpg\" alt=\"\" class=\"wp-image-38725\" srcset=\"https:\/\/morenoprimero.com.ar\/archivo\/wp-content\/uploads\/2023\/05\/JORNADA-PADRE-MUGICA-36-1024x683.jpg 1024w, https:\/\/morenoprimero.com.ar\/archivo\/wp-content\/uploads\/2023\/05\/JORNADA-PADRE-MUGICA-36-300x200.jpg 300w, https:\/\/morenoprimero.com.ar\/archivo\/wp-content\/uploads\/2023\/05\/JORNADA-PADRE-MUGICA-36-768x512.jpg 768w, https:\/\/morenoprimero.com.ar\/archivo\/wp-content\/uploads\/2023\/05\/JORNADA-PADRE-MUGICA-36-1536x1025.jpg 1536w, https:\/\/morenoprimero.com.ar\/archivo\/wp-content\/uploads\/2023\/05\/JORNADA-PADRE-MUGICA-36-2048x1366.jpg 2048w\" sizes=\"auto, (max-width: 1024px) 100vw, 1024px\" \/><\/a><\/figure>\n<\/figure>\n\n\n\n<p><\/p>\n\n\n\n<p>Por \u00faltimo, Mariel celebr\u00f3 el enorme compromiso que actualmente siguen sosteniendo los curas villeros en relaci\u00f3n a la prevenci\u00f3n y acompa\u00f1amiento para personas que se encuentran atravesando problemas de consumo: <strong>\u201cLas y los militantes buscamos justicia social, y por eso nos da mucho orgullo y tranquilidad que los curas villeros hayan tomado como eje de su militancia el tema del consumo y poder contar con los Hogares de Cristo en Moreno\u201d.<\/strong><\/p>\n","protected":false},"excerpt":{"rendered":"<p>En conmemoraci\u00f3n al aniversario del asesinato del sacerdote Carlos M\u00fagica, la intendenta Mariel Fern\u00e1ndez particip\u00f3 de un acto en la parroquia San Mart\u00edn de Porres, junto al padre Leonardo Silio. Estuvieron presentes tambi\u00e9n el padre Jos\u00e9 Mar\u00eda &#8216;Pepe&#8217; Di Paola; &hellip; <a href=\"https:\/\/morenoprimero.com.ar\/archivo\/mariel-fernandez-celebramos-la-vida-del-padre-mugica-y-su-legado\/\">Sigue leyendo <span class=\"meta-nav\">&rarr;<\/span><\/a><\/p>\n","protected":false},"author":6,"featured_media":38723,"comment_status":"closed","ping_status":"closed","sticky":false,"template":"","format":"standard","meta":{"footnotes":""},"categories":[2,21],"tags":[1144,4615,4618,276,4616,4617],"class_list":["post-38721","post","type-post","status-publish","format-standard","has-post-thumbnail","hentry","category-destacadas","category-interes-general","tag-andres-larroque","tag-conmemoracion-a-carlos-mugica","tag-federico-berardi","tag-mariel-fernandez","tag-padre-leonardo-silio","tag-padre-pepe-di-paola"],"_links":{"self":[{"href":"https:\/\/morenoprimero.com.ar\/archivo\/wp-json\/wp\/v2\/posts\/38721","targetHints":{"allow":["GET"]}}],"collection":[{"href":"https:\/\/morenoprimero.com.ar\/archivo\/wp-json\/wp\/v2\/posts"}],"about":[{"href":"https:\/\/morenoprimero.com.ar\/archivo\/wp-json\/wp\/v2\/types\/post"}],"author":[{"embeddable":true,"href":"https:\/\/morenoprimero.com.ar\/archivo\/wp-json\/wp\/v2\/users\/6"}],"replies":[{"embeddable":true,"href":"https:\/\/morenoprimero.com.ar\/archivo\/wp-json\/wp\/v2\/comments?post=38721"}],"version-history":[{"count":5,"href":"https:\/\/morenoprimero.com.ar\/archivo\/wp-json\/wp\/v2\/posts\/38721\/revisions"}],"predecessor-version":[{"id":38738,"href":"https:\/\/morenoprimero.com.ar\/archivo\/wp-json\/wp\/v2\/posts\/38721\/revisions\/38738"}],"wp:featuredmedia":[{"embeddable":true,"href":"https:\/\/morenoprimero.com.ar\/archivo\/wp-json\/wp\/v2\/media\/38723"}],"wp:attachment":[{"href":"https:\/\/morenoprimero.com.ar\/archivo\/wp-json\/wp\/v2\/media?parent=38721"}],"wp:term":[{"taxonomy":"category","embeddable":true,"href":"https:\/\/morenoprimero.com.ar\/archivo\/wp-json\/wp\/v2\/categories?post=38721"},{"taxonomy":"post_tag","embeddable":true,"href":"https:\/\/morenoprimero.com.ar\/archivo\/wp-json\/wp\/v2\/tags?post=38721"}],"curies":[{"name":"wp","href":"https:\/\/api.w.org\/{rel}","templated":true}]}}