{"id":38669,"date":"2023-05-11T11:54:39","date_gmt":"2023-05-11T14:54:39","guid":{"rendered":"https:\/\/morenoprimero.com.ar\/?p=38669"},"modified":"2023-05-11T11:54:40","modified_gmt":"2023-05-11T14:54:40","slug":"el-aumento-a-trabajadores-municipales-alcanza-un-acumulado-del-746-en-2023","status":"publish","type":"post","link":"https:\/\/morenoprimero.com.ar\/archivo\/el-aumento-a-trabajadores-municipales-alcanza-un-acumulado-del-746-en-2023\/","title":{"rendered":"El aumento a trabajadores municipales alcanza un acumulado del 74,6% en 2023\u00a0"},"content":{"rendered":"\n<p>El Municipio de Moreno otorg\u00f3 un aumento del 40% distribuido en junio, agosto y octubre. Alcanza un total del 74,6% en lo que va del a\u00f1o. &nbsp;<\/p>\n\n\n\n<p>El aumento se aplicar\u00e1 en tres tramos acumulativos. En junio se otorgar\u00e1 un 12%, en agosto un 15% y en octubre un 13%. &nbsp;<\/p>\n\n\n\n<p>En el mes de octubre, adem\u00e1s, habr\u00e1 una nueva reuni\u00f3n paritaria para la revisi\u00f3n de la escala salarial.&nbsp;<\/p>\n\n\n\n<p>De esta forma, el Municipio busca reconocer la dedicaci\u00f3n y el compromiso al trabajo de cada una de las personas que forman parte de la planta municipal de Moreno.&nbsp; &nbsp;<\/p>\n","protected":false},"excerpt":{"rendered":"<p>El Municipio de Moreno otorg\u00f3 un aumento del 40% distribuido en junio, agosto y octubre. Alcanza un total del 74,6% en lo que va del a\u00f1o. &nbsp; El aumento se aplicar\u00e1 en tres tramos acumulativos. En junio se otorgar\u00e1 un &hellip; <a href=\"https:\/\/morenoprimero.com.ar\/archivo\/el-aumento-a-trabajadores-municipales-alcanza-un-acumulado-del-746-en-2023\/\">Sigue leyendo <span class=\"meta-nav\">&rarr;<\/span><\/a><\/p>\n","protected":false},"author":6,"featured_media":38698,"comment_status":"closed","ping_status":"closed","sticky":false,"template":"","format":"standard","meta":{"footnotes":""},"categories":[2328],"tags":[102,395],"class_list":["post-38669","post","type-post","status-publish","format-standard","has-post-thumbnail","hentry","category-local","tag-municipio-de-moreno","tag-trabajadores-municipales"],"_links":{"self":[{"href":"https:\/\/morenoprimero.com.ar\/archivo\/wp-json\/wp\/v2\/posts\/38669","targetHints":{"allow":["GET"]}}],"collection":[{"href":"https:\/\/morenoprimero.com.ar\/archivo\/wp-json\/wp\/v2\/posts"}],"about":[{"href":"https:\/\/morenoprimero.com.ar\/archivo\/wp-json\/wp\/v2\/types\/post"}],"author":[{"embeddable":true,"href":"https:\/\/morenoprimero.com.ar\/archivo\/wp-json\/wp\/v2\/users\/6"}],"replies":[{"embeddable":true,"href":"https:\/\/morenoprimero.com.ar\/archivo\/wp-json\/wp\/v2\/comments?post=38669"}],"version-history":[{"count":4,"href":"https:\/\/morenoprimero.com.ar\/archivo\/wp-json\/wp\/v2\/posts\/38669\/revisions"}],"predecessor-version":[{"id":38700,"href":"https:\/\/morenoprimero.com.ar\/archivo\/wp-json\/wp\/v2\/posts\/38669\/revisions\/38700"}],"wp:featuredmedia":[{"embeddable":true,"href":"https:\/\/morenoprimero.com.ar\/archivo\/wp-json\/wp\/v2\/media\/38698"}],"wp:attachment":[{"href":"https:\/\/morenoprimero.com.ar\/archivo\/wp-json\/wp\/v2\/media?parent=38669"}],"wp:term":[{"taxonomy":"category","embeddable":true,"href":"https:\/\/morenoprimero.com.ar\/archivo\/wp-json\/wp\/v2\/categories?post=38669"},{"taxonomy":"post_tag","embeddable":true,"href":"https:\/\/morenoprimero.com.ar\/archivo\/wp-json\/wp\/v2\/tags?post=38669"}],"curies":[{"name":"wp","href":"https:\/\/api.w.org\/{rel}","templated":true}]}}