{"id":38646,"date":"2023-05-11T13:42:05","date_gmt":"2023-05-11T16:42:05","guid":{"rendered":"https:\/\/morenoprimero.com.ar\/?p=38646"},"modified":"2023-05-11T13:42:05","modified_gmt":"2023-05-11T16:42:05","slug":"se-realizara-un-taller-de-huerta-y-alimentacion-saludable","status":"publish","type":"post","link":"https:\/\/morenoprimero.com.ar\/archivo\/se-realizara-un-taller-de-huerta-y-alimentacion-saludable\/","title":{"rendered":"Se realizar\u00e1 un taller de huerta y alimentaci\u00f3n saludable"},"content":{"rendered":"\n<p>El Municipio de Moreno, a trav\u00e9s de la Secretar\u00eda de Desarrollo Comunitario y en conjunto con Instituto Municipal de Desarrollo Econ\u00f3mico Local (IMDEL), desarrollar\u00e1 un taller de huerta y alimentaci\u00f3n saludable este viernes 12 de mayo, en el comedor Sagrada Familia de Paso del Rey.<\/p>\n\n\n\n<p>La jornada se llevar\u00e1 adelante el d\u00eda 12 de mayo en el comedor Sagrada Familia, ubicado en la calle Franklin, entre Miserere y Varvello, localidad Paso del Rey, a partir de las 10.30 horas.<\/p>\n\n\n\n<p>All\u00ed, adem\u00e1s del taller abierto a la comunidad, se realizar\u00e1 entrega de semillas y asesoramiento sobre Celiaqu\u00eda.<\/p>\n\n\n\n<figure class=\"wp-block-image size-full\"><a href=\"https:\/\/morenoprimero.com.ar\/wp-content\/uploads\/2023\/05\/WhatsApp-Image-2023-05-09-at-13.31.05.jpeg\"><img loading=\"lazy\" decoding=\"async\" width=\"1014\" height=\"1014\" src=\"https:\/\/morenoprimero.com.ar\/wp-content\/uploads\/2023\/05\/WhatsApp-Image-2023-05-09-at-13.31.05.jpeg\" alt=\"\" class=\"wp-image-38648\" srcset=\"https:\/\/morenoprimero.com.ar\/archivo\/wp-content\/uploads\/2023\/05\/WhatsApp-Image-2023-05-09-at-13.31.05.jpeg 1014w, https:\/\/morenoprimero.com.ar\/archivo\/wp-content\/uploads\/2023\/05\/WhatsApp-Image-2023-05-09-at-13.31.05-300x300.jpeg 300w, https:\/\/morenoprimero.com.ar\/archivo\/wp-content\/uploads\/2023\/05\/WhatsApp-Image-2023-05-09-at-13.31.05-150x150.jpeg 150w, https:\/\/morenoprimero.com.ar\/archivo\/wp-content\/uploads\/2023\/05\/WhatsApp-Image-2023-05-09-at-13.31.05-768x768.jpeg 768w\" sizes=\"auto, (max-width: 1014px) 100vw, 1014px\" \/><\/a><\/figure>\n","protected":false},"excerpt":{"rendered":"<p>El Municipio de Moreno, a trav\u00e9s de la Secretar\u00eda de Desarrollo Comunitario y en conjunto con Instituto Municipal de Desarrollo Econ\u00f3mico Local (IMDEL), desarrollar\u00e1 un taller de huerta y alimentaci\u00f3n saludable este viernes 12 de mayo, en el comedor Sagrada &hellip; <a href=\"https:\/\/morenoprimero.com.ar\/archivo\/se-realizara-un-taller-de-huerta-y-alimentacion-saludable\/\">Sigue leyendo <span class=\"meta-nav\">&rarr;<\/span><\/a><\/p>\n","protected":false},"author":6,"featured_media":38651,"comment_status":"closed","ping_status":"closed","sticky":false,"template":"","format":"standard","meta":{"footnotes":""},"categories":[2328],"tags":[242,3650],"class_list":["post-38646","post","type-post","status-publish","format-standard","has-post-thumbnail","hentry","category-local","tag-imdel","tag-secretaria-de-desarrollo-comunitario-2"],"_links":{"self":[{"href":"https:\/\/morenoprimero.com.ar\/archivo\/wp-json\/wp\/v2\/posts\/38646","targetHints":{"allow":["GET"]}}],"collection":[{"href":"https:\/\/morenoprimero.com.ar\/archivo\/wp-json\/wp\/v2\/posts"}],"about":[{"href":"https:\/\/morenoprimero.com.ar\/archivo\/wp-json\/wp\/v2\/types\/post"}],"author":[{"embeddable":true,"href":"https:\/\/morenoprimero.com.ar\/archivo\/wp-json\/wp\/v2\/users\/6"}],"replies":[{"embeddable":true,"href":"https:\/\/morenoprimero.com.ar\/archivo\/wp-json\/wp\/v2\/comments?post=38646"}],"version-history":[{"count":1,"href":"https:\/\/morenoprimero.com.ar\/archivo\/wp-json\/wp\/v2\/posts\/38646\/revisions"}],"predecessor-version":[{"id":38652,"href":"https:\/\/morenoprimero.com.ar\/archivo\/wp-json\/wp\/v2\/posts\/38646\/revisions\/38652"}],"wp:featuredmedia":[{"embeddable":true,"href":"https:\/\/morenoprimero.com.ar\/archivo\/wp-json\/wp\/v2\/media\/38651"}],"wp:attachment":[{"href":"https:\/\/morenoprimero.com.ar\/archivo\/wp-json\/wp\/v2\/media?parent=38646"}],"wp:term":[{"taxonomy":"category","embeddable":true,"href":"https:\/\/morenoprimero.com.ar\/archivo\/wp-json\/wp\/v2\/categories?post=38646"},{"taxonomy":"post_tag","embeddable":true,"href":"https:\/\/morenoprimero.com.ar\/archivo\/wp-json\/wp\/v2\/tags?post=38646"}],"curies":[{"name":"wp","href":"https:\/\/api.w.org\/{rel}","templated":true}]}}