{"id":38623,"date":"2023-05-09T10:25:10","date_gmt":"2023-05-09T13:25:10","guid":{"rendered":"https:\/\/morenoprimero.com.ar\/?p=38623"},"modified":"2023-05-09T10:25:10","modified_gmt":"2023-05-09T13:25:10","slug":"la-provincia-de-buenos-aires-aumenta-30-jubilaciones-y-pensiones-minimas","status":"publish","type":"post","link":"https:\/\/morenoprimero.com.ar\/archivo\/la-provincia-de-buenos-aires-aumenta-30-jubilaciones-y-pensiones-minimas\/","title":{"rendered":"La Provincia de Buenos Aires aumenta 30% jubilaciones y pensiones m\u00ednimas"},"content":{"rendered":"\n<p>As\u00ed lo afirm\u00f3 Axel Kicillof en un acto en Casa de Gobierno. El aumento ser\u00e1 retroactivo a marzo. Tambi\u00e9n se firm\u00f3 un convenio con el Banco Provincia.<\/p>\n\n\n\n<p>El gobernador de la provincia de Buenos Aires,\u00a0<strong>Axel Kicillof<\/strong>, anunci\u00f3 un aumento del 30% para las jubilaciones y pensiones m\u00ednimas, que ser\u00e1 retroactivo a marzo.<\/p>\n\n\n\n<p>Con este nuevo aumento,<strong>\u00a0los haberes m\u00ednimos habr\u00e1n aumentado un 142,5% en el \u00faltimo de un a\u00f1o<\/strong>, es decir casi cuarenta puntos porcentuales por encima de la inflaci\u00f3n del mismo periodo que alcanz\u00f3 el 104,3%.<\/p>\n\n\n\n<p>El anuncio tuvo lugar en la presentaci\u00f3n de la segunda etapa del programa \u00ab<strong>IPS M\u00e1s Cerca<\/strong>\u00ab, que pretende descentralizar las prestaciones provinciales para que lleguen a los distintos distritos, sin necesidad de que la persona se acerque a la sede central.<\/p>\n\n\n\n<p>\u00abVenimos haciendo un trabajo de recuperaci\u00f3n de un organismo que estuvo fuertemente golpeado.&nbsp;<strong>Cuando en la tele alguno escucha a alg\u00fan representante de la derecha o del neoliberalismo hablar de ajuste, hablar de dinamitar, sabe que las primeras v\u00edctimas en las que est\u00e1n pensando son en los jubilados<\/strong>\u00ab, afirm\u00f3 Kicillof.<\/p>\n\n\n\n<p>Y record\u00f3: \u00ab<strong>Siempre se la han agarrado con los jubilados y lo ven como un sector que tiene una relativa indefensi\u00f3n<\/strong>. Vemos que lo primero que el neoliberalismo agarra es lo que consideran lo m\u00e1s d\u00e9bil y vulnerable\u00bb.<\/p>\n\n\n\n<p>En esa direcci\u00f3n, desde el IPS destacaron que el haber m\u00ednimo es percibido solo por el 3% del total de beneficiarios del organismo; mientras que<strong>\u00a0el haber promedio contributivo asciende a $228.435<\/strong>.<\/p>\n\n\n\n<p>En su segundo acto del d\u00eda, agreg\u00f3: \u00abMuchas veces esta idea se camufla en una idea de finanzas sanas. En concreto es recortar d\u00f3nde creen que menos resistencia van a encontrar\u00bb.<\/p>\n\n\n\n<p>Y describi\u00f3 las maneras en las cuales se realizan los recortes: \u00abA veces esos ajustes son frontales.&nbsp;<strong>Casi no hay candidato de la derecha que no hable de la necesidad de reducir o disminuir lo que ellos consideran gastos previsionales<\/strong>\u00ab.<\/p>\n\n\n\n<p>A su vez, destac\u00f3: \u00ab<strong>Hay veces que ese ajuste se hace de manera solapada e intentan que pase desapercibido. La burocracia, la dificultad de los tr\u00e1mites, los vericuetos por los que hay que atravesar para acceder a un derecho que corresponde son parte de un ajuste encubierto\u00bb<\/strong>.<\/p>\n\n\n\n<p>Y agreg\u00f3: \u00abAlcanza con que haya un tramiter\u00edo infernal o lejan\u00eda para que el ajuste se realice sin costo.&nbsp;<strong>La burocracia es un modo del ajuste. A la derecha le molesta parad\u00f3jicamente cuando el Estado se vuelve m\u00e1s cercano y m\u00e1s eficaz<\/strong>\u00ab, dispar\u00f3 el gobernador.<\/p>\n\n\n\n<p>\u00abLa descentralizaci\u00f3n es f\u00e1cil de explicar. Muchas prestaciones se encuentran lejanas y distantes de los 17 millones de bonaerenses<strong>. Hay quienes que por haber nacido y trabajado en alg\u00fan lugar del interior de la provincia, quedan privados de sus derechos, de una forma no expl\u00edcita pero no por eso menos perversa<\/strong>\u00ab, sigui\u00f3 el mandatario provincial.<\/p>\n\n\n\n<p>\u00ab<strong>Necesitamos que no sea un obst\u00e1culo haber nacido y vivir lejos de La Plata. Para eso hay que iniciar un proceso de descentralizaci\u00f3n<\/strong>\u00ab, dijo Kicillof en Casa de Gobierno.<\/p>\n\n\n\n<p>\u00abCortar y achicar es algo que se hace en un minuto. Resulta que esto de usar la lapicera y tomar decisiones, resulta que era m\u00e1s f\u00e1cil usar la tijera que la lapicera. Nosotros decidimos ir por el lado de la lapicera\u00bb, cerr\u00f3 el gobernador.<\/p>\n\n\n\n<figure class=\"wp-block-image size-full\"><a href=\"https:\/\/morenoprimero.com.ar\/wp-content\/uploads\/2023\/05\/image-26.png\"><img loading=\"lazy\" decoding=\"async\" width=\"886\" height=\"550\" src=\"https:\/\/morenoprimero.com.ar\/wp-content\/uploads\/2023\/05\/image-26.png\" alt=\"\" class=\"wp-image-38628\" srcset=\"https:\/\/morenoprimero.com.ar\/archivo\/wp-content\/uploads\/2023\/05\/image-26.png 886w, https:\/\/morenoprimero.com.ar\/archivo\/wp-content\/uploads\/2023\/05\/image-26-300x186.png 300w, https:\/\/morenoprimero.com.ar\/archivo\/wp-content\/uploads\/2023\/05\/image-26-768x477.png 768w\" sizes=\"auto, (max-width: 886px) 100vw, 886px\" \/><\/a><\/figure>\n\n\n\n<h2 class=\"wp-block-heading\">Firma de convenio para anteojos para jubilados<\/h2>\n\n\n\n<p>En el mismo acto, la Fundaci\u00f3n Banco de la Provincia de Buenos Aires, representada en su presidenta,&nbsp;<strong>Agustina Vila<\/strong>, firm\u00f3 un convenio con el Instituto de Previsi\u00f3n Social para impulsar acciones orientadas a la realizaci\u00f3n gratuita de diagn\u00f3sticos y controles oftalmol\u00f3gicos y a la entrega de anteojos a jubilados y pensionados que perciban un haber m\u00ednimo<\/p>\n\n\n\n<p>A su vez, bajo la idea de descentralizaci\u00f3n, dijeron presente las regionales de Mercedes, San Nicol\u00e1s, La Matanza, Jun\u00edn, General Pueyrred\u00f3n, Bah\u00eda Blanca, Olavarr\u00eda, La Plata, Tres de Febrero y Avellaneda, para seguir ampliando las prestaciones provinciales en el territorio.<\/p>\n\n\n\n<p><a href=\"https:\/\/media.infocielo.com\/p\/3f34e7b0d6cdc8f0a70e50f522256e37\/adjuntos\/299\/imagenes\/001\/619\/0001619312\/887x0\/smart\/sorteo1jpeg.jpeg\"><\/a><\/p>\n","protected":false},"excerpt":{"rendered":"<p>As\u00ed lo afirm\u00f3 Axel Kicillof en un acto en Casa de Gobierno. El aumento ser\u00e1 retroactivo a marzo. Tambi\u00e9n se firm\u00f3 un convenio con el Banco Provincia. El gobernador de la provincia de Buenos Aires,\u00a0Axel Kicillof, anunci\u00f3 un aumento del &hellip; <a href=\"https:\/\/morenoprimero.com.ar\/archivo\/la-provincia-de-buenos-aires-aumenta-30-jubilaciones-y-pensiones-minimas\/\">Sigue leyendo <span class=\"meta-nav\">&rarr;<\/span><\/a><\/p>\n","protected":false},"author":6,"featured_media":38624,"comment_status":"closed","ping_status":"closed","sticky":false,"template":"","format":"standard","meta":{"footnotes":""},"categories":[2329],"tags":[132],"class_list":["post-38623","post","type-post","status-publish","format-standard","has-post-thumbnail","hentry","category-provincial","tag-axel-kicillof"],"_links":{"self":[{"href":"https:\/\/morenoprimero.com.ar\/archivo\/wp-json\/wp\/v2\/posts\/38623","targetHints":{"allow":["GET"]}}],"collection":[{"href":"https:\/\/morenoprimero.com.ar\/archivo\/wp-json\/wp\/v2\/posts"}],"about":[{"href":"https:\/\/morenoprimero.com.ar\/archivo\/wp-json\/wp\/v2\/types\/post"}],"author":[{"embeddable":true,"href":"https:\/\/morenoprimero.com.ar\/archivo\/wp-json\/wp\/v2\/users\/6"}],"replies":[{"embeddable":true,"href":"https:\/\/morenoprimero.com.ar\/archivo\/wp-json\/wp\/v2\/comments?post=38623"}],"version-history":[{"count":3,"href":"https:\/\/morenoprimero.com.ar\/archivo\/wp-json\/wp\/v2\/posts\/38623\/revisions"}],"predecessor-version":[{"id":38629,"href":"https:\/\/morenoprimero.com.ar\/archivo\/wp-json\/wp\/v2\/posts\/38623\/revisions\/38629"}],"wp:featuredmedia":[{"embeddable":true,"href":"https:\/\/morenoprimero.com.ar\/archivo\/wp-json\/wp\/v2\/media\/38624"}],"wp:attachment":[{"href":"https:\/\/morenoprimero.com.ar\/archivo\/wp-json\/wp\/v2\/media?parent=38623"}],"wp:term":[{"taxonomy":"category","embeddable":true,"href":"https:\/\/morenoprimero.com.ar\/archivo\/wp-json\/wp\/v2\/categories?post=38623"},{"taxonomy":"post_tag","embeddable":true,"href":"https:\/\/morenoprimero.com.ar\/archivo\/wp-json\/wp\/v2\/tags?post=38623"}],"curies":[{"name":"wp","href":"https:\/\/api.w.org\/{rel}","templated":true}]}}