{"id":38619,"date":"2023-05-09T08:52:31","date_gmt":"2023-05-09T11:52:31","guid":{"rendered":"https:\/\/morenoprimero.com.ar\/?p=38619"},"modified":"2023-05-09T08:52:31","modified_gmt":"2023-05-09T11:52:31","slug":"el-tren-sarmiento-y-el-roca-funcionan-con-demoras-y-cancelaciones","status":"publish","type":"post","link":"https:\/\/morenoprimero.com.ar\/archivo\/el-tren-sarmiento-y-el-roca-funcionan-con-demoras-y-cancelaciones\/","title":{"rendered":"El Tren Sarmiento y el Roca funcionan con demoras y cancelaciones"},"content":{"rendered":"\n<p>En la ma\u00f1ana del 9 de mayo, el servicio del Tren Sarmiento funciona con demoras y cancelaciones por pasajero descompensado. El tren Roca funciona con demoras por precauci\u00f3n de v\u00edas por obras. <\/p>\n\n\n\n<p><strong>Trenes Argentinos\u00a0<\/strong>comunic\u00f3 que a los usuarios que el servicio del\u00a0<strong>Tren Sarmiento<\/strong>\u00a0y del<strong>\u00a0Tren Roca\u00a0<\/strong>funcionan con demoras y cancelaciones desde las primeras horas de la ma\u00f1ana de este martes 9 de mayo.\u00a0<\/p>\n\n\n\n<p>Seg\u00fan explic\u00f3 la empresa ferroviaria, las cancelaciones y demoras se llevan a cabo en el ramal Once-Moreno del Tren Sarmiento por un pasajero descompensado en la estaci\u00f3n Flores.<\/p>\n\n\n\n<p><strong>\u00ab#TrenSarmiento | Servicio con demoras y cancelaciones por pasajero descompensado en estaci\u00f3n #Flores. 08:02 hs\u00bb<\/strong>, escribi\u00f3 Trenes Argentinos desde su cuenta oficial de Twitter.<\/p>\n\n\n\n<p>Por otra parte, la empresa comunic\u00f3 que el ramal Bosques-Temperley funcionan con demoras por obras en zona de v\u00edas.\u00a0<a href=\"https:\/\/twitter.com\/hashtag\/TrenRoca?src=hashtag_click\"><\/a><strong>\u00ab#TrenRoca #RamalBosquesTemperley | Servicio con demoras por precauci\u00f3n de v\u00edas por obras. 07:22 hs\u00bb<\/strong>, se\u00f1al\u00f3 Trenes Argentinos.<\/p>\n\n\n\n<p><a href=\"https:\/\/twitter.com\/TrenesArg\/status\/1654074065873674253\"><\/a>El tren a Bosques con trasbordo en la estaci\u00f3n Temperley lo utilizan miles de pasajeros diariamente y, desde la estaci\u00f3n Constituci\u00f3n, recorre 33,5 km. Las paradas del ramal son: Plaza Constituci\u00f3n, Hip\u00f3lito Yrigoyen, Dar\u00edo Santill\u00e1n y Maximiliano Kosteki (Avellaneda), Gerli, Lan\u00fas, Remedios de Escalada, Banfield, Lomas de Zamora, Temperley, M\u00e1rmol, Calzada, Claypole, Ardig\u00f3, Florencio Varela, Zeballos, Bosques, Santa Sof\u00eda, Guti\u00e9rrez.<\/p>\n\n\n\n<p><a href=\"https:\/\/media.infocielo.com\/p\/6d87dda1bb6393704b07e92c3b42fc93\/adjuntos\/299\/imagenes\/001\/572\/0001572220\/887x0\/smart\/tren-roca-horariosjpg.jpg\"><\/a><\/p>\n","protected":false},"excerpt":{"rendered":"<p>En la ma\u00f1ana del 9 de mayo, el servicio del Tren Sarmiento funciona con demoras y cancelaciones por pasajero descompensado. El tren Roca funciona con demoras por precauci\u00f3n de v\u00edas por obras. Trenes Argentinos\u00a0comunic\u00f3 que a los usuarios que el &hellip; <a href=\"https:\/\/morenoprimero.com.ar\/archivo\/el-tren-sarmiento-y-el-roca-funcionan-con-demoras-y-cancelaciones\/\">Sigue leyendo <span class=\"meta-nav\">&rarr;<\/span><\/a><\/p>\n","protected":false},"author":6,"featured_media":38621,"comment_status":"closed","ping_status":"closed","sticky":false,"template":"","format":"standard","meta":{"footnotes":""},"categories":[21],"tags":[1222],"class_list":["post-38619","post","type-post","status-publish","format-standard","has-post-thumbnail","hentry","category-interes-general","tag-tren-sarmiento"],"_links":{"self":[{"href":"https:\/\/morenoprimero.com.ar\/archivo\/wp-json\/wp\/v2\/posts\/38619","targetHints":{"allow":["GET"]}}],"collection":[{"href":"https:\/\/morenoprimero.com.ar\/archivo\/wp-json\/wp\/v2\/posts"}],"about":[{"href":"https:\/\/morenoprimero.com.ar\/archivo\/wp-json\/wp\/v2\/types\/post"}],"author":[{"embeddable":true,"href":"https:\/\/morenoprimero.com.ar\/archivo\/wp-json\/wp\/v2\/users\/6"}],"replies":[{"embeddable":true,"href":"https:\/\/morenoprimero.com.ar\/archivo\/wp-json\/wp\/v2\/comments?post=38619"}],"version-history":[{"count":2,"href":"https:\/\/morenoprimero.com.ar\/archivo\/wp-json\/wp\/v2\/posts\/38619\/revisions"}],"predecessor-version":[{"id":38622,"href":"https:\/\/morenoprimero.com.ar\/archivo\/wp-json\/wp\/v2\/posts\/38619\/revisions\/38622"}],"wp:featuredmedia":[{"embeddable":true,"href":"https:\/\/morenoprimero.com.ar\/archivo\/wp-json\/wp\/v2\/media\/38621"}],"wp:attachment":[{"href":"https:\/\/morenoprimero.com.ar\/archivo\/wp-json\/wp\/v2\/media?parent=38619"}],"wp:term":[{"taxonomy":"category","embeddable":true,"href":"https:\/\/morenoprimero.com.ar\/archivo\/wp-json\/wp\/v2\/categories?post=38619"},{"taxonomy":"post_tag","embeddable":true,"href":"https:\/\/morenoprimero.com.ar\/archivo\/wp-json\/wp\/v2\/tags?post=38619"}],"curies":[{"name":"wp","href":"https:\/\/api.w.org\/{rel}","templated":true}]}}