{"id":38589,"date":"2023-05-08T15:33:20","date_gmt":"2023-05-08T18:33:20","guid":{"rendered":"https:\/\/morenoprimero.com.ar\/?p=38589"},"modified":"2023-05-08T15:33:20","modified_gmt":"2023-05-08T18:33:20","slug":"nuevas-jornadas-del-mercado-popular-en-moreno","status":"publish","type":"post","link":"https:\/\/morenoprimero.com.ar\/archivo\/nuevas-jornadas-del-mercado-popular-en-moreno\/","title":{"rendered":"Nuevas jornadas del Mercado Popular en Moreno"},"content":{"rendered":"\n<p>El Municipio de Moreno, a trav\u00e9s del Instituto Municipal de Desarrollo Econ\u00f3mico Local (IMDEL), comparti\u00f3 el cronograma semanal de las distintas jornadas del Mercado de Econom\u00eda Popular que estar\u00e1n en el distrito. Estos espacios tienen como objetivo que emprendedoras y emprendedores locales, como productoras y productores primarios puedan ofrecer productos de calidad a la comunidad a precios accesibles.<\/p>\n\n\n\n<p>Se desarrollar\u00e1n jornadas este martes 9 en B\u00b0 Lomas, Moreno Norte de 10 a 14 horas; el mi\u00e9rcoles 10 en Plaza San Mart\u00edn, Moreno Centro de 8 a 17 horas; el jueves 11 en B\u00b0 Sat\u00e9lite, Moreno Norte de 10 a 14 horas y el viernes 12 a partir de las 8 a 17 horas en Plaza San Mart\u00edn, Moreno Centro.<\/p>\n\n\n\n<p>En los distintos mercados populares, que se realizan todas las semanas en distintas localidades del distrito, las vecinas y vecinos tendr\u00e1n acceso a productos de calidad a precios justos y accesibles tales como: de verduras, frutas, carne de cerdo de producci\u00f3n local, legumbres, cereales, huevos y miel, entre otros.<\/p>\n\n\n\n<p>De esta manera, el gobierno municipal junto al gobierno nacional desarrolla iniciativas que permiten la comercializaci\u00f3n de alimentos de cercan\u00eda de la mano del cooperativismo, a la vez que promueve y activa tanto el trabajo como la econom\u00eda local.<\/p>\n\n\n\n<figure class=\"wp-block-gallery has-nested-images columns-default is-cropped wp-block-gallery-1 is-layout-flex wp-block-gallery-is-layout-flex\">\n<figure class=\"wp-block-image size-large\"><a href=\"https:\/\/morenoprimero.com.ar\/wp-content\/uploads\/2023\/05\/WhatsApp-Image-2023-05-08-at-13.17.17-1.jpeg\"><img loading=\"lazy\" decoding=\"async\" width=\"819\" height=\"1024\" data-id=\"38593\" src=\"https:\/\/morenoprimero.com.ar\/wp-content\/uploads\/2023\/05\/WhatsApp-Image-2023-05-08-at-13.17.17-1.jpeg\" alt=\"\" class=\"wp-image-38593\" srcset=\"https:\/\/morenoprimero.com.ar\/archivo\/wp-content\/uploads\/2023\/05\/WhatsApp-Image-2023-05-08-at-13.17.17-1.jpeg 819w, https:\/\/morenoprimero.com.ar\/archivo\/wp-content\/uploads\/2023\/05\/WhatsApp-Image-2023-05-08-at-13.17.17-1-240x300.jpeg 240w, https:\/\/morenoprimero.com.ar\/archivo\/wp-content\/uploads\/2023\/05\/WhatsApp-Image-2023-05-08-at-13.17.17-1-768x960.jpeg 768w\" sizes=\"auto, (max-width: 819px) 100vw, 819px\" \/><\/a><\/figure>\n\n\n\n<figure class=\"wp-block-image size-large\"><a href=\"https:\/\/morenoprimero.com.ar\/wp-content\/uploads\/2023\/05\/WhatsApp-Image-2023-05-08-at-13.17.17.jpeg\"><img loading=\"lazy\" decoding=\"async\" width=\"819\" height=\"1024\" data-id=\"38590\" src=\"https:\/\/morenoprimero.com.ar\/wp-content\/uploads\/2023\/05\/WhatsApp-Image-2023-05-08-at-13.17.17.jpeg\" alt=\"\" class=\"wp-image-38590\" srcset=\"https:\/\/morenoprimero.com.ar\/archivo\/wp-content\/uploads\/2023\/05\/WhatsApp-Image-2023-05-08-at-13.17.17.jpeg 819w, https:\/\/morenoprimero.com.ar\/archivo\/wp-content\/uploads\/2023\/05\/WhatsApp-Image-2023-05-08-at-13.17.17-240x300.jpeg 240w, https:\/\/morenoprimero.com.ar\/archivo\/wp-content\/uploads\/2023\/05\/WhatsApp-Image-2023-05-08-at-13.17.17-768x960.jpeg 768w\" sizes=\"auto, (max-width: 819px) 100vw, 819px\" \/><\/a><\/figure>\n\n\n\n<figure class=\"wp-block-image size-large\"><a href=\"https:\/\/morenoprimero.com.ar\/wp-content\/uploads\/2023\/05\/WhatsApp-Image-2023-05-08-at-13.17.15.jpeg\"><img loading=\"lazy\" decoding=\"async\" width=\"819\" height=\"1024\" data-id=\"38591\" src=\"https:\/\/morenoprimero.com.ar\/wp-content\/uploads\/2023\/05\/WhatsApp-Image-2023-05-08-at-13.17.15.jpeg\" alt=\"\" class=\"wp-image-38591\" srcset=\"https:\/\/morenoprimero.com.ar\/archivo\/wp-content\/uploads\/2023\/05\/WhatsApp-Image-2023-05-08-at-13.17.15.jpeg 819w, https:\/\/morenoprimero.com.ar\/archivo\/wp-content\/uploads\/2023\/05\/WhatsApp-Image-2023-05-08-at-13.17.15-240x300.jpeg 240w, https:\/\/morenoprimero.com.ar\/archivo\/wp-content\/uploads\/2023\/05\/WhatsApp-Image-2023-05-08-at-13.17.15-768x960.jpeg 768w\" sizes=\"auto, (max-width: 819px) 100vw, 819px\" \/><\/a><\/figure>\n\n\n\n<figure class=\"wp-block-image size-large\"><a href=\"https:\/\/morenoprimero.com.ar\/wp-content\/uploads\/2023\/05\/WhatsApp-Image-2023-05-08-at-13.17.14.jpeg\"><img loading=\"lazy\" decoding=\"async\" width=\"819\" height=\"1024\" data-id=\"38592\" src=\"https:\/\/morenoprimero.com.ar\/wp-content\/uploads\/2023\/05\/WhatsApp-Image-2023-05-08-at-13.17.14.jpeg\" alt=\"\" class=\"wp-image-38592\" srcset=\"https:\/\/morenoprimero.com.ar\/archivo\/wp-content\/uploads\/2023\/05\/WhatsApp-Image-2023-05-08-at-13.17.14.jpeg 819w, https:\/\/morenoprimero.com.ar\/archivo\/wp-content\/uploads\/2023\/05\/WhatsApp-Image-2023-05-08-at-13.17.14-240x300.jpeg 240w, https:\/\/morenoprimero.com.ar\/archivo\/wp-content\/uploads\/2023\/05\/WhatsApp-Image-2023-05-08-at-13.17.14-768x960.jpeg 768w\" sizes=\"auto, (max-width: 819px) 100vw, 819px\" \/><\/a><\/figure>\n<\/figure>\n","protected":false},"excerpt":{"rendered":"<p>El Municipio de Moreno, a trav\u00e9s del Instituto Municipal de Desarrollo Econ\u00f3mico Local (IMDEL), comparti\u00f3 el cronograma semanal de las distintas jornadas del Mercado de Econom\u00eda Popular que estar\u00e1n en el distrito. Estos espacios tienen como objetivo que emprendedoras y &hellip; <a href=\"https:\/\/morenoprimero.com.ar\/archivo\/nuevas-jornadas-del-mercado-popular-en-moreno\/\">Sigue leyendo <span class=\"meta-nav\">&rarr;<\/span><\/a><\/p>\n","protected":false},"author":6,"featured_media":38594,"comment_status":"closed","ping_status":"closed","sticky":false,"template":"","format":"standard","meta":{"footnotes":""},"categories":[2328],"tags":[242,965],"class_list":["post-38589","post","type-post","status-publish","format-standard","has-post-thumbnail","hentry","category-local","tag-imdel","tag-mercado-de-la-economia-popular"],"_links":{"self":[{"href":"https:\/\/morenoprimero.com.ar\/archivo\/wp-json\/wp\/v2\/posts\/38589","targetHints":{"allow":["GET"]}}],"collection":[{"href":"https:\/\/morenoprimero.com.ar\/archivo\/wp-json\/wp\/v2\/posts"}],"about":[{"href":"https:\/\/morenoprimero.com.ar\/archivo\/wp-json\/wp\/v2\/types\/post"}],"author":[{"embeddable":true,"href":"https:\/\/morenoprimero.com.ar\/archivo\/wp-json\/wp\/v2\/users\/6"}],"replies":[{"embeddable":true,"href":"https:\/\/morenoprimero.com.ar\/archivo\/wp-json\/wp\/v2\/comments?post=38589"}],"version-history":[{"count":2,"href":"https:\/\/morenoprimero.com.ar\/archivo\/wp-json\/wp\/v2\/posts\/38589\/revisions"}],"predecessor-version":[{"id":38597,"href":"https:\/\/morenoprimero.com.ar\/archivo\/wp-json\/wp\/v2\/posts\/38589\/revisions\/38597"}],"wp:featuredmedia":[{"embeddable":true,"href":"https:\/\/morenoprimero.com.ar\/archivo\/wp-json\/wp\/v2\/media\/38594"}],"wp:attachment":[{"href":"https:\/\/morenoprimero.com.ar\/archivo\/wp-json\/wp\/v2\/media?parent=38589"}],"wp:term":[{"taxonomy":"category","embeddable":true,"href":"https:\/\/morenoprimero.com.ar\/archivo\/wp-json\/wp\/v2\/categories?post=38589"},{"taxonomy":"post_tag","embeddable":true,"href":"https:\/\/morenoprimero.com.ar\/archivo\/wp-json\/wp\/v2\/tags?post=38589"}],"curies":[{"name":"wp","href":"https:\/\/api.w.org\/{rel}","templated":true}]}}