{"id":38543,"date":"2023-05-29T16:04:30","date_gmt":"2023-05-29T19:04:30","guid":{"rendered":"https:\/\/morenoprimero.com.ar\/?p=38543"},"modified":"2023-05-30T09:11:16","modified_gmt":"2023-05-30T12:11:16","slug":"centro-cultural-comunitario-graciela-un-espacio-de-encuentro-de-vecinas-y-vecinos-de-mi-barrio","status":"publish","type":"post","link":"https:\/\/morenoprimero.com.ar\/archivo\/centro-cultural-comunitario-graciela-un-espacio-de-encuentro-de-vecinas-y-vecinos-de-mi-barrio\/","title":{"rendered":"Centro Cultural Comunitario Graciela, un espacio de encuentro de vecinas y vecinos de Mi Barrio\u00a0"},"content":{"rendered":"\n<p>El Centro Cultural Comunitario Graciela nace a partir de un hecho tr\u00e1gico que conmovi\u00f3 a la comunidad de Mi Barrio. Graciela fue vecina del barrio morenense, que muri\u00f3 en manos de su hijo, un paciente psiqui\u00e1trico. A partir de eso, se cedi\u00f3 su hogar en comodato para poner en funcionamiento un lugar que atienda familias, vecinos y vecinas. Hoy en d\u00eda el Centro Comunitario lleva el nombre de Graciela, recordada por su solidaridad y buen coraz\u00f3n, que a su vez ofrece m\u00e1s de 10 actividades semanales. Desde Moreno Primero dialogamos con Soledad M\u00e1rquez, coordinadora del Centro Comunitario.<\/p>\n\n\n\n<p>En el a\u00f1o 2022, un hecho tr\u00e1gico conmovi\u00f3 a Mi barrio. Graciela fue v\u00edctima de un matricidio, al morir en manos de su hijo, un paciente psiqui\u00e1trico. A los pocos d\u00edas la casa fue usurpada durante meses, y la due\u00f1a del lugar tom\u00f3 las acciones necesarias para que desocupen el lugar. Al tiempo, nace un espacio de encuentro para vecinos y vecinas del barrio.&nbsp;<\/p>\n\n\n\n<p><strong>Soledad M\u00e1rquez<\/strong>, coordinadora del espacio, cont\u00f3 a Moreno Primero que la due\u00f1a de la casa, ubicada en Lisandro de La Torre y Per\u00fa,&nbsp;se comunic\u00f3 con la Asociaci\u00f3n Civil a la cual pertenecen para ceder en comodato su casa. \u201c<strong>Se nos pidi\u00f3, desde un principio, que all\u00ed funcione un espacio para abordar problem\u00e1ticas de familias, mujeres, ni\u00f1os y ni\u00f1as, y atender la necesidad de las y los vecinos que lo requieran<\/strong>\u201d, explic\u00f3. &nbsp;<\/p>\n\n\n\n<p>En el mes de diciembre, la polic\u00eda y el municipio de Moreno desalojan el lugar. \u201c<strong>Una vez vac\u00edo el lugar comenzamos a construir un espacio cultural, y a trav\u00e9s de charlas y visitas con vecinos y vecinas, se decide en conjunto que su nombre fuera Centro Cultural Comunitario Graciela, en honor a esta mujer solidaria y de gran coraz\u00f3n\u201d<\/strong>, cont\u00f3. &nbsp;<\/p>\n\n\n\n<p>Durante todo el mes de enero y febrero acondicion\u00f3 el lugar, desde la pintura hasta las plantas, y luego comenzaron las actividades para toda la comunidad: talleres, DibujArte, Apoyo Escolar, una Feria Americana para solventar gastos de servicios y mejoras del lugar, Crochet, Manualidades, Guitarra, Entrenamiento Funcional y Yoga. Tambi\u00e9n se controla la presi\u00f3n, y funciona un dispositivo Casa Pueblo&nbsp;que aborda de forma integral a personas con consumo problem\u00e1tico.&nbsp;<\/p>\n\n\n\n<p>\u201c<strong>Tenemos muchas ideas y ganas de poder sumar al barrio, construyendo un lugar donde todos podamos trabajar en comunidad y conjunto<\/strong>\u201d, expres\u00f3 la coordinadora. &nbsp;&nbsp;<\/p>\n\n\n\n<p>\u201c<strong>Los talleres pertenec\u00edan al Centro Cultural Chichilo, quien hoy funciona de manera educativa<\/strong>\u201d, aclara Soledad. En este lugar funciona el programa FINES (secundaria para adultos), la E.E.P.A 704 (primaria de adultos), y tambi\u00e9n inici\u00f3 un proyecto educativo socio comunitario donde pueden asistir ni\u00f1os y adolescentes de 4 a 21 a\u00f1os. &nbsp;<\/p>\n\n\n\n<p>Adem\u00e1s, <strong>\u201cen Chichilo, cada s\u00e1bado se encuentran j\u00f3venes de diferentes barrios y cuentan sus vivencias m\u00e1s cercanas. De ah\u00ed surgi\u00f3 la idea de pedir donaciones de \u00fatiles y ropa de abrigo<\/strong>\u201d, explic\u00f3 Soledad. &nbsp;<\/p>\n\n\n\n<p>De esa forma naci\u00f3 la campa\u00f1a \u201c<strong>Mi barrio te abriga<\/strong>\u201d. <strong>\u201cLa ropa de abrigo que se colecte ser\u00e1 repartida a personas y\/o familias en situaci\u00f3n de calle para poder atravesar este fr\u00edo que a\u00fan no lleg\u00f3, pero que ya empezamos a sentirlo<\/strong>\u201d, agreg\u00f3.&nbsp;<\/p>\n\n\n\n<p>Todas las donaciones ser\u00e1n recibidas en el Centro Cultural Chichilo, ubicado en M\u00e1rquez de Aguado 554, de lunes a viernes de 9 a 18 horas y los s\u00e1bados de 16 a 18 horas.&nbsp;<\/p>\n\n\n\n<figure class=\"wp-block-image size-large\"><a href=\"https:\/\/morenoprimero.com.ar\/wp-content\/uploads\/2023\/05\/image-30.png\"><img loading=\"lazy\" decoding=\"async\" width=\"1024\" height=\"768\" src=\"https:\/\/morenoprimero.com.ar\/wp-content\/uploads\/2023\/05\/image-30-1024x768.png\" alt=\"\" class=\"wp-image-38671\" srcset=\"https:\/\/morenoprimero.com.ar\/archivo\/wp-content\/uploads\/2023\/05\/image-30-1024x768.png 1024w, https:\/\/morenoprimero.com.ar\/archivo\/wp-content\/uploads\/2023\/05\/image-30-300x225.png 300w, https:\/\/morenoprimero.com.ar\/archivo\/wp-content\/uploads\/2023\/05\/image-30-768x576.png 768w, https:\/\/morenoprimero.com.ar\/archivo\/wp-content\/uploads\/2023\/05\/image-30.png 1280w\" sizes=\"auto, (max-width: 1024px) 100vw, 1024px\" \/><\/a><\/figure>\n","protected":false},"excerpt":{"rendered":"<p>El Centro Cultural Comunitario Graciela nace a partir de un hecho tr\u00e1gico que conmovi\u00f3 a la comunidad de Mi Barrio. Graciela fue vecina del barrio morenense, que muri\u00f3 en manos de su hijo, un paciente psiqui\u00e1trico. A partir de eso, &hellip; <a href=\"https:\/\/morenoprimero.com.ar\/archivo\/centro-cultural-comunitario-graciela-un-espacio-de-encuentro-de-vecinas-y-vecinos-de-mi-barrio\/\">Sigue leyendo <span class=\"meta-nav\">&rarr;<\/span><\/a><\/p>\n","protected":false},"author":6,"featured_media":38643,"comment_status":"closed","ping_status":"closed","sticky":false,"template":"","format":"standard","meta":{"footnotes":""},"categories":[2,2328],"tags":[4646,4608],"class_list":["post-38543","post","type-post","status-publish","format-standard","has-post-thumbnail","hentry","category-destacadas","category-local","tag-centro-cultural-comunitario-graciela","tag-mi-barrio"],"_links":{"self":[{"href":"https:\/\/morenoprimero.com.ar\/archivo\/wp-json\/wp\/v2\/posts\/38543","targetHints":{"allow":["GET"]}}],"collection":[{"href":"https:\/\/morenoprimero.com.ar\/archivo\/wp-json\/wp\/v2\/posts"}],"about":[{"href":"https:\/\/morenoprimero.com.ar\/archivo\/wp-json\/wp\/v2\/types\/post"}],"author":[{"embeddable":true,"href":"https:\/\/morenoprimero.com.ar\/archivo\/wp-json\/wp\/v2\/users\/6"}],"replies":[{"embeddable":true,"href":"https:\/\/morenoprimero.com.ar\/archivo\/wp-json\/wp\/v2\/comments?post=38543"}],"version-history":[{"count":6,"href":"https:\/\/morenoprimero.com.ar\/archivo\/wp-json\/wp\/v2\/posts\/38543\/revisions"}],"predecessor-version":[{"id":39150,"href":"https:\/\/morenoprimero.com.ar\/archivo\/wp-json\/wp\/v2\/posts\/38543\/revisions\/39150"}],"wp:featuredmedia":[{"embeddable":true,"href":"https:\/\/morenoprimero.com.ar\/archivo\/wp-json\/wp\/v2\/media\/38643"}],"wp:attachment":[{"href":"https:\/\/morenoprimero.com.ar\/archivo\/wp-json\/wp\/v2\/media?parent=38543"}],"wp:term":[{"taxonomy":"category","embeddable":true,"href":"https:\/\/morenoprimero.com.ar\/archivo\/wp-json\/wp\/v2\/categories?post=38543"},{"taxonomy":"post_tag","embeddable":true,"href":"https:\/\/morenoprimero.com.ar\/archivo\/wp-json\/wp\/v2\/tags?post=38543"}],"curies":[{"name":"wp","href":"https:\/\/api.w.org\/{rel}","templated":true}]}}