{"id":38497,"date":"2023-05-08T10:47:19","date_gmt":"2023-05-08T13:47:19","guid":{"rendered":"https:\/\/morenoprimero.com.ar\/?p=38497"},"modified":"2023-05-08T10:47:20","modified_gmt":"2023-05-08T13:47:20","slug":"taller-de-herramientas-pedagogicas-para-educadoras-populares","status":"publish","type":"post","link":"https:\/\/morenoprimero.com.ar\/archivo\/taller-de-herramientas-pedagogicas-para-educadoras-populares\/","title":{"rendered":"Taller de herramientas pedag\u00f3gicas para educadoras populares"},"content":{"rendered":"\n<p>La Municipalidad de Moreno, a trav\u00e9s de la Direcci\u00f3n de Educaci\u00f3n Popular y Comunitaria de la Subsecretar\u00eda de Educaci\u00f3n, en conjunto con la ONG \u201cIncluir Nos\u201d, desarrollar\u00e1 un taller de Herramientas Pedag\u00f3gicas para educadoras populares, el d\u00eda martes 9 de mayo, a las 10 horas, en el teatro Roma, ubicado en Uruguay 33.<\/p>\n\n\n\n<p>Se abordar\u00e1n las conductas disruptivas, funciones ejecutivas y estrategias del Trastorno por D\u00e9ficit de Atenci\u00f3n e Hiperactividad (TDAH) y del Trastorno del Espectro Autista (TEA). La jornada es libre y gratuita.<\/p>\n\n\n\n<figure class=\"wp-block-image size-large\"><a href=\"https:\/\/morenoprimero.com.ar\/wp-content\/uploads\/2023\/05\/WhatsApp-Image-2023-05-04-at-11.21.07.jpeg\"><img loading=\"lazy\" decoding=\"async\" width=\"1018\" height=\"1024\" src=\"https:\/\/morenoprimero.com.ar\/wp-content\/uploads\/2023\/05\/WhatsApp-Image-2023-05-04-at-11.21.07-1018x1024.jpeg\" alt=\"\" class=\"wp-image-38500\" srcset=\"https:\/\/morenoprimero.com.ar\/archivo\/wp-content\/uploads\/2023\/05\/WhatsApp-Image-2023-05-04-at-11.21.07-1018x1024.jpeg 1018w, https:\/\/morenoprimero.com.ar\/archivo\/wp-content\/uploads\/2023\/05\/WhatsApp-Image-2023-05-04-at-11.21.07-298x300.jpeg 298w, https:\/\/morenoprimero.com.ar\/archivo\/wp-content\/uploads\/2023\/05\/WhatsApp-Image-2023-05-04-at-11.21.07-150x150.jpeg 150w, https:\/\/morenoprimero.com.ar\/archivo\/wp-content\/uploads\/2023\/05\/WhatsApp-Image-2023-05-04-at-11.21.07-768x773.jpeg 768w, https:\/\/morenoprimero.com.ar\/archivo\/wp-content\/uploads\/2023\/05\/WhatsApp-Image-2023-05-04-at-11.21.07-1526x1536.jpeg 1526w, https:\/\/morenoprimero.com.ar\/archivo\/wp-content\/uploads\/2023\/05\/WhatsApp-Image-2023-05-04-at-11.21.07.jpeg 1590w\" sizes=\"auto, (max-width: 1018px) 100vw, 1018px\" \/><\/a><\/figure>\n","protected":false},"excerpt":{"rendered":"<p>La Municipalidad de Moreno, a trav\u00e9s de la Direcci\u00f3n de Educaci\u00f3n Popular y Comunitaria de la Subsecretar\u00eda de Educaci\u00f3n, en conjunto con la ONG \u201cIncluir Nos\u201d, desarrollar\u00e1 un taller de Herramientas Pedag\u00f3gicas para educadoras populares, el d\u00eda martes 9 de &hellip; <a href=\"https:\/\/morenoprimero.com.ar\/archivo\/taller-de-herramientas-pedagogicas-para-educadoras-populares\/\">Sigue leyendo <span class=\"meta-nav\">&rarr;<\/span><\/a><\/p>\n","protected":false},"author":6,"featured_media":38504,"comment_status":"closed","ping_status":"closed","sticky":false,"template":"","format":"standard","meta":{"footnotes":""},"categories":[2328],"tags":[4587,4600,4274],"class_list":["post-38497","post","type-post","status-publish","format-standard","has-post-thumbnail","hentry","category-local","tag-direccion-de-educacion-comunitaria-y-popular","tag-ong-incluir-nos","tag-subsecretaria-de-educacion-2"],"_links":{"self":[{"href":"https:\/\/morenoprimero.com.ar\/archivo\/wp-json\/wp\/v2\/posts\/38497","targetHints":{"allow":["GET"]}}],"collection":[{"href":"https:\/\/morenoprimero.com.ar\/archivo\/wp-json\/wp\/v2\/posts"}],"about":[{"href":"https:\/\/morenoprimero.com.ar\/archivo\/wp-json\/wp\/v2\/types\/post"}],"author":[{"embeddable":true,"href":"https:\/\/morenoprimero.com.ar\/archivo\/wp-json\/wp\/v2\/users\/6"}],"replies":[{"embeddable":true,"href":"https:\/\/morenoprimero.com.ar\/archivo\/wp-json\/wp\/v2\/comments?post=38497"}],"version-history":[{"count":1,"href":"https:\/\/morenoprimero.com.ar\/archivo\/wp-json\/wp\/v2\/posts\/38497\/revisions"}],"predecessor-version":[{"id":38505,"href":"https:\/\/morenoprimero.com.ar\/archivo\/wp-json\/wp\/v2\/posts\/38497\/revisions\/38505"}],"wp:featuredmedia":[{"embeddable":true,"href":"https:\/\/morenoprimero.com.ar\/archivo\/wp-json\/wp\/v2\/media\/38504"}],"wp:attachment":[{"href":"https:\/\/morenoprimero.com.ar\/archivo\/wp-json\/wp\/v2\/media?parent=38497"}],"wp:term":[{"taxonomy":"category","embeddable":true,"href":"https:\/\/morenoprimero.com.ar\/archivo\/wp-json\/wp\/v2\/categories?post=38497"},{"taxonomy":"post_tag","embeddable":true,"href":"https:\/\/morenoprimero.com.ar\/archivo\/wp-json\/wp\/v2\/tags?post=38497"}],"curies":[{"name":"wp","href":"https:\/\/api.w.org\/{rel}","templated":true}]}}