{"id":38402,"date":"2023-04-30T17:37:18","date_gmt":"2023-04-30T20:37:18","guid":{"rendered":"https:\/\/morenoprimero.com.ar\/?p=38402"},"modified":"2023-04-30T17:37:18","modified_gmt":"2023-04-30T20:37:18","slug":"el-instituto-cultural-mantuvo-un-encuentro-con-la-red-de-espacios-culturales-independientes-de-bahia-blanca","status":"publish","type":"post","link":"https:\/\/morenoprimero.com.ar\/archivo\/el-instituto-cultural-mantuvo-un-encuentro-con-la-red-de-espacios-culturales-independientes-de-bahia-blanca\/","title":{"rendered":"El Instituto Cultural mantuvo un encuentro con la Red de Espacios Culturales Independientes de Bah\u00eda Blanca"},"content":{"rendered":"\n<p><em>Se realiz\u00f3 en el Consorcio de Gesti\u00f3n del Puerto y participaron autoridades provinciales y representantes de la cultura regional. Se proyectaron l\u00edneas de trabajo conjuntas, con la presencia de otros actores clave de la ciudad.<\/em><\/p>\n\n\n\n<p>El Instituto Cultural de la Provincia de Buenos Aires mantuvo un encuentro de trabajo con la Red de<em>&nbsp;<\/em>Espacios Culturales Independientes de Bah\u00eda Blanca, en el se debati\u00f3 sobre la situaci\u00f3n actual y las necesidades del sector. La reuni\u00f3n se realiz\u00f3 en el Consorcio de Gesti\u00f3n del Puerto local y cont\u00f3 tambi\u00e9n con la participaci\u00f3n de Federico Susbielles, anfitri\u00f3n y Director de la entidad portuaria, Ayel\u00e9n Dur\u00e1n, senadora provincial por el FdT, Gabriel Godoy, ex legislador y Romina Feij\u00f3o, subcoordinadora territorial del Instituto Cultural en la regi\u00f3n.&nbsp;<\/p>\n\n\n\n<p>A trav\u00e9s de la Direcci\u00f3n Provincial de Promoci\u00f3n y Producci\u00f3n Cultural en Territorios, a cargo de Paloma S\u00e1nchez y dependiente de la Subsecretar\u00eda de Industrias Creativas del Instituto Cultural, se intercambiaron ideas con la Red, que realiza un gran trabajo de articulaci\u00f3n entre 22 espacios culturales independientes y con otros actores clave de la ciudad.&nbsp;<\/p>\n\n\n\n<p>\u00abEl 60% de la actividad cultural local se realiza en los espacios independientes\u00bb afirm\u00f3 Elisardo Tunessi, referente de la Red. Entre algunas de las acciones que han realizado desde ese espacio se encuentra la web&nbsp;<a href=\"https:\/\/www.venicultura.com.ar\/\">Ven\u00ed Cultura<\/a>, donde se aloja la agenda cultural local, informaci\u00f3n sobre los espacios y entrevistas. Entre las principales problem\u00e1ticas con que se enfrentan los centros, se encuentran las dificultades para gestionar habilitaciones municipales de funcionamiento, que le dan un marco regulatorio a sus actividades.&nbsp;<\/p>\n\n\n\n<p>La reuni\u00f3n fue participativa y se proyectaron l\u00edneas de trabajo conjuntas entre la Red y el Instituto Cultural. Luego, la directora Paloma S\u00e1nchez y su equipo visitaron tres espacios culturales de perfiles dis\u00edmiles: el espacio \u00abMotor Colectivo\u00bb, la hist\u00f3rica sala de teatro independiente \u00abVariet\u00e9\u00bb y la sala teatral Juanita Primera.<\/p>\n\n\n\n<p>\u201cEstamos muy contentos con el nivel de convocatoria y sorprendidos con el nivel de organizaci\u00f3n que tienen los espacios culturales aqu\u00ed en Bah\u00eda\u201d, sostuvo S\u00e1nchez. \u201cEs una red \u00fanica en la provincia de Buenos Aires. Desde el Instituto Cultural es m\u00e1s f\u00e1cil articular cuando hay un colectivo organizado. Hay muchos desaf\u00edos que quedaron bien planteados en la reuni\u00f3n. Avanzaremos en la conquista de derechos y acompa\u00f1amiento del sector\u201d, complet\u00f3.<\/p>\n","protected":false},"excerpt":{"rendered":"<p>Se realiz\u00f3 en el Consorcio de Gesti\u00f3n del Puerto y participaron autoridades provinciales y representantes de la cultura regional. Se proyectaron l\u00edneas de trabajo conjuntas, con la presencia de otros actores clave de la ciudad. El Instituto Cultural de la &hellip; <a href=\"https:\/\/morenoprimero.com.ar\/archivo\/el-instituto-cultural-mantuvo-un-encuentro-con-la-red-de-espacios-culturales-independientes-de-bahia-blanca\/\">Sigue leyendo <span class=\"meta-nav\">&rarr;<\/span><\/a><\/p>\n","protected":false},"author":6,"featured_media":38403,"comment_status":"closed","ping_status":"closed","sticky":false,"template":"","format":"standard","meta":{"footnotes":""},"categories":[2329],"tags":[],"class_list":["post-38402","post","type-post","status-publish","format-standard","has-post-thumbnail","hentry","category-provincial"],"_links":{"self":[{"href":"https:\/\/morenoprimero.com.ar\/archivo\/wp-json\/wp\/v2\/posts\/38402","targetHints":{"allow":["GET"]}}],"collection":[{"href":"https:\/\/morenoprimero.com.ar\/archivo\/wp-json\/wp\/v2\/posts"}],"about":[{"href":"https:\/\/morenoprimero.com.ar\/archivo\/wp-json\/wp\/v2\/types\/post"}],"author":[{"embeddable":true,"href":"https:\/\/morenoprimero.com.ar\/archivo\/wp-json\/wp\/v2\/users\/6"}],"replies":[{"embeddable":true,"href":"https:\/\/morenoprimero.com.ar\/archivo\/wp-json\/wp\/v2\/comments?post=38402"}],"version-history":[{"count":1,"href":"https:\/\/morenoprimero.com.ar\/archivo\/wp-json\/wp\/v2\/posts\/38402\/revisions"}],"predecessor-version":[{"id":38404,"href":"https:\/\/morenoprimero.com.ar\/archivo\/wp-json\/wp\/v2\/posts\/38402\/revisions\/38404"}],"wp:featuredmedia":[{"embeddable":true,"href":"https:\/\/morenoprimero.com.ar\/archivo\/wp-json\/wp\/v2\/media\/38403"}],"wp:attachment":[{"href":"https:\/\/morenoprimero.com.ar\/archivo\/wp-json\/wp\/v2\/media?parent=38402"}],"wp:term":[{"taxonomy":"category","embeddable":true,"href":"https:\/\/morenoprimero.com.ar\/archivo\/wp-json\/wp\/v2\/categories?post=38402"},{"taxonomy":"post_tag","embeddable":true,"href":"https:\/\/morenoprimero.com.ar\/archivo\/wp-json\/wp\/v2\/tags?post=38402"}],"curies":[{"name":"wp","href":"https:\/\/api.w.org\/{rel}","templated":true}]}}