{"id":38386,"date":"2023-04-28T19:40:25","date_gmt":"2023-04-28T22:40:25","guid":{"rendered":"https:\/\/morenoprimero.com.ar\/?p=38386"},"modified":"2023-04-28T19:40:25","modified_gmt":"2023-04-28T22:40:25","slug":"moreno-propuestas-culturales-y-turisticas-para-disfrutar-este-fin-de-semana-largo","status":"publish","type":"post","link":"https:\/\/morenoprimero.com.ar\/archivo\/moreno-propuestas-culturales-y-turisticas-para-disfrutar-este-fin-de-semana-largo\/","title":{"rendered":"Moreno: propuestas culturales y tur\u00edsticas para disfrutar este fin de semana largo"},"content":{"rendered":"\n<p>Como cada fin de semana, el Municipio brinda una variedad de propuestas culturales y tur\u00edsticas para que pueda disfrutar la comunidad local y provincial. Entre los eventos que estar\u00e1n est\u00e1 el homenaje a Don Sixto Palavecino en el teatro Roma; la obra de teatro \u00abNebulosa\u00bb y \u00abSoy tu \u00c1ngel\u00bb; el festival por el D\u00eda del Animal en la Plaza Buj\u00e1n, el Festival de Danzas Plurinacional, entre otros. Y como siempre, las actividades recreativas que brinda La Reserva Municipal Los Robles.<\/p>\n\n\n\n<p>El viernes 27 de abril, a las 20:30 horas en el teatro Roma, ubicado en Uruguay 33, en el marco por el D\u00eda de la Cultura Quichua se realizar\u00e1 un homenaje a Don Sixto Palavecino. La celebraci\u00f3n, de entrada libre y gratuita, contar\u00e1 con m\u00fasica y bailes regionales y shows en vivo de los artistas: Rafa Revaneira, Tati Revaneira, Lorena y Dami\u00e1n Campos, El Misterio del ritmo, El Jarillal, Pura Sangre y el Ballet Ra\u00edces Nuestra.<\/p>\n\n\n\n<p>Adem\u00e1s, el viernes 27 a las 21 horas, en el teatro Municipal \u201cLeopoldo Marechal\u201d, ubicado en Asconap\u00e9 85, se presentar\u00e1 la obra \u201cNebulosa\u201d. Se trata sobre un viejo actor que lucha con su memoria para no olvidar los textos de su vida de actor. Una historia con humor y nostalgia que recorre los grandes textos de la literatura, de Cervantes a Fontanarosa.<\/p>\n\n\n\n<p>El s\u00e1bado 29 de abril a las 21 horas, en el teatro Municipal \u201cLeopoldo Marechal\u201d, se presentar\u00e1 la obra \u201cSoy tu \u00c1ngel\u201d, bajo la direcci\u00f3n de Omar Calicchio. Una comedia para re\u00edr y emocionarse con la actuaci\u00f3n de Germ\u00e1n Kraus, Silvia Peyrou y Bianca Lauria. La obra, escrita por Krause cuenta sobre la vida de un hombre retirado y alejado de todo y de todos despu\u00e9s de haber conocido el \u00e9xito y la fama.<\/p>\n\n\n\n<figure class=\"wp-block-gallery has-nested-images columns-default is-cropped wp-block-gallery-1 is-layout-flex wp-block-gallery-is-layout-flex\">\n<figure class=\"wp-block-image size-large\"><a href=\"https:\/\/morenoprimero.com.ar\/wp-content\/uploads\/2023\/04\/WhatsApp-Image-2023-04-28-at-16.26.44-1.jpeg\"><img loading=\"lazy\" decoding=\"async\" width=\"720\" height=\"900\" data-id=\"38390\" src=\"https:\/\/morenoprimero.com.ar\/wp-content\/uploads\/2023\/04\/WhatsApp-Image-2023-04-28-at-16.26.44-1.jpeg\" alt=\"\" class=\"wp-image-38390\" srcset=\"https:\/\/morenoprimero.com.ar\/archivo\/wp-content\/uploads\/2023\/04\/WhatsApp-Image-2023-04-28-at-16.26.44-1.jpeg 720w, https:\/\/morenoprimero.com.ar\/archivo\/wp-content\/uploads\/2023\/04\/WhatsApp-Image-2023-04-28-at-16.26.44-1-240x300.jpeg 240w\" sizes=\"auto, (max-width: 720px) 100vw, 720px\" \/><\/a><\/figure>\n\n\n\n<figure class=\"wp-block-image size-large\"><a href=\"https:\/\/morenoprimero.com.ar\/wp-content\/uploads\/2023\/04\/WhatsApp-Image-2023-04-28-at-16.26.43.jpeg\"><img loading=\"lazy\" decoding=\"async\" width=\"820\" height=\"1024\" data-id=\"38394\" src=\"https:\/\/morenoprimero.com.ar\/wp-content\/uploads\/2023\/04\/WhatsApp-Image-2023-04-28-at-16.26.43-820x1024.jpeg\" alt=\"\" class=\"wp-image-38394\" srcset=\"https:\/\/morenoprimero.com.ar\/archivo\/wp-content\/uploads\/2023\/04\/WhatsApp-Image-2023-04-28-at-16.26.43-820x1024.jpeg 820w, https:\/\/morenoprimero.com.ar\/archivo\/wp-content\/uploads\/2023\/04\/WhatsApp-Image-2023-04-28-at-16.26.43-240x300.jpeg 240w, https:\/\/morenoprimero.com.ar\/archivo\/wp-content\/uploads\/2023\/04\/WhatsApp-Image-2023-04-28-at-16.26.43-768x959.jpeg 768w, https:\/\/morenoprimero.com.ar\/archivo\/wp-content\/uploads\/2023\/04\/WhatsApp-Image-2023-04-28-at-16.26.43.jpeg 1081w\" sizes=\"auto, (max-width: 820px) 100vw, 820px\" \/><\/a><\/figure>\n\n\n\n<figure class=\"wp-block-image size-large\"><a href=\"https:\/\/morenoprimero.com.ar\/wp-content\/uploads\/2023\/04\/WhatsApp-Image-2023-04-28-at-16.26.44.jpeg\"><img loading=\"lazy\" decoding=\"async\" width=\"820\" height=\"1024\" data-id=\"38391\" src=\"https:\/\/morenoprimero.com.ar\/wp-content\/uploads\/2023\/04\/WhatsApp-Image-2023-04-28-at-16.26.44-820x1024.jpeg\" alt=\"\" class=\"wp-image-38391\" srcset=\"https:\/\/morenoprimero.com.ar\/archivo\/wp-content\/uploads\/2023\/04\/WhatsApp-Image-2023-04-28-at-16.26.44-820x1024.jpeg 820w, https:\/\/morenoprimero.com.ar\/archivo\/wp-content\/uploads\/2023\/04\/WhatsApp-Image-2023-04-28-at-16.26.44-240x300.jpeg 240w, https:\/\/morenoprimero.com.ar\/archivo\/wp-content\/uploads\/2023\/04\/WhatsApp-Image-2023-04-28-at-16.26.44-768x959.jpeg 768w, https:\/\/morenoprimero.com.ar\/archivo\/wp-content\/uploads\/2023\/04\/WhatsApp-Image-2023-04-28-at-16.26.44.jpeg 1081w\" sizes=\"auto, (max-width: 820px) 100vw, 820px\" \/><\/a><\/figure>\n<\/figure>\n\n\n\n<p><\/p>\n\n\n\n<p>Las entradas de cada una de las obras del Teatro Leopoldo Marechal son libres y gratuitas, y se retiran siempre una hora antes de la funci\u00f3n en la puerta del mismo.<\/p>\n\n\n\n<p>Como todos los s\u00e1bados, domingos y feriados de 9 a 18 horas, se puede visitar y disfrutar en familia del Predio Municipal Ferial, ubicado en Ruta 23 y O\u2019Brien, donde se ofrece indumentaria, artesan\u00edas, bazar, antig\u00fcedades y juguetes. El espacio cuenta adem\u00e1s con patio de comidas y estacionamiento libre y gratuito.<\/p>\n\n\n\n<p>Adem\u00e1s, el s\u00e1bado 29 de abril de 9 a 13 horas, culmina la semana del animal con un festival en la plaza Buj\u00e1n. Habr\u00e1 stands representativos de la fauna de Moreno, vacunaci\u00f3n gratuita y una caminata solidaria entre otras actividades.<\/p>\n\n\n\n<p>Tambi\u00e9n, el domingo 30 desde las 15 horas se realizar\u00e1 el Festival de Danzas Plurinacional, en la plaza Buj\u00e1n de Paso del Rey. Se podr\u00e1 disfrutar de la tradicional feria de productoras y productores locales y contar\u00e1 con shows y presentaciones en vivo de los artistas: Gaby Ayala, Renacer de una Patria Nueva, Compa\u00f1\u00eda Pura Sangre, Sol Leiva, Zapateo Sucre\u00f1o, Los Morenitos y Lauti D\u00edaz. De entrada libre y gratuita.<\/p>\n\n\n\n<figure class=\"wp-block-image size-large\"><a href=\"https:\/\/morenoprimero.com.ar\/wp-content\/uploads\/2023\/04\/WhatsApp-Image-2023-04-28-at-16.26.43-1.jpeg\"><img loading=\"lazy\" decoding=\"async\" width=\"822\" height=\"1024\" src=\"https:\/\/morenoprimero.com.ar\/wp-content\/uploads\/2023\/04\/WhatsApp-Image-2023-04-28-at-16.26.43-1-822x1024.jpeg\" alt=\"\" class=\"wp-image-38392\" srcset=\"https:\/\/morenoprimero.com.ar\/archivo\/wp-content\/uploads\/2023\/04\/WhatsApp-Image-2023-04-28-at-16.26.43-1-822x1024.jpeg 822w, https:\/\/morenoprimero.com.ar\/archivo\/wp-content\/uploads\/2023\/04\/WhatsApp-Image-2023-04-28-at-16.26.43-1-241x300.jpeg 241w, https:\/\/morenoprimero.com.ar\/archivo\/wp-content\/uploads\/2023\/04\/WhatsApp-Image-2023-04-28-at-16.26.43-1-768x956.jpeg 768w, https:\/\/morenoprimero.com.ar\/archivo\/wp-content\/uploads\/2023\/04\/WhatsApp-Image-2023-04-28-at-16.26.43-1.jpeg 1080w\" sizes=\"auto, (max-width: 822px) 100vw, 822px\" \/><\/a><\/figure>\n\n\n\n<p><\/p>\n\n\n\n<p><strong>Reserva Natural Municipal \u201cLos Robles\u201d<\/strong><\/p>\n\n\n\n<p>La Reserva Natural Municipal \u201cLos Robles\u201d es una excelente alternativa para compartir en familia y disfrutar de las bondades de este espacio natural que hacen de \u00e9l un punto tur\u00edstico importante en la provincia de Buenos Aires. All\u00ed se puede dormir, acampar, disfrutar del sector gastron\u00f3mico, realizar caminatas guiadas, espacios de juegos libres y de lectura para la ni\u00f1ez, y muchas actividades m\u00e1s.<\/p>\n\n\n\n<p>La reserva natural presenta una serie de actividades para disfrutar del espacio al aire libre.<\/p>\n\n\n\n<p>El s\u00e1bado 29 de 10 a 18 horas, se podr\u00e1 disfrutar del patio gastron\u00f3mico, y desde las 12 horas estar\u00e1 disponible la feria artesanal. A las 9 horas, en el marco del D\u00eda del animal se realizar\u00e1 la actividad \u201cAvistaje de aves\u201d en el paseo costero.<\/p>\n\n\n\n<p>En tanto a las 11 como a las 14 y las 16 horas, se realizar\u00e1 la recorrida guiada por el Centro de Visitantes. Asimismo, a las 16:20 horas se desarrollar\u00e1 el intervalo musical \u201cUn toque de m\u00fasica\u201d.<\/p>\n\n\n\n<p>A las 15 horas en el sector de la biblioteca se realizar\u00e1 el taller \u201cHormigas\u00bb. Mientras que a las 16:30 horas se podr\u00e1 participar de la actividad \u201cCaminata guiada por los senderos del bosque\u201d. A las 17 horas, se podr\u00e1 disfrutar en la proveedur\u00eda de un show musical ac\u00fastico en vivo con la presencia de Mat\u00edas de los Santos.<\/p>\n\n\n\n<p>El domingo 30 de 10 a 18 horas, se podr\u00e1 disfrutar del patio gastron\u00f3mico; y desde las 12 horas estar\u00e1 disponible la feria artesanal.<\/p>\n\n\n\n<p>Mientras que a las 11, 14 y 16 horas se podr\u00e1 hacer una recorrida guiada por el Centro de Visitantes y a las 16:20 horas el intervalo musical \u201cUn toque de m\u00fasica\u201d.<\/p>\n\n\n\n<p>Tambi\u00e9n a las 15.30 horas habr\u00e1 un show de m\u00fasica ac\u00fastica en vivo con la presentaci\u00f3n de Lucas Rodr\u00edguez y a las 16:30 horas se podr\u00e1 participar de la actividad \u201cCaminata guiada por los senderos del bosque\u201d.<\/p>\n\n\n\n<p>En \u201cLos Robles\u201d se tiene la posibilidad de alquilar Posadas del Bosque y las reservas se pueden tramitar a trav\u00e9s del e-mail <a href=\"mailto:turismo@moreno.gov.ar\">turismo@moreno.gov.ar<\/a>, o por las siguientes plataformas: #Airbnb, #TripAdvisor y #Booking; as\u00ed como de manera presencial en la administraci\u00f3n de las caba\u00f1as.<\/p>\n\n\n\n<p>Para visitar la reserva no hace falta inscripci\u00f3n previa. Las visitas son por orden de llegada hasta completar la capacidad del lugar.<\/p>\n\n\n\n<p>Para llegar en transporte p\u00fablico, se encuentra disponible el recorrido 26 de La Perlita, cartel \u201cLos Robles\u201d. Los horarios de salida desde Moreno son: 7:35 horas \u2013 10:13 horas &#8211; 12:35 horas \u2013 13:40 horas &#8211; 14:40 horas \u2013 16:20 horas y 17:35 horas. Los de regreso desde Los Robles son: 8 horas \u2013 10:33 horas \u2013 13 horas \u2013 14:05 horas \u2013 15:05 horas &#8211; 16:45 horas y a las 18 horas.<\/p>\n\n\n\n<figure class=\"wp-block-gallery has-nested-images columns-default is-cropped wp-block-gallery-2 is-layout-flex wp-block-gallery-is-layout-flex\">\n<figure class=\"wp-block-image size-large\"><a href=\"https:\/\/morenoprimero.com.ar\/wp-content\/uploads\/2023\/04\/WhatsApp-Image-2023-04-28-at-16.26.44-2.jpeg\"><img loading=\"lazy\" decoding=\"async\" width=\"1024\" height=\"1024\" data-id=\"38395\" src=\"https:\/\/morenoprimero.com.ar\/wp-content\/uploads\/2023\/04\/WhatsApp-Image-2023-04-28-at-16.26.44-2-1024x1024.jpeg\" alt=\"\" class=\"wp-image-38395\" srcset=\"https:\/\/morenoprimero.com.ar\/archivo\/wp-content\/uploads\/2023\/04\/WhatsApp-Image-2023-04-28-at-16.26.44-2-1024x1024.jpeg 1024w, https:\/\/morenoprimero.com.ar\/archivo\/wp-content\/uploads\/2023\/04\/WhatsApp-Image-2023-04-28-at-16.26.44-2-300x300.jpeg 300w, https:\/\/morenoprimero.com.ar\/archivo\/wp-content\/uploads\/2023\/04\/WhatsApp-Image-2023-04-28-at-16.26.44-2-150x150.jpeg 150w, https:\/\/morenoprimero.com.ar\/archivo\/wp-content\/uploads\/2023\/04\/WhatsApp-Image-2023-04-28-at-16.26.44-2-768x768.jpeg 768w, https:\/\/morenoprimero.com.ar\/archivo\/wp-content\/uploads\/2023\/04\/WhatsApp-Image-2023-04-28-at-16.26.44-2.jpeg 1081w\" sizes=\"auto, (max-width: 1024px) 100vw, 1024px\" \/><\/a><\/figure>\n\n\n\n<figure class=\"wp-block-image size-large\"><a href=\"https:\/\/morenoprimero.com.ar\/wp-content\/uploads\/2023\/04\/WhatsApp-Image-2023-04-28-at-16.26.45.jpeg\"><img loading=\"lazy\" decoding=\"async\" width=\"1024\" height=\"1024\" data-id=\"38393\" src=\"https:\/\/morenoprimero.com.ar\/wp-content\/uploads\/2023\/04\/WhatsApp-Image-2023-04-28-at-16.26.45-1024x1024.jpeg\" alt=\"\" class=\"wp-image-38393\" srcset=\"https:\/\/morenoprimero.com.ar\/archivo\/wp-content\/uploads\/2023\/04\/WhatsApp-Image-2023-04-28-at-16.26.45-1024x1024.jpeg 1024w, https:\/\/morenoprimero.com.ar\/archivo\/wp-content\/uploads\/2023\/04\/WhatsApp-Image-2023-04-28-at-16.26.45-300x300.jpeg 300w, https:\/\/morenoprimero.com.ar\/archivo\/wp-content\/uploads\/2023\/04\/WhatsApp-Image-2023-04-28-at-16.26.45-150x150.jpeg 150w, https:\/\/morenoprimero.com.ar\/archivo\/wp-content\/uploads\/2023\/04\/WhatsApp-Image-2023-04-28-at-16.26.45-768x768.jpeg 768w, https:\/\/morenoprimero.com.ar\/archivo\/wp-content\/uploads\/2023\/04\/WhatsApp-Image-2023-04-28-at-16.26.45.jpeg 1081w\" sizes=\"auto, (max-width: 1024px) 100vw, 1024px\" \/><\/a><\/figure>\n<\/figure>\n","protected":false},"excerpt":{"rendered":"<p>Como cada fin de semana, el Municipio brinda una variedad de propuestas culturales y tur\u00edsticas para que pueda disfrutar la comunidad local y provincial. Entre los eventos que estar\u00e1n est\u00e1 el homenaje a Don Sixto Palavecino en el teatro Roma; &hellip; <a href=\"https:\/\/morenoprimero.com.ar\/archivo\/moreno-propuestas-culturales-y-turisticas-para-disfrutar-este-fin-de-semana-largo\/\">Sigue leyendo <span class=\"meta-nav\">&rarr;<\/span><\/a><\/p>\n","protected":false},"author":6,"featured_media":38399,"comment_status":"closed","ping_status":"closed","sticky":false,"template":"","format":"standard","meta":{"footnotes":""},"categories":[2332],"tags":[162,1358],"class_list":["post-38386","post","type-post","status-publish","format-standard","has-post-thumbnail","hentry","category-cultura","tag-cultura-moreno","tag-turismo-moreno"],"_links":{"self":[{"href":"https:\/\/morenoprimero.com.ar\/archivo\/wp-json\/wp\/v2\/posts\/38386","targetHints":{"allow":["GET"]}}],"collection":[{"href":"https:\/\/morenoprimero.com.ar\/archivo\/wp-json\/wp\/v2\/posts"}],"about":[{"href":"https:\/\/morenoprimero.com.ar\/archivo\/wp-json\/wp\/v2\/types\/post"}],"author":[{"embeddable":true,"href":"https:\/\/morenoprimero.com.ar\/archivo\/wp-json\/wp\/v2\/users\/6"}],"replies":[{"embeddable":true,"href":"https:\/\/morenoprimero.com.ar\/archivo\/wp-json\/wp\/v2\/comments?post=38386"}],"version-history":[{"count":3,"href":"https:\/\/morenoprimero.com.ar\/archivo\/wp-json\/wp\/v2\/posts\/38386\/revisions"}],"predecessor-version":[{"id":38401,"href":"https:\/\/morenoprimero.com.ar\/archivo\/wp-json\/wp\/v2\/posts\/38386\/revisions\/38401"}],"wp:featuredmedia":[{"embeddable":true,"href":"https:\/\/morenoprimero.com.ar\/archivo\/wp-json\/wp\/v2\/media\/38399"}],"wp:attachment":[{"href":"https:\/\/morenoprimero.com.ar\/archivo\/wp-json\/wp\/v2\/media?parent=38386"}],"wp:term":[{"taxonomy":"category","embeddable":true,"href":"https:\/\/morenoprimero.com.ar\/archivo\/wp-json\/wp\/v2\/categories?post=38386"},{"taxonomy":"post_tag","embeddable":true,"href":"https:\/\/morenoprimero.com.ar\/archivo\/wp-json\/wp\/v2\/tags?post=38386"}],"curies":[{"name":"wp","href":"https:\/\/api.w.org\/{rel}","templated":true}]}}