{"id":381,"date":"2020-07-16T15:35:44","date_gmt":"2020-07-16T15:35:44","guid":{"rendered":"https:\/\/morenoprimero.com.ar\/?p=381"},"modified":"2020-07-16T15:35:44","modified_gmt":"2020-07-16T15:35:44","slug":"el-trabajo-de-caritas-diocesana-merlo-moreno-en-la-pandemia","status":"publish","type":"post","link":"https:\/\/morenoprimero.com.ar\/archivo\/el-trabajo-de-caritas-diocesana-merlo-moreno-en-la-pandemia\/","title":{"rendered":"EL TRABAJO DE C\u00c1RITAS DIOCESANA MERLO-MORENO EN LA PANDEMIA"},"content":{"rendered":"\n<p class=\"has-normal-font-size\"><strong>\u00a0La solidaridad en tiempos de pandemia tambi\u00e9n se expresa a trav\u00e9s de  iniciativas de vecinos, vecinas, organizaciones sociales y civiles. En di\u00e1logo con Moreno Primero, Rosa Mar\u00eda L\u00f3pez, directora de <strong>C\u00e1ritas Merlo-Moreno<\/strong> cuenta las actividades que realizan en el contexto actual. <\/strong><\/p>\n\n\n\n<p>\u00a0 Rosa Mar\u00eda L\u00f3pez se encarga de gestionar y organizar los diferentes proyectos que llevan a cabo junto con el equipo diocesano. Con respecto al territorio explica que \u201cEn las dos zonas estamos asistiendo de la misma manera, nada m\u00e1s que una tiene m\u00e1s centros o m\u00e1s espacios que otra. <strong>En Moreno la asistencia demanda\u00a0much\u00edsimo\u00a0m\u00e1s por la realidad propia del distrito<\/strong>. En Merlo, la asistencia ahora hizo que aumentaran las ollas populares, pero en menor medida que en Moreno.\u201d y agrega: \u201c<strong>La realidad econ\u00f3mica del pa\u00eds no es de la pandemia, sino que hay una\u00a0pre-pandemia, y esa situaci\u00f3n se agrav\u00f3<\/strong>. Como no pod\u00edamos hacer entregas directas de alimentos\u00a0por familia, apostamos a las ollas populares. Comenzamos con 9 y ya son 61 ollas, de las cuales el 70% est\u00e1n en Moreno.\u201d\u00a0<\/p>\n\n\n\n<p>\u00a0 Varias organizaciones apostaron a las ollas pospulares y  a no dejar a nadie sin alimentos. El problema surge cuando la demanda crece y hay que financiar estas ollas. Al respecto, Lopez dice que \u201c<strong>las ollas son financiadas a trav\u00e9s de donaciones de diferentes fundaciones, de sacerdotes, y de quien quiera donar.<\/strong>\u00a0Imaginate\u00a0que tenemos un gasto semanal de 200 mil pesos de carne nada m\u00e1s. Tenemos las 61 ollas, m\u00e1s los 22 comedores y 14 merenderos que estamos acompa\u00f1ando. Se hace bastante\u00a0dif\u00edcil.\u00a0Ten\u00e9\u00a0en cuenta que estamos entregando en las ollas nada m\u00e1s, por\u00a0semana, 56\u00a0mil porciones\u00bb.\u00a0<\/p>\n\n\n\n<p>\u00a0 Caritas tambi\u00e9n ayuda a familias con problemas de violencia intrafamiliar, en artiulaci\u00f3n con el Ministerio de Desarrollo y la Direcci\u00f3n  General de G\u00e9neros del Municipio. \u201cLo que tenemos nosotros es un refugio de mujeres de casos bien severos, ya judicializados.<strong> Es un hogar para mujeres y ni\u00f1os destinado a casos muy extremos donde la familia tiene que estar aislada de cualquier tipo de contacto, a\u00fan de su familia, porque la persona trata de localizarla para poner fin a sus vidas.<\/strong> Se la acompa\u00f1a en el hogar con la atenci\u00f3n\u00a0terap\u00e9utica\u00a0que corresponde,\u00a0intentando\u00a0aplacar un poco la angustia, recomponiendo v\u00ednculos madre-hijo que en estos casos se ve afectado. Pero el lugar no es de p\u00fablico conocimiento, justamente por la situaci\u00f3n de las mujeres que est\u00e1n a resguardo\u201d, expresa la Directora de la organizaci\u00f3n. <\/p>\n\n\n\n<p>\u00a0 \u00a0 Cartias tambi\u00e9n cuenta que hay un equipo de psic\u00f3logos que trabaja a <strong>en el acompa\u00f1amiento de las personas que se vieron afectadas psicol\u00f3gica-emocionalmente por la pandemia<\/strong>. \u00abAntes estaban de manera presencial y ahora es por v\u00eda virtual. Acompa\u00f1an todo tipo de demanda. Preferimos videollamada porque ah\u00ed\u00a0tenes\u00a0el contacto con la persona, desde el lado de la profesionalidad ellos lo necesitan\u201d detalla Lopez.<\/p>\n\n\n\n<p>\u00a0 \u00a0\u201c<strong>El\u00a0pos\u00a0pandemia va a ser largo y demandante, se termina la cuarentena y nosotros estaremos laburando de la misma forma, rogando a dios que otras personas puedan acompa\u00f1arnos con el aporte econ\u00f3mico que es lo que m\u00e1s nos falta<\/strong>.Desde ya, hay que arremangarse, confiar en dios y trabajar\u201d, afirma L\u00f3pez. <\/p>\n\n\n\n<figure class=\"wp-block-image size-large\"><img loading=\"lazy\" decoding=\"async\" width=\"1024\" height=\"1024\" src=\"https:\/\/morenoprimero.com.ar\/wp-content\/uploads\/2020\/07\/107783878_1939546362842556_2309152417862866884_o-1024x1024.jpg\" alt=\"\" class=\"wp-image-382\" srcset=\"https:\/\/morenoprimero.com.ar\/archivo\/wp-content\/uploads\/2020\/07\/107783878_1939546362842556_2309152417862866884_o-1024x1024.jpg 1024w, https:\/\/morenoprimero.com.ar\/archivo\/wp-content\/uploads\/2020\/07\/107783878_1939546362842556_2309152417862866884_o-300x300.jpg 300w, https:\/\/morenoprimero.com.ar\/archivo\/wp-content\/uploads\/2020\/07\/107783878_1939546362842556_2309152417862866884_o-150x150.jpg 150w, https:\/\/morenoprimero.com.ar\/archivo\/wp-content\/uploads\/2020\/07\/107783878_1939546362842556_2309152417862866884_o-768x768.jpg 768w, https:\/\/morenoprimero.com.ar\/archivo\/wp-content\/uploads\/2020\/07\/107783878_1939546362842556_2309152417862866884_o.jpg 1080w\" sizes=\"auto, (max-width: 1024px) 100vw, 1024px\" \/><\/figure>\n\n\n\n<p><strong>Toda persona que quiera colaborar con la organizaci\u00f3n puede realizar una donaci\u00f3n a trav\u00e9s de mercado pegado, entrando a la aplicaci\u00f3n y enviando el dinero al mail\u00a0<a rel=\"noreferrer noopener\" href=\"mailto:merlomoreno@caritas.org.ar\" target=\"_blank\">merlomoreno@caritas.org.ar<\/a>,\u00a0o bien,\u00a0contact\u00e1ndose\u00a0con el Facebook \u201cC\u00e1ritas Diocesana Merlo-Moreno\u00bb o contact\u00e1ndose al WhatsApp 1155236614 de lunes a viernes de 10 a 16\u00a0hs.<\/strong>\u00a0<\/p>\n","protected":false},"excerpt":{"rendered":"<p>\u00a0La solidaridad en tiempos de pandemia tambi\u00e9n se expresa a trav\u00e9s de iniciativas de vecinos, vecinas, organizaciones sociales y civiles. En di\u00e1logo con Moreno Primero, Rosa Mar\u00eda L\u00f3pez, directora de C\u00e1ritas Merlo-Moreno cuenta las actividades que realizan en el contexto &hellip; <a href=\"https:\/\/morenoprimero.com.ar\/archivo\/el-trabajo-de-caritas-diocesana-merlo-moreno-en-la-pandemia\/\">Sigue leyendo <span class=\"meta-nav\">&rarr;<\/span><\/a><\/p>\n","protected":false},"author":6,"featured_media":383,"comment_status":"open","ping_status":"open","sticky":false,"template":"","format":"standard","meta":{"footnotes":""},"categories":[21,20],"tags":[207,9,6,17,96],"class_list":["post-381","post","type-post","status-publish","format-standard","has-post-thumbnail","hentry","category-interes-general","category-sociedad","tag-caritas","tag-merlo","tag-moreno","tag-pandemia","tag-solidaridad"],"_links":{"self":[{"href":"https:\/\/morenoprimero.com.ar\/archivo\/wp-json\/wp\/v2\/posts\/381","targetHints":{"allow":["GET"]}}],"collection":[{"href":"https:\/\/morenoprimero.com.ar\/archivo\/wp-json\/wp\/v2\/posts"}],"about":[{"href":"https:\/\/morenoprimero.com.ar\/archivo\/wp-json\/wp\/v2\/types\/post"}],"author":[{"embeddable":true,"href":"https:\/\/morenoprimero.com.ar\/archivo\/wp-json\/wp\/v2\/users\/6"}],"replies":[{"embeddable":true,"href":"https:\/\/morenoprimero.com.ar\/archivo\/wp-json\/wp\/v2\/comments?post=381"}],"version-history":[{"count":2,"href":"https:\/\/morenoprimero.com.ar\/archivo\/wp-json\/wp\/v2\/posts\/381\/revisions"}],"predecessor-version":[{"id":408,"href":"https:\/\/morenoprimero.com.ar\/archivo\/wp-json\/wp\/v2\/posts\/381\/revisions\/408"}],"wp:featuredmedia":[{"embeddable":true,"href":"https:\/\/morenoprimero.com.ar\/archivo\/wp-json\/wp\/v2\/media\/383"}],"wp:attachment":[{"href":"https:\/\/morenoprimero.com.ar\/archivo\/wp-json\/wp\/v2\/media?parent=381"}],"wp:term":[{"taxonomy":"category","embeddable":true,"href":"https:\/\/morenoprimero.com.ar\/archivo\/wp-json\/wp\/v2\/categories?post=381"},{"taxonomy":"post_tag","embeddable":true,"href":"https:\/\/morenoprimero.com.ar\/archivo\/wp-json\/wp\/v2\/tags?post=381"}],"curies":[{"name":"wp","href":"https:\/\/api.w.org\/{rel}","templated":true}]}}