{"id":38039,"date":"2023-04-20T10:56:27","date_gmt":"2023-04-20T13:56:27","guid":{"rendered":"https:\/\/morenoprimero.com.ar\/?p=38039"},"modified":"2023-04-20T10:56:28","modified_gmt":"2023-04-20T13:56:28","slug":"continuan-los-operativos-sobre-derecho-a-la-cuota-alimentaria-en-moreno","status":"publish","type":"post","link":"https:\/\/morenoprimero.com.ar\/archivo\/continuan-los-operativos-sobre-derecho-a-la-cuota-alimentaria-en-moreno\/","title":{"rendered":"Contin\u00faan los operativos sobre derecho a la cuota alimentaria en Moreno"},"content":{"rendered":"\n<p>La Secretar\u00eda de Justicia y Derechos Humanos del Municipio de Moreno, en articulaci\u00f3n con la Direcci\u00f3n Nacional de Acceso a Justicia, se encuentra realizando distintos operativos en el distrito de Moreno, para abordar la problem\u00e1tica del incumplimiento del pago en la obligaci\u00f3n alimentaria por parte de progenitores de ni\u00f1os y ni\u00f1as. Ya se realizaron operativos en Cuartel V, y Catonas. <strong>Este jueves 20 de abril se realiza el tercero en Salvador Mar\u00eda del Carril y Lobos, Villa Zapiola, Paso del Rey de 10 a 14 horas<\/strong>, finalizando el siguiente jueves con el cuarto operativo en Moreno Sur.<\/p>\n\n\n\n<p>Dialogamos con Jesica Brigandi, de la Secretar\u00eda de Justicia y Derechos Humano del municipio, quien nos brind\u00f3 detalles sobre el alcance de los operativos:&nbsp; \u201c<strong>En los operativos que ven\u00edamos realizando desde las casas de justicia, hab\u00edamos detectado la gran demanda en torno al asesoramiento sobre el incumplimiento del pago de la cuota alimentaria, sobre todo en ciertos barrios o localidades\u201d<\/strong>.<\/p>\n\n\n\n<figure class=\"wp-block-gallery has-nested-images columns-default is-cropped wp-block-gallery-1 is-layout-flex wp-block-gallery-is-layout-flex\">\n<figure class=\"wp-block-image size-full\"><a href=\"https:\/\/morenoprimero.com.ar\/wp-content\/uploads\/2023\/04\/WhatsApp-Image-2023-04-19-at-18.21.40.jpeg\"><img loading=\"lazy\" decoding=\"async\" width=\"1024\" height=\"953\" data-id=\"38042\" src=\"https:\/\/morenoprimero.com.ar\/wp-content\/uploads\/2023\/04\/WhatsApp-Image-2023-04-19-at-18.21.40.jpeg\" alt=\"\" class=\"wp-image-38042\" srcset=\"https:\/\/morenoprimero.com.ar\/archivo\/wp-content\/uploads\/2023\/04\/WhatsApp-Image-2023-04-19-at-18.21.40.jpeg 1024w, https:\/\/morenoprimero.com.ar\/archivo\/wp-content\/uploads\/2023\/04\/WhatsApp-Image-2023-04-19-at-18.21.40-300x279.jpeg 300w, https:\/\/morenoprimero.com.ar\/archivo\/wp-content\/uploads\/2023\/04\/WhatsApp-Image-2023-04-19-at-18.21.40-768x715.jpeg 768w\" sizes=\"auto, (max-width: 1024px) 100vw, 1024px\" \/><\/a><\/figure>\n\n\n\n<figure class=\"wp-block-image size-large\"><a href=\"https:\/\/morenoprimero.com.ar\/wp-content\/uploads\/2023\/04\/WhatsApp-Image-2023-04-19-at-18.21.40-1.jpeg\"><img loading=\"lazy\" decoding=\"async\" width=\"1024\" height=\"768\" data-id=\"38041\" src=\"https:\/\/morenoprimero.com.ar\/wp-content\/uploads\/2023\/04\/WhatsApp-Image-2023-04-19-at-18.21.40-1.jpeg\" alt=\"\" class=\"wp-image-38041\" srcset=\"https:\/\/morenoprimero.com.ar\/archivo\/wp-content\/uploads\/2023\/04\/WhatsApp-Image-2023-04-19-at-18.21.40-1.jpeg 1024w, https:\/\/morenoprimero.com.ar\/archivo\/wp-content\/uploads\/2023\/04\/WhatsApp-Image-2023-04-19-at-18.21.40-1-300x225.jpeg 300w, https:\/\/morenoprimero.com.ar\/archivo\/wp-content\/uploads\/2023\/04\/WhatsApp-Image-2023-04-19-at-18.21.40-1-768x576.jpeg 768w\" sizes=\"auto, (max-width: 1024px) 100vw, 1024px\" \/><\/a><\/figure>\n<\/figure>\n\n\n\n<p><\/p>\n\n\n\n<p>La Secretar\u00eda de Justicia y DDHH del municipio de Moreno, en articulaci\u00f3n con Centros de Acceso a la Justicia de Naci\u00f3n, llevan adelante estos dispositivos de atenci\u00f3n para el cumplimiento del derecho de ni\u00f1os y ni\u00f1as&nbsp;respecto a la obligaci\u00f3n alimentaria por parte de sus padres y\/o madres.<\/p>\n\n\n\n<p>En estos operativos se asesora sobre las alternativas (judiciales, administrativas o a trav\u00e9s de mediaciones) para garantizar el pago de la cuota alimentaria y en el caso de ser necesario se deriva al patrocinio jur\u00eddico gratuito para su judicializaci\u00f3n<\/p>\n\n\n\n<p><strong>\u201cDesde los centros de acceso a justicia del Ministerio de Justicia de la Naci\u00f3n, esta misma l\u00ednea, se est\u00e1n realizando desde el mes de marzo, distintos operativos en toda la provincia de Buenos Aires, en conjunto con el Ministerio de las Mujeres de la provincia, a ra\u00edz de&nbsp;los altos \u00edndices de incumplimiento de deudores varones de cuota alimentaria y la vulneraci\u00f3n de los derechos de mujeres que est\u00e1n solas a cargo de sus hijos, y de los ni\u00f1os y ni\u00f1as\u201d, <\/strong>aclara Jesica.<\/p>\n\n\n\n<figure class=\"wp-block-video\"><video height=\"848\" style=\"aspect-ratio: 480 \/ 848;\" width=\"480\" controls src=\"https:\/\/morenoprimero.com.ar\/wp-content\/uploads\/2023\/04\/WhatsApp-Video-2023-04-19-at-18.21.38.mp4\"><\/video><\/figure>\n\n\n\n<p><\/p>\n\n\n\n<p>El incumplimiento en el pago de la cuota alimentaria implica una grave forma de violencia econ\u00f3mica que, en general, se encuentra acompa\u00f1ada de otras formas de violencia contra las madres que son quienes en general se ocupan no solo del sostenimiento econ\u00f3mico del hogar, sino de los cuidados de los menores de forma integral, lo que genera a su vez aumento en los \u00edndices de pobreza, sub empleo, y sobre empleo y endeudamiento de los hogares monoparentales.<\/p>\n\n\n\n<p><strong>\u201cEl asesoramiento es integral, no solamente implica brindar patrocinio jur\u00eddico gratuito en el caso que se necesite, que lo hacemos desde la red federal, sino el asesoramiento y promoci\u00f3n sobre el derecho a recibir la cuota, y que implica en cada caso. Hay temas que los solucionamos con mediaciones comunitarias sin llegar a&nbsp; judicializar la situaci\u00f3n, en otros casos la persona quiz\u00e1s ya tiene abogado pero no entiende los procesos, entonces se lo explicamos o si es necesario nos comunicamos con el o la letrada para poder brindarle mayor asesoramiento a la persona que se acerca a consultar<\/strong>\u00ab, finaliza Brigandi.<\/p>\n\n\n\n<figure class=\"wp-block-gallery has-nested-images columns-default is-cropped wp-block-gallery-2 is-layout-flex wp-block-gallery-is-layout-flex\">\n<figure class=\"wp-block-image size-large\"><a href=\"https:\/\/morenoprimero.com.ar\/wp-content\/uploads\/2023\/04\/WhatsApp-Image-2023-04-19-at-18.21.39.jpeg\"><img loading=\"lazy\" decoding=\"async\" width=\"1024\" height=\"768\" data-id=\"38045\" src=\"https:\/\/morenoprimero.com.ar\/wp-content\/uploads\/2023\/04\/WhatsApp-Image-2023-04-19-at-18.21.39.jpeg\" alt=\"\" class=\"wp-image-38045\" srcset=\"https:\/\/morenoprimero.com.ar\/archivo\/wp-content\/uploads\/2023\/04\/WhatsApp-Image-2023-04-19-at-18.21.39.jpeg 1024w, https:\/\/morenoprimero.com.ar\/archivo\/wp-content\/uploads\/2023\/04\/WhatsApp-Image-2023-04-19-at-18.21.39-300x225.jpeg 300w, https:\/\/morenoprimero.com.ar\/archivo\/wp-content\/uploads\/2023\/04\/WhatsApp-Image-2023-04-19-at-18.21.39-768x576.jpeg 768w\" sizes=\"auto, (max-width: 1024px) 100vw, 1024px\" \/><\/a><\/figure>\n\n\n\n<figure class=\"wp-block-image size-large\"><a href=\"https:\/\/morenoprimero.com.ar\/wp-content\/uploads\/2023\/04\/WhatsApp-Image-2023-04-19-at-18.21.38-2.jpeg\"><img loading=\"lazy\" decoding=\"async\" width=\"1024\" height=\"768\" data-id=\"38046\" src=\"https:\/\/morenoprimero.com.ar\/wp-content\/uploads\/2023\/04\/WhatsApp-Image-2023-04-19-at-18.21.38-2.jpeg\" alt=\"\" class=\"wp-image-38046\" srcset=\"https:\/\/morenoprimero.com.ar\/archivo\/wp-content\/uploads\/2023\/04\/WhatsApp-Image-2023-04-19-at-18.21.38-2.jpeg 1024w, https:\/\/morenoprimero.com.ar\/archivo\/wp-content\/uploads\/2023\/04\/WhatsApp-Image-2023-04-19-at-18.21.38-2-300x225.jpeg 300w, https:\/\/morenoprimero.com.ar\/archivo\/wp-content\/uploads\/2023\/04\/WhatsApp-Image-2023-04-19-at-18.21.38-2-768x576.jpeg 768w\" sizes=\"auto, (max-width: 1024px) 100vw, 1024px\" \/><\/a><\/figure>\n\n\n\n<figure class=\"wp-block-image size-large\"><a href=\"https:\/\/morenoprimero.com.ar\/wp-content\/uploads\/2023\/04\/WhatsApp-Image-2023-04-19-at-18.21.38-1.jpeg\"><img loading=\"lazy\" decoding=\"async\" width=\"1024\" height=\"768\" data-id=\"38048\" src=\"https:\/\/morenoprimero.com.ar\/wp-content\/uploads\/2023\/04\/WhatsApp-Image-2023-04-19-at-18.21.38-1.jpeg\" alt=\"\" class=\"wp-image-38048\" srcset=\"https:\/\/morenoprimero.com.ar\/archivo\/wp-content\/uploads\/2023\/04\/WhatsApp-Image-2023-04-19-at-18.21.38-1.jpeg 1024w, https:\/\/morenoprimero.com.ar\/archivo\/wp-content\/uploads\/2023\/04\/WhatsApp-Image-2023-04-19-at-18.21.38-1-300x225.jpeg 300w, https:\/\/morenoprimero.com.ar\/archivo\/wp-content\/uploads\/2023\/04\/WhatsApp-Image-2023-04-19-at-18.21.38-1-768x576.jpeg 768w\" sizes=\"auto, (max-width: 1024px) 100vw, 1024px\" \/><\/a><\/figure>\n\n\n\n<figure class=\"wp-block-image size-large\"><a href=\"https:\/\/morenoprimero.com.ar\/wp-content\/uploads\/2023\/04\/WhatsApp-Image-2023-04-19-at-18.21.38.jpeg\"><img loading=\"lazy\" decoding=\"async\" width=\"1024\" height=\"1022\" data-id=\"38047\" src=\"https:\/\/morenoprimero.com.ar\/wp-content\/uploads\/2023\/04\/WhatsApp-Image-2023-04-19-at-18.21.38-1024x1022.jpeg\" alt=\"\" class=\"wp-image-38047\" srcset=\"https:\/\/morenoprimero.com.ar\/archivo\/wp-content\/uploads\/2023\/04\/WhatsApp-Image-2023-04-19-at-18.21.38-1024x1022.jpeg 1024w, https:\/\/morenoprimero.com.ar\/archivo\/wp-content\/uploads\/2023\/04\/WhatsApp-Image-2023-04-19-at-18.21.38-300x300.jpeg 300w, https:\/\/morenoprimero.com.ar\/archivo\/wp-content\/uploads\/2023\/04\/WhatsApp-Image-2023-04-19-at-18.21.38-150x150.jpeg 150w, https:\/\/morenoprimero.com.ar\/archivo\/wp-content\/uploads\/2023\/04\/WhatsApp-Image-2023-04-19-at-18.21.38-768x767.jpeg 768w, https:\/\/morenoprimero.com.ar\/archivo\/wp-content\/uploads\/2023\/04\/WhatsApp-Image-2023-04-19-at-18.21.38.jpeg 1280w\" sizes=\"auto, (max-width: 1024px) 100vw, 1024px\" \/><\/a><\/figure>\n<\/figure>\n","protected":false},"excerpt":{"rendered":"<p>La Secretar\u00eda de Justicia y Derechos Humanos del Municipio de Moreno, en articulaci\u00f3n con la Direcci\u00f3n Nacional de Acceso a Justicia, se encuentra realizando distintos operativos en el distrito de Moreno, para abordar la problem\u00e1tica del incumplimiento del pago en &hellip; <a href=\"https:\/\/morenoprimero.com.ar\/archivo\/continuan-los-operativos-sobre-derecho-a-la-cuota-alimentaria-en-moreno\/\">Sigue leyendo <span class=\"meta-nav\">&rarr;<\/span><\/a><\/p>\n","protected":false},"author":6,"featured_media":38048,"comment_status":"closed","ping_status":"closed","sticky":false,"template":"","format":"standard","meta":{"footnotes":""},"categories":[2328],"tags":[4566,3809,3727],"class_list":["post-38039","post","type-post","status-publish","format-standard","has-post-thumbnail","hentry","category-local","tag-derecho-a-la-cuota-alimentaria","tag-jesica-brigandi","tag-secretaria-de-justicia-y-derechos-humanos"],"_links":{"self":[{"href":"https:\/\/morenoprimero.com.ar\/archivo\/wp-json\/wp\/v2\/posts\/38039","targetHints":{"allow":["GET"]}}],"collection":[{"href":"https:\/\/morenoprimero.com.ar\/archivo\/wp-json\/wp\/v2\/posts"}],"about":[{"href":"https:\/\/morenoprimero.com.ar\/archivo\/wp-json\/wp\/v2\/types\/post"}],"author":[{"embeddable":true,"href":"https:\/\/morenoprimero.com.ar\/archivo\/wp-json\/wp\/v2\/users\/6"}],"replies":[{"embeddable":true,"href":"https:\/\/morenoprimero.com.ar\/archivo\/wp-json\/wp\/v2\/comments?post=38039"}],"version-history":[{"count":3,"href":"https:\/\/morenoprimero.com.ar\/archivo\/wp-json\/wp\/v2\/posts\/38039\/revisions"}],"predecessor-version":[{"id":38062,"href":"https:\/\/morenoprimero.com.ar\/archivo\/wp-json\/wp\/v2\/posts\/38039\/revisions\/38062"}],"wp:featuredmedia":[{"embeddable":true,"href":"https:\/\/morenoprimero.com.ar\/archivo\/wp-json\/wp\/v2\/media\/38048"}],"wp:attachment":[{"href":"https:\/\/morenoprimero.com.ar\/archivo\/wp-json\/wp\/v2\/media?parent=38039"}],"wp:term":[{"taxonomy":"category","embeddable":true,"href":"https:\/\/morenoprimero.com.ar\/archivo\/wp-json\/wp\/v2\/categories?post=38039"},{"taxonomy":"post_tag","embeddable":true,"href":"https:\/\/morenoprimero.com.ar\/archivo\/wp-json\/wp\/v2\/tags?post=38039"}],"curies":[{"name":"wp","href":"https:\/\/api.w.org\/{rel}","templated":true}]}}