{"id":3798,"date":"2020-10-09T17:32:51","date_gmt":"2020-10-09T17:32:51","guid":{"rendered":"https:\/\/morenoprimero.com.ar\/?p=3798"},"modified":"2020-10-09T17:32:51","modified_gmt":"2020-10-09T17:32:51","slug":"crean-el-registro-de-musicos-y-bandas-musicales-de-moreno","status":"publish","type":"post","link":"https:\/\/morenoprimero.com.ar\/archivo\/crean-el-registro-de-musicos-y-bandas-musicales-de-moreno\/","title":{"rendered":"CREAN EL REGISTRO DE M\u00daSICOS Y BANDAS MUSICALES DE MORENO"},"content":{"rendered":"\n<h2 class=\"wp-block-heading\">\u00a0El proyecto, aprobado en la \u00faltima sesi\u00f3n del HCD, fue presentado por el colectivo de M\u00fasicos Independientes de Moreno, a trav\u00e9s de la concejala de mandato cumplido Sandra Cruz.\u00a0\u00a0<\/h2>\n\n\n\n<p>&nbsp; La concejala Nadia Olea explica que \u201ceste proyecto lo vienen impulsando desde el a\u00f1o pasado<strong> el movimiento MIN, quienes trabajan fuertemente con los artistas y las bandas locales de moreno en generar pol\u00edticas p\u00fablicas para fomentar su actividad<\/strong>\u201d.<\/p>\n\n\n\n<p>  Adem\u00e1s, la concejala se\u00f1al\u00f3 que el proyecto \u201chab\u00eda girado a la comisi\u00f3n de agenda y presupuesto porque se creaba un fondo para las bandas locales y afectaba el presupuesto\u201d y por \u00faltimo, indic\u00f3 que luego de tener acceso al expediente mantuvieron una reuni\u00f3n con m\u00fasicos y m\u00fasicas quienes manifestaron la posibilidad de <strong>\u201ca partir de ese registro poderle dar participaci\u00f3n como teloneros o teloneras en los recitales del distrito ya sean p\u00fablicos o privados<\/strong>\u201d.&nbsp;&nbsp;<\/p>\n\n\n\n<figure class=\"wp-block-image\"><img decoding=\"async\" src=\"https:\/\/scontent.fcrd1-1.fna.fbcdn.net\/v\/t1.0-9\/119130730_3497528700299862_5329064598466436522_o.jpg?_nc_cat=102&amp;_nc_sid=730e14&amp;_nc_ohc=FDIAi_eKi9sAX-nrABz&amp;_nc_ht=scontent.fcrd1-1.fna&amp;oh=cc50ab34529e7fbe324a9e5ceb280220&amp;oe=5FA52124\" alt=\"\"\/><\/figure>\n\n\n\n<p>&nbsp; Por su parte,<strong> Gisele&nbsp;Agostinelli&nbsp;<\/strong>pidi\u00f3 la palabra para para \u00abdejar expreso\u00bb su el voto positivo al proyecto ya que <strong>\u201cconsideramos fundamental acompa\u00f1ar a nuestros artistas que representan a moreno<\/strong>\u201d, por otro&nbsp;lado,&nbsp;agradeci\u00f3 por considerar su modificaci\u00f3n del art\u00edculo, aclarando que <strong>el fondo educativo no iba a ser utilizado para ninguna de todas estas actividades porque es fundamental preservar ese fondo para lo que hoy es realmente hoy es importante, que es la educaci\u00f3n p\u00fablica<\/strong>\u201d.&nbsp;<\/p>\n\n\n\n<figure class=\"wp-block-image\"><img decoding=\"async\" src=\"https:\/\/scontent.fcrd1-1.fna.fbcdn.net\/v\/t1.0-9\/119058382_3486398361412896_955662897083269702_n.jpg?_nc_cat=110&amp;_nc_sid=8bfeb9&amp;_nc_ohc=gqcBi55LvZEAX_ukMZV&amp;_nc_ht=scontent.fcrd1-1.fna&amp;oh=5cd0927dd4de0cc5c08269e44b781611&amp;oe=5FA651B1\" alt=\"\"\/><\/figure>\n\n\n\n<p><strong>&nbsp; El proyecto, con aportes de ambos bloques, finalmente fue aprobado<\/strong>.&nbsp;<\/p>\n","protected":false},"excerpt":{"rendered":"<p>\u00a0El proyecto, aprobado en la \u00faltima sesi\u00f3n del HCD, fue presentado por el colectivo de M\u00fasicos Independientes de Moreno, a trav\u00e9s de la concejala de mandato cumplido Sandra Cruz.\u00a0\u00a0 &nbsp; La concejala Nadia Olea explica que \u201ceste proyecto lo vienen &hellip; <a href=\"https:\/\/morenoprimero.com.ar\/archivo\/crean-el-registro-de-musicos-y-bandas-musicales-de-moreno\/\">Sigue leyendo <span class=\"meta-nav\">&rarr;<\/span><\/a><\/p>\n","protected":false},"author":6,"featured_media":3799,"comment_status":"open","ping_status":"open","sticky":false,"template":"","format":"standard","meta":{"footnotes":""},"categories":[3,20],"tags":[145,676,120,890],"class_list":["post-3798","post","type-post","status-publish","format-standard","has-post-thumbnail","hentry","category-importantes","category-sociedad","tag-ayuda-artistas","tag-gisele-agostinelli","tag-hcd-moreno","tag-nadia-olea"],"_links":{"self":[{"href":"https:\/\/morenoprimero.com.ar\/archivo\/wp-json\/wp\/v2\/posts\/3798","targetHints":{"allow":["GET"]}}],"collection":[{"href":"https:\/\/morenoprimero.com.ar\/archivo\/wp-json\/wp\/v2\/posts"}],"about":[{"href":"https:\/\/morenoprimero.com.ar\/archivo\/wp-json\/wp\/v2\/types\/post"}],"author":[{"embeddable":true,"href":"https:\/\/morenoprimero.com.ar\/archivo\/wp-json\/wp\/v2\/users\/6"}],"replies":[{"embeddable":true,"href":"https:\/\/morenoprimero.com.ar\/archivo\/wp-json\/wp\/v2\/comments?post=3798"}],"version-history":[{"count":2,"href":"https:\/\/morenoprimero.com.ar\/archivo\/wp-json\/wp\/v2\/posts\/3798\/revisions"}],"predecessor-version":[{"id":3812,"href":"https:\/\/morenoprimero.com.ar\/archivo\/wp-json\/wp\/v2\/posts\/3798\/revisions\/3812"}],"wp:featuredmedia":[{"embeddable":true,"href":"https:\/\/morenoprimero.com.ar\/archivo\/wp-json\/wp\/v2\/media\/3799"}],"wp:attachment":[{"href":"https:\/\/morenoprimero.com.ar\/archivo\/wp-json\/wp\/v2\/media?parent=3798"}],"wp:term":[{"taxonomy":"category","embeddable":true,"href":"https:\/\/morenoprimero.com.ar\/archivo\/wp-json\/wp\/v2\/categories?post=3798"},{"taxonomy":"post_tag","embeddable":true,"href":"https:\/\/morenoprimero.com.ar\/archivo\/wp-json\/wp\/v2\/tags?post=3798"}],"curies":[{"name":"wp","href":"https:\/\/api.w.org\/{rel}","templated":true}]}}