{"id":37946,"date":"2023-04-20T17:31:33","date_gmt":"2023-04-20T20:31:33","guid":{"rendered":"https:\/\/morenoprimero.com.ar\/?p=37946"},"modified":"2023-04-20T17:31:33","modified_gmt":"2023-04-20T20:31:33","slug":"de-moreno-a-latinoamerica-con-el-evento-destino","status":"publish","type":"post","link":"https:\/\/morenoprimero.com.ar\/archivo\/de-moreno-a-latinoamerica-con-el-evento-destino\/","title":{"rendered":"De Moreno a Latinoam\u00e9rica con el evento \u00abDestino\u00bb"},"content":{"rendered":"\n<p>El pasado martes 18 de abril se realiz\u00f3 en el teatro Leopoldo Marechal de Moreno el intercambio internacional de saberes culturales, tur\u00edsticos y gastron\u00f3micos titulado \u00abDestino\u00bb. El evento cont\u00f3 con 60 participantes y 20 disertantes representantes de nuestra cultura compartiendo diversos saberes. Desde Moreno Primero dialogamos con el anfitri\u00f3n de la jornada y reconocido chef morenense, Leonardo Guti\u00e9rrez.<\/p>\n\n\n\n<p>\u201cDestino\u201d es un intercambio de saberes de nivel internacional que representa la gastronom\u00eda, el turismo y la cultura&nbsp;de los 6 pa\u00edses latinoamericanos invitados para hacer deserciones culturales. El evento que se desarroll\u00f3 el pasado martes 18 de Abril de este a\u00f1o, en el teatro Marechal, tuvo como fin poner en valor la cultura, el turismo con historia y la riqueza de nuestra regi\u00f3n a trav\u00e9s de la gastronom\u00eda, los usos y costumbres y la cultura de nuestro continente.<\/p>\n\n\n\n<p>En dialogo con el anfitri\u00f3n del encuentro y creador del plato tradicional de Moreno, el chef Leo Guti\u00e9rrez, afirm\u00f3 que <strong>\u00abrealizar este tipo de evento aqu\u00ed en la ciudad de Moreno implica tener abierta una ventana al mundo ya que participan 6 pa\u00edses: Colombia, Puerto Rico, Bolivia, EE.UU, Per\u00fa y Argentina, m\u00e1s los 11 pa\u00edses como Italia, Espa\u00f1a, entre otros donde se encuentra la revista Miradas Internacional\u00bb<\/strong>. <\/p>\n\n\n\n<p>El objetivo principal del evento \u00abDestino\u00bb&nbsp;es debatir, analizar, proyectar y dar respuesta a las inquietudes sobre el intercambio cultural internacional y el abordaje para dar respuestas al turismo y poner en valor nuestras costumbres.<\/p>\n\n\n\n<p>Y adem\u00e1s de acercar los distintos platos de los pa\u00edses convocados, se hizo hincapi\u00e9 en la elaboraci\u00f3n de \u201cEl Morenito\u201d como s\u00edmbolo de la cultura morenense. \u00abEn esta oportunidad, como creador del guiso carrero \u201cEl Morenito\u201d, present\u00e9 un nuevo proyecto llamado <strong>\u00abEscuela Granja, Restaurante, Hotel&nbsp;El Morenito\u201d<\/strong>, afirm\u00f3 el chef.<\/p>\n\n\n\n<p>Cabe resaltar que la ciudad de Moreno recibi\u00f3 el Premio Miradas a la excelencia Mejor Proyecto Cultural en Argentina 2022 por \u00abEl Morenito\u201d, en Per\u00fa.<\/p>\n\n\n\n<p>En esta l\u00ednea, Guti\u00e9rrez explica que <strong>\u00abel proyecto \u201cEl Morenito\u201d naci\u00f3 de la necesidad de organizar y ordenar nuestras propias ideas y, de este modo, facilitar el acceso al trabajo, el esparcimiento y el turismo a todos los vecinos del partido de Moreno para aprender, trabajar y\/o disfrutar de la restauraci\u00f3n y el turismo\u00bb<\/strong>. Por lo que el proyecto apunta al desarrollo y se puede aplicar en cualquier lugar, adem\u00e1s ayuda aprender un oficio. Por lo tanto, desde el punto de vista de los sistemas, es un recurso para comprender y compartir dentro de un sistema laboral y de esparcimiento.<\/p>\n\n\n\n<p>A su vez, aclar\u00f3 que el proyecto presentado en el evento \u00ab<strong>termin\u00f3 siendo planteada como una metodolog\u00eda con vocaci\u00f3n transversal, aplicable a muchas disciplinas. Por lo que se la puede visitar con muchos intereses. En primer lugar, participando como alumno con el fin de aprender un oficio o profesi\u00f3n (huerta org\u00e1nica, medicina herb\u00e1cea, tambo, apicultura entre otros oficios que involucran materia prima), tambi\u00e9n aprender a darle valor agregado (quesos, fiambres, mermeladas) y, en un nivel mayor involucrando la cocina y sal\u00f3n (carrera de chef, pasteler\u00eda, panader\u00eda, barman, cafeter\u00eda, catering, administraci\u00f3n de empresa, marketing y publicidad)<\/strong>\u00ab. <\/p>\n\n\n\n<p>Y continu\u00f3: \u00ab<strong>En segundo lugar, participar como profesor seg\u00fan las \u00e1reas. O en tercer lugar, visitar como turista (aprender a plantar, trasplantar, orde\u00f1ar una cabra, aprender hacer queso, compra la canasta de los productos cosechados o sentarse a comer en el restaurante)<\/strong>\u00ab.<\/p>\n\n\n\n<figure class=\"wp-block-gallery has-nested-images columns-default is-cropped wp-block-gallery-1 is-layout-flex wp-block-gallery-is-layout-flex\">\n<figure class=\"wp-block-image size-large\"><a href=\"https:\/\/morenoprimero.com.ar\/wp-content\/uploads\/2023\/04\/WhatsApp-Image-2023-04-20-at-09.13.46-2.jpeg\"><img loading=\"lazy\" decoding=\"async\" width=\"1024\" height=\"738\" data-id=\"38075\" src=\"https:\/\/morenoprimero.com.ar\/wp-content\/uploads\/2023\/04\/WhatsApp-Image-2023-04-20-at-09.13.46-2-1024x738.jpeg\" alt=\"\" class=\"wp-image-38075\" srcset=\"https:\/\/morenoprimero.com.ar\/archivo\/wp-content\/uploads\/2023\/04\/WhatsApp-Image-2023-04-20-at-09.13.46-2-1024x738.jpeg 1024w, https:\/\/morenoprimero.com.ar\/archivo\/wp-content\/uploads\/2023\/04\/WhatsApp-Image-2023-04-20-at-09.13.46-2-300x216.jpeg 300w, https:\/\/morenoprimero.com.ar\/archivo\/wp-content\/uploads\/2023\/04\/WhatsApp-Image-2023-04-20-at-09.13.46-2-768x553.jpeg 768w, https:\/\/morenoprimero.com.ar\/archivo\/wp-content\/uploads\/2023\/04\/WhatsApp-Image-2023-04-20-at-09.13.46-2-1536x1107.jpeg 1536w, https:\/\/morenoprimero.com.ar\/archivo\/wp-content\/uploads\/2023\/04\/WhatsApp-Image-2023-04-20-at-09.13.46-2.jpeg 1600w\" sizes=\"auto, (max-width: 1024px) 100vw, 1024px\" \/><\/a><\/figure>\n\n\n\n<figure class=\"wp-block-image size-large\"><a href=\"https:\/\/morenoprimero.com.ar\/wp-content\/uploads\/2023\/04\/WhatsApp-Image-2023-04-20-at-09.13.46-1.jpeg\"><img loading=\"lazy\" decoding=\"async\" width=\"1024\" height=\"367\" data-id=\"38074\" src=\"https:\/\/morenoprimero.com.ar\/wp-content\/uploads\/2023\/04\/WhatsApp-Image-2023-04-20-at-09.13.46-1-1024x367.jpeg\" alt=\"\" class=\"wp-image-38074\" srcset=\"https:\/\/morenoprimero.com.ar\/archivo\/wp-content\/uploads\/2023\/04\/WhatsApp-Image-2023-04-20-at-09.13.46-1-1024x367.jpeg 1024w, https:\/\/morenoprimero.com.ar\/archivo\/wp-content\/uploads\/2023\/04\/WhatsApp-Image-2023-04-20-at-09.13.46-1-300x108.jpeg 300w, https:\/\/morenoprimero.com.ar\/archivo\/wp-content\/uploads\/2023\/04\/WhatsApp-Image-2023-04-20-at-09.13.46-1-768x276.jpeg 768w, https:\/\/morenoprimero.com.ar\/archivo\/wp-content\/uploads\/2023\/04\/WhatsApp-Image-2023-04-20-at-09.13.46-1-1536x551.jpeg 1536w, https:\/\/morenoprimero.com.ar\/archivo\/wp-content\/uploads\/2023\/04\/WhatsApp-Image-2023-04-20-at-09.13.46-1.jpeg 1600w\" sizes=\"auto, (max-width: 1024px) 100vw, 1024px\" \/><\/a><\/figure>\n<\/figure>\n\n\n\n<p>Por otro lado, en cuanto a la importancia del encuentro, el chef describi\u00f3: \u00ab<strong>Tuvimos en total 60 participantes y 20 disertantes. Adem\u00e1s, contamos con la participaci\u00f3n de la Alcaldesa de Lagos de Oro, C\u00f3rdoba, Colombia, el representante de Jap\u00f3n Roger Arakaky, de Estados Unidos Juan Plaza, de Bolivia el Chef Edwin Vi\u00f1a, de Santa Cruz, R\u00edo Gallegos, el chef Fabi\u00e1n Marta. Tambi\u00e9n participaron representantes de Colombia, Puerto Rico, Per\u00fa, Bolivia, EE.UU<\/strong>\u00ab.<\/p>\n\n\n\n<p>\u00ab<strong>Llegamos a las 31.000 porciones gratis entregadas del guiso carrero \u201cEl Morenito\u201d, pero no siempre como cocinero nos dedicamos con el fin de dar de comer. Creemos que podemos alimentar el cuerpo, pero tambi\u00e9n podemos alimentar el intelecto o acercar conocimientos<\/strong>\u00ab, coment\u00f3 el chef respecto de lo importante que son estos encuentros culturales.<\/p>\n\n\n\n<p>\u00ab<strong>Este proyecto, pensado a largo plazo, ya tiene 5 a\u00f1os y faltan muchos mas para dar a conocer nuestra receta, nuestra ciudad, nuestras costumbres, y este tipo de experiencia a nivel internacional con gran convocatoria nos dice que vamos por buen camino<\/strong>\u00ab, finaliz\u00f3 Guti\u00e9rrez. <\/p>\n","protected":false},"excerpt":{"rendered":"<p>El pasado martes 18 de abril se realiz\u00f3 en el teatro Leopoldo Marechal de Moreno el intercambio internacional de saberes culturales, tur\u00edsticos y gastron\u00f3micos titulado \u00abDestino\u00bb. El evento cont\u00f3 con 60 participantes y 20 disertantes representantes de nuestra cultura compartiendo &hellip; <a href=\"https:\/\/morenoprimero.com.ar\/archivo\/de-moreno-a-latinoamerica-con-el-evento-destino\/\">Sigue leyendo <span class=\"meta-nav\">&rarr;<\/span><\/a><\/p>\n","protected":false},"author":6,"featured_media":38076,"comment_status":"closed","ping_status":"closed","sticky":false,"template":"","format":"standard","meta":{"footnotes":""},"categories":[2332,2],"tags":[3227,4560,3221,153],"class_list":["post-37946","post","type-post","status-publish","format-standard","has-post-thumbnail","hentry","category-cultura","category-destacadas","tag-el-morenito","tag-intercambio-cultural-destino","tag-leo-gutierrez","tag-teatro-leopoldo-marechal"],"_links":{"self":[{"href":"https:\/\/morenoprimero.com.ar\/archivo\/wp-json\/wp\/v2\/posts\/37946","targetHints":{"allow":["GET"]}}],"collection":[{"href":"https:\/\/morenoprimero.com.ar\/archivo\/wp-json\/wp\/v2\/posts"}],"about":[{"href":"https:\/\/morenoprimero.com.ar\/archivo\/wp-json\/wp\/v2\/types\/post"}],"author":[{"embeddable":true,"href":"https:\/\/morenoprimero.com.ar\/archivo\/wp-json\/wp\/v2\/users\/6"}],"replies":[{"embeddable":true,"href":"https:\/\/morenoprimero.com.ar\/archivo\/wp-json\/wp\/v2\/comments?post=37946"}],"version-history":[{"count":8,"href":"https:\/\/morenoprimero.com.ar\/archivo\/wp-json\/wp\/v2\/posts\/37946\/revisions"}],"predecessor-version":[{"id":38097,"href":"https:\/\/morenoprimero.com.ar\/archivo\/wp-json\/wp\/v2\/posts\/37946\/revisions\/38097"}],"wp:featuredmedia":[{"embeddable":true,"href":"https:\/\/morenoprimero.com.ar\/archivo\/wp-json\/wp\/v2\/media\/38076"}],"wp:attachment":[{"href":"https:\/\/morenoprimero.com.ar\/archivo\/wp-json\/wp\/v2\/media?parent=37946"}],"wp:term":[{"taxonomy":"category","embeddable":true,"href":"https:\/\/morenoprimero.com.ar\/archivo\/wp-json\/wp\/v2\/categories?post=37946"},{"taxonomy":"post_tag","embeddable":true,"href":"https:\/\/morenoprimero.com.ar\/archivo\/wp-json\/wp\/v2\/tags?post=37946"}],"curies":[{"name":"wp","href":"https:\/\/api.w.org\/{rel}","templated":true}]}}