{"id":3783,"date":"2020-10-09T17:31:42","date_gmt":"2020-10-09T17:31:42","guid":{"rendered":"https:\/\/morenoprimero.com.ar\/?p=3783"},"modified":"2020-10-09T17:31:43","modified_gmt":"2020-10-09T17:31:43","slug":"trujuiincautaron-arma-de-fuego-drogas-y-celulares","status":"publish","type":"post","link":"https:\/\/morenoprimero.com.ar\/archivo\/trujuiincautaron-arma-de-fuego-drogas-y-celulares\/","title":{"rendered":"TRUJUI:INCAUTARON ARMA DE FUEGO, DROGAS Y CELULARES."},"content":{"rendered":"\n<p>\u00a0Fue durante un operativo de saturaci\u00f3n. Hay dos detenidos que quedaron a disposici\u00f3n de la UFI 12 de Moreno.<\/p>\n\n\n\n<p>La polic\u00eda realizaba el jueves 8 de octubre, por la noche, un <strong>operativo de saturaci\u00f3n en la localidad&nbsp;morenense&nbsp;de Trujui.<\/strong>&nbsp;<\/p>\n\n\n\n<p>&nbsp; &nbsp;En el marco de dicho operativo,<strong> dos hombres fueron detenidos.<\/strong> En su poder ten\u00edan una <strong>pistola calibre 9 mm<\/strong>,<strong> 50 envoltorios de coca\u00edna<\/strong> con un peso total de 18,4 gramos, y <strong>23 envoltorios de marihuana<\/strong> con un peso total de 64, 9 gramos, todo incautado por personal policial.&nbsp;<\/p>\n\n\n\n<p>&nbsp; &nbsp;Adem\u00e1s, se incaut\u00f3 <strong>dinero en efectivo y tres tel\u00e9fonos celulares.<\/strong>&nbsp;<\/p>\n\n\n\n<p>&nbsp; &nbsp;En la causa intervino la UFI 12 de Moreno.&nbsp;<\/p>\n","protected":false},"excerpt":{"rendered":"<p>\u00a0Fue durante un operativo de saturaci\u00f3n. Hay dos detenidos que quedaron a disposici\u00f3n de la UFI 12 de Moreno. La polic\u00eda realizaba el jueves 8 de octubre, por la noche, un operativo de saturaci\u00f3n en la localidad&nbsp;morenense&nbsp;de Trujui.&nbsp; &nbsp; &nbsp;En &hellip; <a href=\"https:\/\/morenoprimero.com.ar\/archivo\/trujuiincautaron-arma-de-fuego-drogas-y-celulares\/\">Sigue leyendo <span class=\"meta-nav\">&rarr;<\/span><\/a><\/p>\n","protected":false},"author":6,"featured_media":3784,"comment_status":"open","ping_status":"open","sticky":false,"template":"","format":"standard","meta":{"footnotes":""},"categories":[8,5,20],"tags":[114,112,31,292,106],"class_list":["post-3783","post","type-post","status-publish","format-standard","has-post-thumbnail","hentry","category-policiales","category-recomendadas","category-sociedad","tag-comercializacion-de-drogas","tag-detenidos","tag-policia","tag-secuestro-de-armas","tag-trujui"],"_links":{"self":[{"href":"https:\/\/morenoprimero.com.ar\/archivo\/wp-json\/wp\/v2\/posts\/3783","targetHints":{"allow":["GET"]}}],"collection":[{"href":"https:\/\/morenoprimero.com.ar\/archivo\/wp-json\/wp\/v2\/posts"}],"about":[{"href":"https:\/\/morenoprimero.com.ar\/archivo\/wp-json\/wp\/v2\/types\/post"}],"author":[{"embeddable":true,"href":"https:\/\/morenoprimero.com.ar\/archivo\/wp-json\/wp\/v2\/users\/6"}],"replies":[{"embeddable":true,"href":"https:\/\/morenoprimero.com.ar\/archivo\/wp-json\/wp\/v2\/comments?post=3783"}],"version-history":[{"count":3,"href":"https:\/\/morenoprimero.com.ar\/archivo\/wp-json\/wp\/v2\/posts\/3783\/revisions"}],"predecessor-version":[{"id":3811,"href":"https:\/\/morenoprimero.com.ar\/archivo\/wp-json\/wp\/v2\/posts\/3783\/revisions\/3811"}],"wp:featuredmedia":[{"embeddable":true,"href":"https:\/\/morenoprimero.com.ar\/archivo\/wp-json\/wp\/v2\/media\/3784"}],"wp:attachment":[{"href":"https:\/\/morenoprimero.com.ar\/archivo\/wp-json\/wp\/v2\/media?parent=3783"}],"wp:term":[{"taxonomy":"category","embeddable":true,"href":"https:\/\/morenoprimero.com.ar\/archivo\/wp-json\/wp\/v2\/categories?post=3783"},{"taxonomy":"post_tag","embeddable":true,"href":"https:\/\/morenoprimero.com.ar\/archivo\/wp-json\/wp\/v2\/tags?post=3783"}],"curies":[{"name":"wp","href":"https:\/\/api.w.org\/{rel}","templated":true}]}}