{"id":37648,"date":"2023-04-11T16:22:19","date_gmt":"2023-04-11T19:22:19","guid":{"rendered":"https:\/\/morenoprimero.com.ar\/?p=37648"},"modified":"2023-04-11T16:22:20","modified_gmt":"2023-04-11T19:22:20","slug":"avanzan-las-obras-en-los-institutos-educativos-de-cuartel-v","status":"publish","type":"post","link":"https:\/\/morenoprimero.com.ar\/archivo\/avanzan-las-obras-en-los-institutos-educativos-de-cuartel-v\/","title":{"rendered":"Avanzan las obras en los institutos educativos de Cuartel V"},"content":{"rendered":"\n<p>El Municipio de Moreno, a trav\u00e9s de la Secretar\u00eda de Cultura, Educaci\u00f3n y Deporte, contin\u00faa con la inversi\u00f3n del Fondo de Financiamiento Educativo en obras para escuelas y jardines de la localidad de Cuartel V. Con la inversi\u00f3n del Fondo de Financiamiento Educativo, se realizan obras de ampliaci\u00f3n y refacci\u00f3n, y se hizo entrega de equipamiento.<\/p>\n\n\n\n<p>En el Instituto Superior de Formaci\u00f3n Docente N\u00e9stor Kirchner, el Jard\u00edn Comunitario Poyi C\u00e1rdenas, el Jard\u00edn de Infantes N\u00b0917, la Escuela Secundaria N\u00b084, se est\u00e1n llevando adelante obras de ampliaci\u00f3n. As\u00ed como tambi\u00e9n en la Escuela Secundaria N\u00b057, donde adem\u00e1s se instal\u00f3 una nueva bomba de agua. Por su parte, en el Jard\u00edn de Infantes N\u00b0940 se realizan trabajos de ampliaci\u00f3n, servicios de plomer\u00eda y sanitarios. Al mismo tiempo, se termin\u00f3 el nuevo edificio de la Escuela Primaria N\u00b057.<\/p>\n\n\n\n<p>En la Escuela Primaria N\u00b069 se realizaron nuevas rampas y veredas, mientras que en la Escuela Primaria N\u00b05 y el Jard\u00edn de Infantes N\u00b0966, se delimitaron los per\u00edmetros con la instalaci\u00f3n de rejas. Y en esta \u00faltima instituci\u00f3n educativa, tambi\u00e9n se realizaron refacciones e instalaci\u00f3n de aires acondicionados.<\/p>\n\n\n\n<p>Adem\u00e1s de los trabajos de ampliaci\u00f3n anteriormente mencionados, el Municipio realiz\u00f3 trabajos de pintura en los Jardines de Infantes N\u00b0964, N\u00b0955, N\u00b0966 y en la Escuela de Educaci\u00f3n Secundaria N\u00b05.<\/p>\n\n\n\n<p>Las escuelas primarias N\u00b05; N\u00b053; N\u00b067; N\u00b053; N\u00b069; N\u00b084; N\u00b014; N\u00b062; N\u00b063; N\u00b073; N\u00b051; N\u00b072; N\u00b027; los jardines de infantes N\u00b0955, N\u00b0964; las escuelas secundarias N\u00b053; N\u00b054; N\u00b057; N\u00b067; N\u00b084; N\u00b085, N\u00b05; N\u00b073; N\u00b086; N\u00b027 y la Escuela Secundaria T\u00e9cnica N\u00b05, recibieron: 1360 conjuntos unipersonales, 724 pupitres, 177 sillas; 45 conjuntos docentes, 10 conjuntos de nivel inicial, 41 pizarrones, 53 conjuntos de comedor, 45 armarios de sal\u00f3n y 5 de cocina.<\/p>\n\n\n\n<p>De esta manera el Municipio de Moreno, con la inversi\u00f3n del Fondo de Financiamiento Educativo, trabaja para que la comunidad educativa de todos los niveles se desarrolle en espacios seguros y dignos.<\/p>\n\n\n\n<figure class=\"wp-block-gallery has-nested-images columns-default is-cropped wp-block-gallery-1 is-layout-flex wp-block-gallery-is-layout-flex\">\n<figure class=\"wp-block-image size-large\"><a href=\"https:\/\/morenoprimero.com.ar\/wp-content\/uploads\/2023\/04\/WhatsApp-Image-2023-04-05-at-15.48.54-1.jpeg\"><img loading=\"lazy\" decoding=\"async\" width=\"1024\" height=\"682\" data-id=\"37649\" src=\"https:\/\/morenoprimero.com.ar\/wp-content\/uploads\/2023\/04\/WhatsApp-Image-2023-04-05-at-15.48.54-1-1024x682.jpeg\" alt=\"\" class=\"wp-image-37649\" srcset=\"https:\/\/morenoprimero.com.ar\/archivo\/wp-content\/uploads\/2023\/04\/WhatsApp-Image-2023-04-05-at-15.48.54-1-1024x682.jpeg 1024w, https:\/\/morenoprimero.com.ar\/archivo\/wp-content\/uploads\/2023\/04\/WhatsApp-Image-2023-04-05-at-15.48.54-1-300x200.jpeg 300w, https:\/\/morenoprimero.com.ar\/archivo\/wp-content\/uploads\/2023\/04\/WhatsApp-Image-2023-04-05-at-15.48.54-1-768x512.jpeg 768w, https:\/\/morenoprimero.com.ar\/archivo\/wp-content\/uploads\/2023\/04\/WhatsApp-Image-2023-04-05-at-15.48.54-1.jpeg 1280w\" sizes=\"auto, (max-width: 1024px) 100vw, 1024px\" \/><\/a><\/figure>\n\n\n\n<figure class=\"wp-block-image size-large\"><a href=\"https:\/\/morenoprimero.com.ar\/wp-content\/uploads\/2023\/04\/WhatsApp-Image-2023-04-05-at-15.48.54.jpeg\"><img loading=\"lazy\" decoding=\"async\" width=\"1024\" height=\"682\" data-id=\"37651\" src=\"https:\/\/morenoprimero.com.ar\/wp-content\/uploads\/2023\/04\/WhatsApp-Image-2023-04-05-at-15.48.54-1024x682.jpeg\" alt=\"\" class=\"wp-image-37651\" srcset=\"https:\/\/morenoprimero.com.ar\/archivo\/wp-content\/uploads\/2023\/04\/WhatsApp-Image-2023-04-05-at-15.48.54-1024x682.jpeg 1024w, https:\/\/morenoprimero.com.ar\/archivo\/wp-content\/uploads\/2023\/04\/WhatsApp-Image-2023-04-05-at-15.48.54-300x200.jpeg 300w, https:\/\/morenoprimero.com.ar\/archivo\/wp-content\/uploads\/2023\/04\/WhatsApp-Image-2023-04-05-at-15.48.54-768x512.jpeg 768w, https:\/\/morenoprimero.com.ar\/archivo\/wp-content\/uploads\/2023\/04\/WhatsApp-Image-2023-04-05-at-15.48.54.jpeg 1280w\" sizes=\"auto, (max-width: 1024px) 100vw, 1024px\" \/><\/a><\/figure>\n<\/figure>\n","protected":false},"excerpt":{"rendered":"<p>El Municipio de Moreno, a trav\u00e9s de la Secretar\u00eda de Cultura, Educaci\u00f3n y Deporte, contin\u00faa con la inversi\u00f3n del Fondo de Financiamiento Educativo en obras para escuelas y jardines de la localidad de Cuartel V. Con la inversi\u00f3n del Fondo &hellip; <a href=\"https:\/\/morenoprimero.com.ar\/archivo\/avanzan-las-obras-en-los-institutos-educativos-de-cuartel-v\/\">Sigue leyendo <span class=\"meta-nav\">&rarr;<\/span><\/a><\/p>\n","protected":false},"author":6,"featured_media":37650,"comment_status":"closed","ping_status":"closed","sticky":false,"template":"","format":"standard","meta":{"footnotes":""},"categories":[2328],"tags":[156,2724,2505],"class_list":["post-37648","post","type-post","status-publish","format-standard","has-post-thumbnail","hentry","category-local","tag-cuartel-v","tag-fondo-de-financiamiento-educativo","tag-secretaria-de-cultura-educacion-y-deportes"],"_links":{"self":[{"href":"https:\/\/morenoprimero.com.ar\/archivo\/wp-json\/wp\/v2\/posts\/37648","targetHints":{"allow":["GET"]}}],"collection":[{"href":"https:\/\/morenoprimero.com.ar\/archivo\/wp-json\/wp\/v2\/posts"}],"about":[{"href":"https:\/\/morenoprimero.com.ar\/archivo\/wp-json\/wp\/v2\/types\/post"}],"author":[{"embeddable":true,"href":"https:\/\/morenoprimero.com.ar\/archivo\/wp-json\/wp\/v2\/users\/6"}],"replies":[{"embeddable":true,"href":"https:\/\/morenoprimero.com.ar\/archivo\/wp-json\/wp\/v2\/comments?post=37648"}],"version-history":[{"count":2,"href":"https:\/\/morenoprimero.com.ar\/archivo\/wp-json\/wp\/v2\/posts\/37648\/revisions"}],"predecessor-version":[{"id":37757,"href":"https:\/\/morenoprimero.com.ar\/archivo\/wp-json\/wp\/v2\/posts\/37648\/revisions\/37757"}],"wp:featuredmedia":[{"embeddable":true,"href":"https:\/\/morenoprimero.com.ar\/archivo\/wp-json\/wp\/v2\/media\/37650"}],"wp:attachment":[{"href":"https:\/\/morenoprimero.com.ar\/archivo\/wp-json\/wp\/v2\/media?parent=37648"}],"wp:term":[{"taxonomy":"category","embeddable":true,"href":"https:\/\/morenoprimero.com.ar\/archivo\/wp-json\/wp\/v2\/categories?post=37648"},{"taxonomy":"post_tag","embeddable":true,"href":"https:\/\/morenoprimero.com.ar\/archivo\/wp-json\/wp\/v2\/tags?post=37648"}],"curies":[{"name":"wp","href":"https:\/\/api.w.org\/{rel}","templated":true}]}}