{"id":37475,"date":"2023-03-30T18:31:07","date_gmt":"2023-03-30T21:31:07","guid":{"rendered":"https:\/\/morenoprimero.com.ar\/?p=37475"},"modified":"2023-03-30T18:31:08","modified_gmt":"2023-03-30T21:31:08","slug":"moreno-realizara-operativos-de-abordaje-territorial","status":"publish","type":"post","link":"https:\/\/morenoprimero.com.ar\/archivo\/moreno-realizara-operativos-de-abordaje-territorial\/","title":{"rendered":"Moreno realizar\u00e1 operativos de abordaje territorial"},"content":{"rendered":"\n<p>El Municipio de Moreno, a trav\u00e9s de la Secretar\u00eda de Justicia y Derechos Humanos, desarrollar\u00e1 operativos de abordaje territorial, donde se podr\u00e1n realizar diversos tr\u00e1mites documentarios, el viernes 31 de marzo en la plaza San Mart\u00edn de 13 a 15 horas, en Moreno Centro y en Roma y Belgrano, de 11 a 14 horas en Paso del Rey.<\/p>\n\n\n\n<p>Durante la jornada se realizar\u00e1 asesoramiento en tr\u00e1mites de DNI y certificados NN; gesti\u00f3n de turnos para DNI argentino y extranjero; uni\u00f3n convivencial; matrimonio; partidas; eximici\u00f3n de pagos; cambios de domicilio; asesoramiento en tr\u00e1mites migratorios; inicio de Radex; eximici\u00f3n par pago para tasa migratoria; gesti\u00f3n de turnos para consulados, RENAPER, Direcci\u00f3n Nacional de Migraciones y Registro Civil.<\/p>\n\n\n\n<figure class=\"wp-block-gallery has-nested-images columns-default is-cropped wp-block-gallery-1 is-layout-flex wp-block-gallery-is-layout-flex\">\n<figure class=\"wp-block-image size-large\"><a href=\"https:\/\/morenoprimero.com.ar\/wp-content\/uploads\/2023\/03\/WhatsApp-Image-2023-03-30-at-13.35.47-1.jpeg\"><img loading=\"lazy\" decoding=\"async\" width=\"1024\" height=\"1022\" data-id=\"37482\" src=\"https:\/\/morenoprimero.com.ar\/wp-content\/uploads\/2023\/03\/WhatsApp-Image-2023-03-30-at-13.35.47-1-1024x1022.jpeg\" alt=\"\" class=\"wp-image-37482\" srcset=\"https:\/\/morenoprimero.com.ar\/archivo\/wp-content\/uploads\/2023\/03\/WhatsApp-Image-2023-03-30-at-13.35.47-1-1024x1022.jpeg 1024w, https:\/\/morenoprimero.com.ar\/archivo\/wp-content\/uploads\/2023\/03\/WhatsApp-Image-2023-03-30-at-13.35.47-1-300x300.jpeg 300w, https:\/\/morenoprimero.com.ar\/archivo\/wp-content\/uploads\/2023\/03\/WhatsApp-Image-2023-03-30-at-13.35.47-1-150x150.jpeg 150w, https:\/\/morenoprimero.com.ar\/archivo\/wp-content\/uploads\/2023\/03\/WhatsApp-Image-2023-03-30-at-13.35.47-1-768x767.jpeg 768w, https:\/\/morenoprimero.com.ar\/archivo\/wp-content\/uploads\/2023\/03\/WhatsApp-Image-2023-03-30-at-13.35.47-1.jpeg 1279w\" sizes=\"auto, (max-width: 1024px) 100vw, 1024px\" \/><\/a><\/figure>\n\n\n\n<figure class=\"wp-block-image size-large\"><a href=\"https:\/\/morenoprimero.com.ar\/wp-content\/uploads\/2023\/03\/WhatsApp-Image-2023-03-30-at-13.35.47.jpeg\"><img loading=\"lazy\" decoding=\"async\" width=\"1000\" height=\"998\" data-id=\"37481\" src=\"https:\/\/morenoprimero.com.ar\/wp-content\/uploads\/2023\/03\/WhatsApp-Image-2023-03-30-at-13.35.47.jpeg\" alt=\"\" class=\"wp-image-37481\" srcset=\"https:\/\/morenoprimero.com.ar\/archivo\/wp-content\/uploads\/2023\/03\/WhatsApp-Image-2023-03-30-at-13.35.47.jpeg 1000w, https:\/\/morenoprimero.com.ar\/archivo\/wp-content\/uploads\/2023\/03\/WhatsApp-Image-2023-03-30-at-13.35.47-300x300.jpeg 300w, https:\/\/morenoprimero.com.ar\/archivo\/wp-content\/uploads\/2023\/03\/WhatsApp-Image-2023-03-30-at-13.35.47-150x150.jpeg 150w, https:\/\/morenoprimero.com.ar\/archivo\/wp-content\/uploads\/2023\/03\/WhatsApp-Image-2023-03-30-at-13.35.47-768x766.jpeg 768w\" sizes=\"auto, (max-width: 1000px) 100vw, 1000px\" \/><\/a><\/figure>\n<\/figure>\n","protected":false},"excerpt":{"rendered":"<p>El Municipio de Moreno, a trav\u00e9s de la Secretar\u00eda de Justicia y Derechos Humanos, desarrollar\u00e1 operativos de abordaje territorial, donde se podr\u00e1n realizar diversos tr\u00e1mites documentarios, el viernes 31 de marzo en la plaza San Mart\u00edn de 13 a 15 &hellip; <a href=\"https:\/\/morenoprimero.com.ar\/archivo\/moreno-realizara-operativos-de-abordaje-territorial\/\">Sigue leyendo <span class=\"meta-nav\">&rarr;<\/span><\/a><\/p>\n","protected":false},"author":6,"featured_media":37489,"comment_status":"closed","ping_status":"closed","sticky":false,"template":"","format":"standard","meta":{"footnotes":""},"categories":[2328],"tags":[4530,3249],"class_list":["post-37475","post","type-post","status-publish","format-standard","has-post-thumbnail","hentry","category-local","tag-operativos-de-abordaje-territorial","tag-secretaria-de-justicia-y-ddhh"],"_links":{"self":[{"href":"https:\/\/morenoprimero.com.ar\/archivo\/wp-json\/wp\/v2\/posts\/37475","targetHints":{"allow":["GET"]}}],"collection":[{"href":"https:\/\/morenoprimero.com.ar\/archivo\/wp-json\/wp\/v2\/posts"}],"about":[{"href":"https:\/\/morenoprimero.com.ar\/archivo\/wp-json\/wp\/v2\/types\/post"}],"author":[{"embeddable":true,"href":"https:\/\/morenoprimero.com.ar\/archivo\/wp-json\/wp\/v2\/users\/6"}],"replies":[{"embeddable":true,"href":"https:\/\/morenoprimero.com.ar\/archivo\/wp-json\/wp\/v2\/comments?post=37475"}],"version-history":[{"count":1,"href":"https:\/\/morenoprimero.com.ar\/archivo\/wp-json\/wp\/v2\/posts\/37475\/revisions"}],"predecessor-version":[{"id":37490,"href":"https:\/\/morenoprimero.com.ar\/archivo\/wp-json\/wp\/v2\/posts\/37475\/revisions\/37490"}],"wp:featuredmedia":[{"embeddable":true,"href":"https:\/\/morenoprimero.com.ar\/archivo\/wp-json\/wp\/v2\/media\/37489"}],"wp:attachment":[{"href":"https:\/\/morenoprimero.com.ar\/archivo\/wp-json\/wp\/v2\/media?parent=37475"}],"wp:term":[{"taxonomy":"category","embeddable":true,"href":"https:\/\/morenoprimero.com.ar\/archivo\/wp-json\/wp\/v2\/categories?post=37475"},{"taxonomy":"post_tag","embeddable":true,"href":"https:\/\/morenoprimero.com.ar\/archivo\/wp-json\/wp\/v2\/tags?post=37475"}],"curies":[{"name":"wp","href":"https:\/\/api.w.org\/{rel}","templated":true}]}}