{"id":3744,"date":"2020-10-08T17:49:50","date_gmt":"2020-10-08T17:49:50","guid":{"rendered":"https:\/\/morenoprimero.com.ar\/?p=3744"},"modified":"2020-10-08T17:52:51","modified_gmt":"2020-10-08T17:52:51","slug":"entradera-en-moreno-norte-murio-un-delincuente","status":"publish","type":"post","link":"https:\/\/morenoprimero.com.ar\/archivo\/entradera-en-moreno-norte-murio-un-delincuente\/","title":{"rendered":"ENTRADERA EN MORENO NORTE: MURI\u00d3 UN DELINCUENTE"},"content":{"rendered":"\n<h4 class=\"wp-block-heading\">Tras un forcejeo y tres disparos, los dos delincuentes escaparon. Uno estaba herido de bala, y muri\u00f3 a los pocos metros de la casa.<\/h4>\n\n\n\n<p>&nbsp; Sucedi\u00f3 en Barrio 25 de Mayo, Moreno Norte. Durante la ma\u00f1ana del <strong>jueves 8 de octubre<\/strong> un trabajador fue interceptado por dos delincuentes a bordo de una camioneta Peugeot&nbsp;Partner&nbsp;cuando sal\u00eda de su casa en moto. Al ser reducido, lo obligaron a entrar a su&nbsp;casa y<strong>&nbsp;lo mantuvieron de reh\u00e9n junto a su esposa, mientras revisaban las habitaciones en busca de dinero.&nbsp;<\/strong><\/p>\n\n\n\n<p>&nbsp; <strong>La v\u00edctima se lanz\u00f3 sobre uno de los ladrones y comenzaron un forcejeo donde ambos resultaron heridos<\/strong>. La v\u00edctima fue herida por una bala en la pierna y el ladr\u00f3n en el abdomen, una&nbsp;tercera bala&nbsp;deton\u00f3 en la habitaci\u00f3n y qued\u00f3&nbsp;incrustada&nbsp;en la pared.&nbsp;<\/p>\n\n\n\n<p><strong>\u00a0 Los delincuentes se dieron a la fuga y uno de ellos, herido, logr\u00f3 huir, mientras que el otro, herido de balam s\u00f3lo pudo dar unos pasos de la vivienda, se desvaneci\u00f3 y muri\u00f3.\u00a0<\/strong><\/p>\n\n\n\n<p>\u00a0 \u00a0<strong>Una ambulancia del SAME se acerc\u00f3 al lugar para atender a la\u00a0v\u00edctima, quien fue llevada al hospital y personal de la polic\u00eda procedi\u00f3 a buscar al delincuente que huy\u00f3.\u00a0<\/strong><\/p>\n\n\n\n<p>&nbsp; La causa se encuentra caratulada como \u201cRobo agravado en tentativa y homicidio\u201d, est\u00e1 a cargo de la UFI&nbsp;N\u00b0&nbsp;4 del Departamento Judicial de Moreno y General Rodr\u00edguez, instruida por el Dr. Federico&nbsp;So\u00f1ora.&nbsp;&nbsp;<\/p>\n","protected":false},"excerpt":{"rendered":"<p>Tras un forcejeo y tres disparos, los dos delincuentes escaparon. Uno estaba herido de bala, y muri\u00f3 a los pocos metros de la casa. &nbsp; Sucedi\u00f3 en Barrio 25 de Mayo, Moreno Norte. Durante la ma\u00f1ana del jueves 8 de &hellip; <a href=\"https:\/\/morenoprimero.com.ar\/archivo\/entradera-en-moreno-norte-murio-un-delincuente\/\">Sigue leyendo <span class=\"meta-nav\">&rarr;<\/span><\/a><\/p>\n","protected":false},"author":6,"featured_media":1770,"comment_status":"open","ping_status":"open","sticky":false,"template":"","format":"standard","meta":{"footnotes":""},"categories":[8,5,20],"tags":[110,31,39],"class_list":["post-3744","post","type-post","status-publish","format-standard","has-post-thumbnail","hentry","category-policiales","category-recomendadas","category-sociedad","tag-delincuentes","tag-policia","tag-robo"],"_links":{"self":[{"href":"https:\/\/morenoprimero.com.ar\/archivo\/wp-json\/wp\/v2\/posts\/3744","targetHints":{"allow":["GET"]}}],"collection":[{"href":"https:\/\/morenoprimero.com.ar\/archivo\/wp-json\/wp\/v2\/posts"}],"about":[{"href":"https:\/\/morenoprimero.com.ar\/archivo\/wp-json\/wp\/v2\/types\/post"}],"author":[{"embeddable":true,"href":"https:\/\/morenoprimero.com.ar\/archivo\/wp-json\/wp\/v2\/users\/6"}],"replies":[{"embeddable":true,"href":"https:\/\/morenoprimero.com.ar\/archivo\/wp-json\/wp\/v2\/comments?post=3744"}],"version-history":[{"count":2,"href":"https:\/\/morenoprimero.com.ar\/archivo\/wp-json\/wp\/v2\/posts\/3744\/revisions"}],"predecessor-version":[{"id":3768,"href":"https:\/\/morenoprimero.com.ar\/archivo\/wp-json\/wp\/v2\/posts\/3744\/revisions\/3768"}],"wp:featuredmedia":[{"embeddable":true,"href":"https:\/\/morenoprimero.com.ar\/archivo\/wp-json\/wp\/v2\/media\/1770"}],"wp:attachment":[{"href":"https:\/\/morenoprimero.com.ar\/archivo\/wp-json\/wp\/v2\/media?parent=3744"}],"wp:term":[{"taxonomy":"category","embeddable":true,"href":"https:\/\/morenoprimero.com.ar\/archivo\/wp-json\/wp\/v2\/categories?post=3744"},{"taxonomy":"post_tag","embeddable":true,"href":"https:\/\/morenoprimero.com.ar\/archivo\/wp-json\/wp\/v2\/tags?post=3744"}],"curies":[{"name":"wp","href":"https:\/\/api.w.org\/{rel}","templated":true}]}}