{"id":3735,"date":"2020-10-08T17:46:33","date_gmt":"2020-10-08T17:46:33","guid":{"rendered":"https:\/\/morenoprimero.com.ar\/?p=3735"},"modified":"2020-10-08T17:46:33","modified_gmt":"2020-10-08T17:46:33","slug":"hace-125-anos-nacia-juan-domingo-peron","status":"publish","type":"post","link":"https:\/\/morenoprimero.com.ar\/archivo\/hace-125-anos-nacia-juan-domingo-peron\/","title":{"rendered":"HACE 125 A\u00d1OS NAC\u00cdA JUAN DOMINGO PER\u00d3N"},"content":{"rendered":"\n<h4 class=\"wp-block-heading\"><strong>Se trata de una de las figuras m\u00e1s relevantes de la historia pol\u00edtica argentina, que marc\u00f3 un antes y un despu\u00e9s en nuestro pa\u00eds.<\/strong><\/h4>\n\n\n\n<figure class=\"wp-block-image size-large is-resized\"><img loading=\"lazy\" decoding=\"async\" src=\"https:\/\/morenoprimero.com.ar\/wp-content\/uploads\/2020\/10\/pepepepepepeper\u00f3n.jpg\" alt=\"\" class=\"wp-image-3736\" width=\"556\" height=\"839\" srcset=\"https:\/\/morenoprimero.com.ar\/archivo\/wp-content\/uploads\/2020\/10\/pepepepepepeper\u00f3n.jpg 477w, https:\/\/morenoprimero.com.ar\/archivo\/wp-content\/uploads\/2020\/10\/pepepepepepeper\u00f3n-199x300.jpg 199w\" sizes=\"auto, (max-width: 556px) 100vw, 556px\" \/><\/figure>\n\n\n\n<p><strong>Hoy se cumplen 125 a\u00f1os del nacimiento de Juan Domingo Per\u00f3n<\/strong>, el fundador del movimiento pol\u00edtico m\u00e1s importante de la historia argentina y que fue elegido presidente en tres ocasiones (1946, 1951 y 1973) en elecciones limpias, obteniendo porcentaje de votos nunca repetidos en la historia. <\/p>\n\n\n\n<p><strong>Juan Domingo Per\u00f3n<\/strong> naci\u00f3 en Lobos, el <strong>8 de octubre de 1895<\/strong> y falleci\u00f3 en Vicente L\u00f3pez, el <strong>1 de julio de 1974.<\/strong> Fue un l\u00edder pol\u00edtico argentino y el primero elegido en comicios en los que participaron mujeres y hombres. Fue tambi\u00e9n oficial del Ej\u00e9rcito Argentino y escritor. Fund\u00f3 el peronismo, uno de los movimientos populares m\u00e1s importantes de la historia de la Argentina.<\/p>\n\n\n\n<p>La trayectoria de Per\u00f3n se caracteriz\u00f3 por implementar <strong>programas sociales<\/strong> reivindicativos, especialmente con las y los trabajadores. Las pol\u00edticas de su Gobierno le valieron el afecto y la simpat\u00eda de los argentinos quienes le apoyaron durante su vida pol\u00edtica.<\/p>\n\n\n\n<p>Entre su legado destaca la reforma de la <strong>Constituci\u00f3n Nacional de 1949<\/strong>, en la que se incorporaron derechos y reivindicaciones sociales como el derecho al <strong>sufragio femenino<\/strong>.<\/p>\n","protected":false},"excerpt":{"rendered":"<p>Se trata de una de las figuras m\u00e1s relevantes de la historia pol\u00edtica argentina, que marc\u00f3 un antes y un despu\u00e9s en nuestro pa\u00eds. Hoy se cumplen 125 a\u00f1os del nacimiento de Juan Domingo Per\u00f3n, el fundador del movimiento pol\u00edtico &hellip; <a href=\"https:\/\/morenoprimero.com.ar\/archivo\/hace-125-anos-nacia-juan-domingo-peron\/\">Sigue leyendo <span class=\"meta-nav\">&rarr;<\/span><\/a><\/p>\n","protected":false},"author":6,"featured_media":3741,"comment_status":"open","ping_status":"open","sticky":false,"template":"","format":"standard","meta":{"footnotes":""},"categories":[27,5,20],"tags":[742,883,705],"class_list":["post-3735","post","type-post","status-publish","format-standard","has-post-thumbnail","hentry","category-politica","category-recomendadas","category-sociedad","tag-argentina","tag-natalicio-de-juan-domingo-peron","tag-peronismo"],"_links":{"self":[{"href":"https:\/\/morenoprimero.com.ar\/archivo\/wp-json\/wp\/v2\/posts\/3735","targetHints":{"allow":["GET"]}}],"collection":[{"href":"https:\/\/morenoprimero.com.ar\/archivo\/wp-json\/wp\/v2\/posts"}],"about":[{"href":"https:\/\/morenoprimero.com.ar\/archivo\/wp-json\/wp\/v2\/types\/post"}],"author":[{"embeddable":true,"href":"https:\/\/morenoprimero.com.ar\/archivo\/wp-json\/wp\/v2\/users\/6"}],"replies":[{"embeddable":true,"href":"https:\/\/morenoprimero.com.ar\/archivo\/wp-json\/wp\/v2\/comments?post=3735"}],"version-history":[{"count":2,"href":"https:\/\/morenoprimero.com.ar\/archivo\/wp-json\/wp\/v2\/posts\/3735\/revisions"}],"predecessor-version":[{"id":3767,"href":"https:\/\/morenoprimero.com.ar\/archivo\/wp-json\/wp\/v2\/posts\/3735\/revisions\/3767"}],"wp:featuredmedia":[{"embeddable":true,"href":"https:\/\/morenoprimero.com.ar\/archivo\/wp-json\/wp\/v2\/media\/3741"}],"wp:attachment":[{"href":"https:\/\/morenoprimero.com.ar\/archivo\/wp-json\/wp\/v2\/media?parent=3735"}],"wp:term":[{"taxonomy":"category","embeddable":true,"href":"https:\/\/morenoprimero.com.ar\/archivo\/wp-json\/wp\/v2\/categories?post=3735"},{"taxonomy":"post_tag","embeddable":true,"href":"https:\/\/morenoprimero.com.ar\/archivo\/wp-json\/wp\/v2\/tags?post=3735"}],"curies":[{"name":"wp","href":"https:\/\/api.w.org\/{rel}","templated":true}]}}