{"id":3732,"date":"2020-10-08T17:45:35","date_gmt":"2020-10-08T17:45:35","guid":{"rendered":"https:\/\/morenoprimero.com.ar\/?p=3732"},"modified":"2020-10-08T17:45:35","modified_gmt":"2020-10-08T17:45:35","slug":"la-provincia-alcanzo-un-acuerdo-con-las-y-los-trabajadores-estatales","status":"publish","type":"post","link":"https:\/\/morenoprimero.com.ar\/archivo\/la-provincia-alcanzo-un-acuerdo-con-las-y-los-trabajadores-estatales\/","title":{"rendered":"LA PROVINCIA ALCANZ\u00d3 UN ACUERDO CON LAS Y LOS TRABAJADORES ESTATALES"},"content":{"rendered":"\n<h4 class=\"wp-block-heading\">La totalidad de los gremios aceptaron la propuesta de recomposici\u00f3n salarial del 14%, escalonado entre septiembre y noviembre.&nbsp;<\/h4>\n\n\n\n<p>Los gremios que representan a las y los trabajadores de la ley 10.430 aceptaron hoy el ofrecimiento de aumento salarial efectuado en las negociaciones paritarias por el gobierno bonaerense.&nbsp;&nbsp;<\/p>\n\n\n\n<p><strong>Tanto UPCN, como ATE y FEGGEPBA presentaron su conformidad a la propuesta<\/strong>, efectuada en el encuentro que mantuvieron ayer, de otorgar un incremento en los salarios del orden del <strong>14%, escalonado entre septiembre y noviembre, en los sueldos b\u00e1sicos y en las bonificaciones remunerativas fijas respecto de diciembre de 2019.&nbsp;&nbsp;<\/strong><\/p>\n\n\n\n<p>En ese sentido, la ministra de Trabajo, Mara Ruiz&nbsp;Malec, dijo que: \u201cSe trata de un acuerdo hist\u00f3rico que ha logrado un consenso muy importante. Buscamos que el salario estatal no siga perdiendo en la pandemia y apuntalar a los que tienen ingresos m\u00e1s bajos\u201d, expres\u00f3 la&nbsp;Ministra.&nbsp;&nbsp;<\/p>\n\n\n\n<p>Por su parte, el ministro de Hacienda y Finanzas, Pablo L\u00f3pez, manifest\u00f3 su satisfacci\u00f3n por el acuerdo alcanzado con las y los trabajadores de la Ley 10.430 y destac\u00f3 que: \u201cEn el marco de la compleja situaci\u00f3n econ\u00f3mica y fiscal que atraviesa la Provincia hemos podido realizar una propuesta salarial que da respuesta a las demandas planteadas por los gremios en las diferentes instancias de negociaci\u00f3n, y que permite ir recomponiendo el poder adquisitivo y mejorar las condiciones laborales\u201d.&nbsp;&nbsp;&nbsp;<\/p>\n\n\n\n<p>La propuesta realizada por la Provincia establece un aumento del 10% en septiembre, un 2% en octubre, y un 2% en noviembre. Sumado a esto, habr\u00e1 un incremento del 30% en las asignaciones familiares y modificaciones en bonificaciones de sectores particularmente rezagados, como auxiliares docentes y personal que cobra bonificaci\u00f3n por peligrosidad, y un adicional por \u00fanica vez en noviembre para los salarios m\u00e1s bajos.&nbsp;&nbsp;&nbsp;<\/p>\n\n\n\n<p><strong>Por otra parte, se acord\u00f3 retomar el di\u00e1logo en el mes de diciembre para volver a evaluar la situaci\u00f3n. Al mismo tiempo, la Provincia se comprometi\u00f3 a continuar con la regularizaci\u00f3n de los pases a planta transitoria solicitados por las y los representantes gremiales oportunamente, y a convocar a algunas paritarias sectoriales en el marco de la ley 10.430.&nbsp;<\/strong><\/p>\n","protected":false},"excerpt":{"rendered":"<p>La totalidad de los gremios aceptaron la propuesta de recomposici\u00f3n salarial del 14%, escalonado entre septiembre y noviembre.&nbsp; Los gremios que representan a las y los trabajadores de la ley 10.430 aceptaron hoy el ofrecimiento de aumento salarial efectuado en &hellip; <a href=\"https:\/\/morenoprimero.com.ar\/archivo\/la-provincia-alcanzo-un-acuerdo-con-las-y-los-trabajadores-estatales\/\">Sigue leyendo <span class=\"meta-nav\">&rarr;<\/span><\/a><\/p>\n","protected":false},"author":6,"featured_media":3733,"comment_status":"open","ping_status":"open","sticky":false,"template":"","format":"standard","meta":{"footnotes":""},"categories":[27,5,20],"tags":[619,355,60],"class_list":["post-3732","post","type-post","status-publish","format-standard","has-post-thumbnail","hentry","category-politica","category-recomendadas","category-sociedad","tag-aumento-salarial","tag-paritarias","tag-provincia-de-buenos-aires"],"_links":{"self":[{"href":"https:\/\/morenoprimero.com.ar\/archivo\/wp-json\/wp\/v2\/posts\/3732","targetHints":{"allow":["GET"]}}],"collection":[{"href":"https:\/\/morenoprimero.com.ar\/archivo\/wp-json\/wp\/v2\/posts"}],"about":[{"href":"https:\/\/morenoprimero.com.ar\/archivo\/wp-json\/wp\/v2\/types\/post"}],"author":[{"embeddable":true,"href":"https:\/\/morenoprimero.com.ar\/archivo\/wp-json\/wp\/v2\/users\/6"}],"replies":[{"embeddable":true,"href":"https:\/\/morenoprimero.com.ar\/archivo\/wp-json\/wp\/v2\/comments?post=3732"}],"version-history":[{"count":2,"href":"https:\/\/morenoprimero.com.ar\/archivo\/wp-json\/wp\/v2\/posts\/3732\/revisions"}],"predecessor-version":[{"id":3766,"href":"https:\/\/morenoprimero.com.ar\/archivo\/wp-json\/wp\/v2\/posts\/3732\/revisions\/3766"}],"wp:featuredmedia":[{"embeddable":true,"href":"https:\/\/morenoprimero.com.ar\/archivo\/wp-json\/wp\/v2\/media\/3733"}],"wp:attachment":[{"href":"https:\/\/morenoprimero.com.ar\/archivo\/wp-json\/wp\/v2\/media?parent=3732"}],"wp:term":[{"taxonomy":"category","embeddable":true,"href":"https:\/\/morenoprimero.com.ar\/archivo\/wp-json\/wp\/v2\/categories?post=3732"},{"taxonomy":"post_tag","embeddable":true,"href":"https:\/\/morenoprimero.com.ar\/archivo\/wp-json\/wp\/v2\/tags?post=3732"}],"curies":[{"name":"wp","href":"https:\/\/api.w.org\/{rel}","templated":true}]}}