{"id":37244,"date":"2023-03-22T09:28:29","date_gmt":"2023-03-22T12:28:29","guid":{"rendered":"https:\/\/morenoprimero.com.ar\/?p=37244"},"modified":"2023-03-22T09:28:30","modified_gmt":"2023-03-22T12:28:30","slug":"cristina-kirchner-nos-persiguen-porque-igualamos-a-las-sociedades","status":"publish","type":"post","link":"https:\/\/morenoprimero.com.ar\/archivo\/cristina-kirchner-nos-persiguen-porque-igualamos-a-las-sociedades\/","title":{"rendered":"Cristina Kirchner:\u00a0\u00abNos persiguen porque igualamos a las sociedades\u00bb"},"content":{"rendered":"\n<p>Acompa\u00f1ada por expresidentes del Grupo de Puebla y por juristas, la vicepresidenta Cristina Fern\u00e1ndez de Kirchner traz\u00f3 una l\u00ednea de continuidad entre las persecuciones de las dictaduras militares y el actual ataque a la democracia desde el \u00abpartido judicial\u00bb. \u00abNo nos van a perdonar nunca la reconstrucci\u00f3n de la econom\u00eda y lo que pudimos construir en materia de derechos humanos\u00bb, dijo.<\/p>\n\n\n\n<p>\u201cNo fue solamente la econom\u00eda sino lo que pudimos reconstruir en materia de derechos humanos. No nos van a perdonar nunca\u201d. Est\u00e1 all\u00ed la raz\u00f3n de la persecuci\u00f3n en los tribunales para&nbsp;<strong>Cristina Fern\u00e1ndez de Kirchner<\/strong>, la raz\u00f3n de la condena y la proscripci\u00f3n que puede dejarla afuera de la carrera electoral. Y as\u00ed lo hizo saber la vicepresidenta frente a un auditorio compuesto por expresidentes de la regi\u00f3n y juristas que integran el Grupo de Puebla y vienen hace tiempo denunciando que el&nbsp;<em>lawfare<\/em>&nbsp;es el mecanismo que se usa desde los estrados judiciales para condicionar los procesos pol\u00edticos progresistas.<\/p>\n\n\n\n<p>No fue un acto altisonante pero el mensaje fue concreto: ya no es el partido militar el que le respira en la nuca a la democracia, sino el partido judicial. Y ella lo sufre en carne propia. \u201cLo que el partido militar fue a los gobiernos populares del siglo XX, el&nbsp;<em>lawfare<\/em>&nbsp;lo es a los gobiernos nacionales, populares y democr\u00e1ticos. Exactamente lo mismo\u201d, dijo CFK mientras la aplaud\u00edan dirigentes de la regi\u00f3n, integrantes del Frente de Todos y miembros de organismos de derechos humanos que se congregaron en el&nbsp;<strong>III Foro de Derechos Humanos<\/strong>, pero sobre todo para brindarle su apoyo despu\u00e9s de la condena del Tribunal Oral Federal 2 en causa Vialidad. \u201cNo nos persiguen porque somos populistas. Nos persiguen porque igualamos sociedades, por la justicia social y por el derecho de los trabajadores a participar en el producto bruto de lo que producen\u201d.<\/p>\n\n\n\n<p>Rodeada de expresidentes que acompa\u00f1aron sus mandatos como&nbsp;<strong>Evo Morales<\/strong>&nbsp;(Bolivia),&nbsp;<strong>Jos\u00e9 Luis Rodr\u00edguez Zapatero<\/strong>&nbsp;(Espa\u00f1a),&nbsp;<strong>Rafael Correa<\/strong>&nbsp;(Ecuador),&nbsp;<strong>Ernesto Samper<\/strong>&nbsp;(Colombia) o&nbsp;<strong>Jos\u00e9 \u201cPepe\u201d Mujica<\/strong>&nbsp;(Uruguay), CFK repas\u00f3 cu\u00e1les fueron sus pol\u00edticas que terminaron siendo combatidas desde los tribunales. En dos meses, de hecho, se cumplir\u00e1n veinte a\u00f1os desde que su compa\u00f1ero,&nbsp;<strong>N\u00e9stor Kirchner<\/strong>, lleg\u00f3 a la Casa Rosada.<\/p>\n\n\n\n<p>\u00abSe inici\u00f3 en 2003 la construcci\u00f3n de una nueva Argentina. se empez\u00f3 una Argentina diferente. Ese hombre junto con&nbsp;<strong>Lula<\/strong>, decidieron pagarle al FMI, para que nunca m\u00e1s pudiera dirigir la econom\u00eda en la Argentina\u201d, remarc\u00f3 CFK. \u201cFue la d\u00e9cada virtuosa. Fue el momento donde m\u00e1s se redujo la desigualdad econ\u00f3mica y social en la regi\u00f3n, esta es la clave. No nos persiguen porque somos populistas, nos persiguen porque igualamos sociedades, por la justicia social, el derecho de los trabajadores a participar en el producto bruto de lo que producen\u201d, agreg\u00f3.<\/p>\n\n\n\n<p>Desde entonces, la apuesta tuvo que ver con reconstruir el Estado democr\u00e1tico constitucional, dijo CFK: no solo lo que representaba la Casa Rosada, sino lo que representaba el Poder Legislativo. En el Congreso, record\u00f3, se compraban leyes y puso como ejemplo la denuncia de la Banelco para aprobar la flexibilizaci\u00f3n laboral de&nbsp;<strong>Fernando de la R\u00faa<\/strong>. \u201cTambi\u00e9n le toc\u00f3 a \u00e9l \u2013en referencia a Kirchner\u2013, pese al 22 por ciento de los votos, reconstruir un Poder Judicial que hab\u00eda eliminado la mayor\u00eda autom\u00e1tica y que hab\u00eda amenazado, no al gobierno sino a los argentinos con la dolarizaci\u00f3n de la econom\u00eda\u00bb.<\/p>\n\n\n\n<h2 class=\"wp-block-heading\">El eje del rencor<\/h2>\n\n\n\n<p>Parte central de esa reconstrucci\u00f3n fue la pol\u00edtica de verdad y justicia del kirchnerismo: la anulaci\u00f3n de las leyes de impunidad y la renovaci\u00f3n de una Corte Suprema que estuviera dispuesta a sostener la inconstitucionalidad de las leyes de Punto Final y Obediencia Debida, que imped\u00edan juzgar a los responsables de cr\u00edmenes atroces.<\/p>\n\n\n\n<p>\u201cCuando N\u00e9stor lleg\u00f3 al gobierno, el reclamo por Memoria, Verdad y Justicia no exist\u00eda, no figuraba en las encuestas\u201d, rememor\u00f3. \u201cLos organismos segu\u00edan marchando, pero es m\u00e1s, hasta hubo ofrecimientos de declarar constitucionales las leyes de la impunidad, que N\u00e9stor rechaz\u00f3\u201d, cont\u00f3 la vicepresidenta.<\/p>\n\n\n\n<p>El ofrecimiento no pudo m\u00e1s que haber salido de la Corte porque, para el momento en que Kirchner lleg\u00f3 al gobierno, ya estaba en el m\u00e1ximo tribunal el reclamo para la reapertura de los juicios. Era lo que se conoce como el caso Juli\u00e1n Sim\u00f3n con el que se mostr\u00f3 que era una incongruencia juzgar a los responsables de las apropiaciones de ni\u00f1os sin juzgar a quienes posibilitaron que esas sustracciones de menores sucedieran: es decir, a los que desaparecieron a sus padres y madres..<\/p>\n\n\n\n<p>A partir de 2006, se reabrieron los juicios que tienen a m\u00e1s de 1000 condenados. Uno de ellos fue&nbsp;<strong>Jorge Rafael Videla<\/strong>, el dictador que muri\u00f3 mientras se lo juzgaba por su responsabilidad en el Plan C\u00f3ndor. \u201cTodav\u00eda recuerdo esa tapa de&nbsp;<strong>P\u00e1gina\/12<\/strong>, donde Videla dec\u00eda que su peor \u00e9poca hab\u00eda llegado con los Kirchner\u201d, evoc\u00f3 CFK. Se trataba de una portada de este diario de febrero de 2012.<\/p>\n\n\n\n<p>El jurista&nbsp;<strong>Baltasar Garz\u00f3n<\/strong>&nbsp;la miraba de costado y asent\u00eda. El exjuez espa\u00f1ol conoce bien la historia. En los tiempos de vigencia de las leyes de impunidad, \u00e9l fue quien impuls\u00f3 las investigaciones desde la Audiencia Nacional de Madrid por los cr\u00edmenes de la dictadura de Videla y compa\u00f1\u00eda.<\/p>\n\n\n\n<p>En el p\u00fablico, hab\u00eda aplausos en todos los sectores del CCK. En general, las oleadas de vivas a CFK comenzaban desde atr\u00e1s y encend\u00edan a los dirigentes que ocupaban las primeras filas. Entre quienes la aplaud\u00edan con ganas estaban el gobernador&nbsp;<strong>Axel Kicillof&nbsp;<\/strong>o los ministros&nbsp;<strong>Eduardo \u00abWado\u00bb de Pedro<\/strong>&nbsp;(Interior),&nbsp;<strong>Mart\u00edn Soria<\/strong>&nbsp;(Justicia) o&nbsp;<strong>Jorge Taiana<\/strong>&nbsp;(Defensa). Muchos se sumaban al \u00abCristina presidenta\u00bb que explotaba cada tanto y que hac\u00eda batir las palmas de dirigentes de derechos humanos como&nbsp;<strong>Lita Boitano<\/strong>, que estaba sentada junto al secretario de Derechos Humanos,&nbsp;<strong>Horacio Pietragalla Corti<\/strong>.<\/p>\n\n\n\n<h2 class=\"wp-block-heading\">El lado de la historia<\/h2>\n\n\n\n<p>La dictadura simboliz\u00f3 las muertes y las desapariciones pero tambi\u00e9n la destrucci\u00f3n de un modelo de pa\u00eds.&nbsp;\u00abEn el &#8217;76, se interrumpe un modelo de acumulaci\u00f3n que simboliz\u00f3 por sobre todo el peronismo, que fue la movilidad social ascendente. Yo soy hija de esa Argentina, de la movilidad social ascendente, donde la hija de un trabajador acud\u00eda a la universidad y tambi\u00e9n acced\u00eda a la presidencia de un pa\u00eds. En el &#8217;76 se quiebra esa Argentina de producci\u00f3n y de trabajo. El golpe de &#8217;76 marca a fuego y destruye ese modelo donde se progresaba a trav\u00e9s del trabajo. Si trabajabas y laburabas te iba a ir bien\u00bb, resalt\u00f3 la vicepresidenta y lo mir\u00f3 a&nbsp;<strong>Marco Enr\u00edquez Ominami,&nbsp;<\/strong>que funcion\u00f3 como organizador del acto. A \u00e9l le habl\u00f3 de Chile y del laboratorio del neoliberalismo tras el golpe de Estado con el que&nbsp;<strong>Augusto Pinochet<\/strong>&nbsp;derroc\u00f3 a&nbsp;<strong>Salvador Allende<\/strong>&nbsp;hace ya casi 50 a\u00f1os.<\/p>\n\n\n\n<p>Los n\u00fameros pueden abrumar. La misma CFK reconoci\u00f3 que puede ser dif\u00edcil hablarles a un pibe o a una piba de 20 a\u00f1os de los desaparecidos de hace 40 a\u00f1os, pero la historia de las persecuciones tiene un hilo conductor. \u00abEn realidad este&nbsp;<em>lawfare<\/em>&nbsp;que inunda toda la regi\u00f3n fue precedido por otros instrumentos previos: la&nbsp;<strong>Doctrina de Seguridad Nacional<\/strong>. En ese momento las Fuerzas Armadas cumplieron en toda la regi\u00f3n la interrupci\u00f3n de las democracias\u00bb, dijo.<\/p>\n\n\n\n<p>\u00abTal vez todos tengamos la sensaci\u00f3n que es todo muy injusto. Es muy injusto. Este Poder Judicial que persigue a dirigentes pol\u00edticos, en este caso una expresidenta, son los riesgos de la pol\u00edtica. Cuando uno decide jugar de un lado, sabe que no es gratis. Cuando vas con los otros y con los medios, no tenes problemas. El problema es cuando uno decide jugar del lado de los intereses del pueblo y de las grandes mayor\u00edas nacionales\u00bb, reafirm\u00f3.<\/p>\n\n\n\n<p>En las pr\u00f3ximas semanas, los abogados de CFK apelar\u00e1n la condena que recibi\u00f3 ep\u00edtetos como \u00abengendro\u00bb por parte de Garz\u00f3n. Los diarios alineados con la oposici\u00f3n vaticinan que podr\u00eda haber novedades con la reapertura de la causa&nbsp;<strong>Hotesur-Los Sauces<\/strong>&nbsp;en la C\u00e1mara Federal de Casaci\u00f3n, pero la vicepresidenta el \u00fanico mensaje que dej\u00f3 es que se necesita coraje para no dejarse amedrentar por los tribunales.&nbsp;<\/p>\n\n\n\n<p>\u00abNo me importa si me van a meter presa, lo que me importa es que volvamos a reconstruir un Estado democratico y constitucional en el cual las garant\u00edas que establece la Constituci\u00f3n no sean cart\u00f3n pintado. Volver a construir un pa\u00eds que alguna vez tuvimos, se puede hacer porque alguna vez lo hicimos\u00bb, dijo. Y hubo aplausos y una dosis de esperanza porque la vicepresidenta habl\u00f3 de futuro.<\/p>\n","protected":false},"excerpt":{"rendered":"<p>Acompa\u00f1ada por expresidentes del Grupo de Puebla y por juristas, la vicepresidenta Cristina Fern\u00e1ndez de Kirchner traz\u00f3 una l\u00ednea de continuidad entre las persecuciones de las dictaduras militares y el actual ataque a la democracia desde el \u00abpartido judicial\u00bb. \u00abNo &hellip; <a href=\"https:\/\/morenoprimero.com.ar\/archivo\/cristina-kirchner-nos-persiguen-porque-igualamos-a-las-sociedades\/\">Sigue leyendo <span class=\"meta-nav\">&rarr;<\/span><\/a><\/p>\n","protected":false},"author":6,"featured_media":37245,"comment_status":"closed","ping_status":"closed","sticky":false,"template":"","format":"standard","meta":{"footnotes":""},"categories":[2330],"tags":[971,4513],"class_list":["post-37244","post","type-post","status-publish","format-standard","has-post-thumbnail","hentry","category-nacional","tag-cristina-fernandez","tag-grupo-puebla"],"_links":{"self":[{"href":"https:\/\/morenoprimero.com.ar\/archivo\/wp-json\/wp\/v2\/posts\/37244","targetHints":{"allow":["GET"]}}],"collection":[{"href":"https:\/\/morenoprimero.com.ar\/archivo\/wp-json\/wp\/v2\/posts"}],"about":[{"href":"https:\/\/morenoprimero.com.ar\/archivo\/wp-json\/wp\/v2\/types\/post"}],"author":[{"embeddable":true,"href":"https:\/\/morenoprimero.com.ar\/archivo\/wp-json\/wp\/v2\/users\/6"}],"replies":[{"embeddable":true,"href":"https:\/\/morenoprimero.com.ar\/archivo\/wp-json\/wp\/v2\/comments?post=37244"}],"version-history":[{"count":1,"href":"https:\/\/morenoprimero.com.ar\/archivo\/wp-json\/wp\/v2\/posts\/37244\/revisions"}],"predecessor-version":[{"id":37247,"href":"https:\/\/morenoprimero.com.ar\/archivo\/wp-json\/wp\/v2\/posts\/37244\/revisions\/37247"}],"wp:featuredmedia":[{"embeddable":true,"href":"https:\/\/morenoprimero.com.ar\/archivo\/wp-json\/wp\/v2\/media\/37245"}],"wp:attachment":[{"href":"https:\/\/morenoprimero.com.ar\/archivo\/wp-json\/wp\/v2\/media?parent=37244"}],"wp:term":[{"taxonomy":"category","embeddable":true,"href":"https:\/\/morenoprimero.com.ar\/archivo\/wp-json\/wp\/v2\/categories?post=37244"},{"taxonomy":"post_tag","embeddable":true,"href":"https:\/\/morenoprimero.com.ar\/archivo\/wp-json\/wp\/v2\/tags?post=37244"}],"curies":[{"name":"wp","href":"https:\/\/api.w.org\/{rel}","templated":true}]}}