{"id":3712,"date":"2020-10-09T09:00:00","date_gmt":"2020-10-09T09:00:00","guid":{"rendered":"https:\/\/morenoprimero.com.ar\/?p=3712"},"modified":"2020-10-08T17:51:42","modified_gmt":"2020-10-08T17:51:42","slug":"moreno-en-un-operativo-policial-detuvieron-a-un-joven-con-un-revolver","status":"publish","type":"post","link":"https:\/\/morenoprimero.com.ar\/archivo\/moreno-en-un-operativo-policial-detuvieron-a-un-joven-con-un-revolver\/","title":{"rendered":"MORENO: EN UN OPERATIVO DE CONTROL DETUVIERON A UN J\u00d3VEN CON UN REV\u00d3LVER"},"content":{"rendered":"\n<h4 class=\"wp-block-heading\">El joven intent\u00f3 darse a la fuga pero fue r\u00e1pidamente detenido.<\/h4>\n\n\n\n<p>El d\u00eda martes 6 de octubre se realizaba un <strong>operativo de control en el transporte p\u00fablico, a cargo de la Estaci\u00f3n de Polic\u00eda de Moreno.&nbsp;&nbsp;<\/strong><\/p>\n\n\n\n<p>&nbsp; En la l\u00ednea 311 de la compa\u00f1\u00eda \u201cLa Perlita\u201d<strong> un pasajero se revel\u00f3 ante el control, se violent\u00f3, e intent\u00f3 huir.&nbsp;&nbsp;<\/strong><\/p>\n\n\n\n<p>&nbsp;En la causa intervino la<strong>&nbsp;UFI&nbsp;N\u00b0&nbsp;4 a cargo del Dr. Salvatierra.&nbsp;<\/strong><\/p>\n","protected":false},"excerpt":{"rendered":"<p>El joven intent\u00f3 darse a la fuga pero fue r\u00e1pidamente detenido. El d\u00eda martes 6 de octubre se realizaba un operativo de control en el transporte p\u00fablico, a cargo de la Estaci\u00f3n de Polic\u00eda de Moreno.&nbsp;&nbsp; &nbsp; En la l\u00ednea &hellip; <a href=\"https:\/\/morenoprimero.com.ar\/archivo\/moreno-en-un-operativo-policial-detuvieron-a-un-joven-con-un-revolver\/\">Sigue leyendo <span class=\"meta-nav\">&rarr;<\/span><\/a><\/p>\n","protected":false},"author":6,"featured_media":3713,"comment_status":"open","ping_status":"open","sticky":false,"template":"","format":"standard","meta":{"footnotes":""},"categories":[8],"tags":[882,6,178,39],"class_list":["post-3712","post","type-post","status-publish","format-standard","has-post-thumbnail","hentry","category-policiales","tag-estacion-de-policia-de-moreno","tag-moreno","tag-operativos-policiales","tag-robo"],"_links":{"self":[{"href":"https:\/\/morenoprimero.com.ar\/archivo\/wp-json\/wp\/v2\/posts\/3712","targetHints":{"allow":["GET"]}}],"collection":[{"href":"https:\/\/morenoprimero.com.ar\/archivo\/wp-json\/wp\/v2\/posts"}],"about":[{"href":"https:\/\/morenoprimero.com.ar\/archivo\/wp-json\/wp\/v2\/types\/post"}],"author":[{"embeddable":true,"href":"https:\/\/morenoprimero.com.ar\/archivo\/wp-json\/wp\/v2\/users\/6"}],"replies":[{"embeddable":true,"href":"https:\/\/morenoprimero.com.ar\/archivo\/wp-json\/wp\/v2\/comments?post=3712"}],"version-history":[{"count":2,"href":"https:\/\/morenoprimero.com.ar\/archivo\/wp-json\/wp\/v2\/posts\/3712\/revisions"}],"predecessor-version":[{"id":3769,"href":"https:\/\/morenoprimero.com.ar\/archivo\/wp-json\/wp\/v2\/posts\/3712\/revisions\/3769"}],"wp:featuredmedia":[{"embeddable":true,"href":"https:\/\/morenoprimero.com.ar\/archivo\/wp-json\/wp\/v2\/media\/3713"}],"wp:attachment":[{"href":"https:\/\/morenoprimero.com.ar\/archivo\/wp-json\/wp\/v2\/media?parent=3712"}],"wp:term":[{"taxonomy":"category","embeddable":true,"href":"https:\/\/morenoprimero.com.ar\/archivo\/wp-json\/wp\/v2\/categories?post=3712"},{"taxonomy":"post_tag","embeddable":true,"href":"https:\/\/morenoprimero.com.ar\/archivo\/wp-json\/wp\/v2\/tags?post=3712"}],"curies":[{"name":"wp","href":"https:\/\/api.w.org\/{rel}","templated":true}]}}