{"id":37112,"date":"2023-03-20T08:26:12","date_gmt":"2023-03-20T11:26:12","guid":{"rendered":"https:\/\/morenoprimero.com.ar\/?p=37112"},"modified":"2023-03-20T08:26:12","modified_gmt":"2023-03-20T11:26:12","slug":"la-provincia-sigue-de-cerca-un-megaproyecto-que-cambiaria-la-matriz-energetica-del-pais","status":"publish","type":"post","link":"https:\/\/morenoprimero.com.ar\/archivo\/la-provincia-sigue-de-cerca-un-megaproyecto-que-cambiaria-la-matriz-energetica-del-pais\/","title":{"rendered":"La Provincia sigue de cerca un megaproyecto que cambiar\u00eda la matriz energ\u00e9tica del pa\u00eds"},"content":{"rendered":"\n<p>El gobernador bonaerense, Axel Kicillof, recibi\u00f3 a directivos de YPF y de Petronas. Bah\u00eda Blanca le gan\u00f3 la pulseada a R\u00edo Negro.<\/p>\n\n\n\n<p>El d\u00e9ficit energ\u00e9tico de Argentina es una de las grandes problem\u00e1ticas de los \u00faltimos a\u00f1os, pero sobre todo desde que se desat\u00f3 la guerra entre Rusia y Ucrania. El pa\u00eds debe comprar combustibles encarecidos por el contexto para abastecer hogares e industrias. Esto podr\u00eda cambiar y la clave podr\u00eda estar en Vaca Muerta, pero tambi\u00e9n en la provincia de Buenos Aires. &nbsp;<\/p>\n\n\n\n<p>En septiembre de 2022 la petrolera estatal YPF firm\u00f3 un acuerdo con la firma de Malasia Petronas para un proyecto integrado de Gas Natural Licuado (GNL) con el que aspiran exportar 5 millones de toneladas de este combustible en los pr\u00f3ximos a\u00f1os. Esto implica una inversi\u00f3n inicial de 10 mil millones de d\u00f3lares y de USD 40 mi millones en la pr\u00f3xima d\u00e9cada.<\/p>\n\n\n\n<p>\u00abLos 10.000 millones iniciales determinan la etapa de aumento de producci\u00f3n de gas, un gasoducto de 600 kil\u00f3metros y un puerto\u00bb, hab\u00eda explicado en aquel entonces el titular de YPF,&nbsp;<strong>Pablo Gonz\u00e1lez<\/strong>. En un principio la plataforma exportadora se pod\u00eda instalar en Bah\u00eda Blanca o en R\u00edo Negro y finalmente el puerto del sur bonaerense gan\u00f3 la pulseada. &nbsp;<\/p>\n\n\n\n<p>Tras la firma de reserva de tierras con las autoridades bahienses, el gobernador de la Provincia,&nbsp;<strong>Axel Kicillof<\/strong>, recibi\u00f3 a los directivos de las petroleras.&nbsp;<strong>El encuentro sirvi\u00f3 para analizar el avance de esta iniciativa que \u00abtendr\u00e1 gran impacto en nuestra provincia\u00bb<\/strong>. \u00abPermitir\u00e1 producir y exportar m\u00e1s de 25 millones de toneladas por a\u00f1o de GNL, reducir las restricciones externas, multiplicar la actividad econ\u00f3mica y generar miles de puestos de trabajo, adem\u00e1s de convertir al pa\u00eds en un exportador de gas a escala mundial\u00bb, enumer\u00f3 Kicillof.<\/p>\n\n\n\n<h2 class=\"wp-block-heading\">\u00bfQu\u00e9 es el GNL?<\/h2>\n\n\n\n<p>Se trata de gas natural que ha sido procesado y transformado a estado l\u00edquido. Actualmente,&nbsp;<strong>Argentina importa entre 45 y 60 barcos de GNL por a\u00f1o y con este proyecto podr\u00eda llegar a exportar m\u00e1s de 460<\/strong>. Es decir que lo que hoy representa un gasto de divisas se transformar\u00eda en uno de los principales ingresos de d\u00f3lares.<\/p>\n\n\n\n<p>Adem\u00e1s, implica comenzar a desarrollar \u00e1reas de shale gas en Vaca Muerta&nbsp;y la puesta en marcha de toda la infraestructura necesaria para extraer, procesar y transportar el GNL. \u00abLa ingenier\u00eda de desarrollo tiene un plazo de dos a\u00f1os, despu\u00e9s son cuatro m\u00e1s, va a haber dos barcos regasificadores una vez que est\u00e9 terminado el gasoducto y en seis a\u00f1os ya se va a empezar a exportar a trav\u00e9s del puerto, de la planta que se va a construir durante toda esa etapa\u00bb, explic\u00f3 Gonz\u00e1lez durante la presentaci\u00f3n de la alianza con Petronas.<\/p>\n\n\n\n<p>Si todo transcurre de acuerdo a lo planeado,&nbsp;<strong>hacia 2028 se comenzar\u00eda con la exportaci\u00f3n del producto desde el puerto de Bah\u00eda Blanca<\/strong>. En un primer momento, ser\u00edan cerca de 5 millones de toneladas por a\u00f1o, pero aspiran a llegar a las 25 millones de toneladas, es decir alrededor de 20 mil millones de d\u00f3lares.<\/p>\n\n\n\n<p><\/p>\n\n\n\n<p><a href=\"https:\/\/media.infocielo.com\/p\/702d2155e933abadbcaccccf296cb752\/adjuntos\/299\/imagenes\/001\/607\/0001607874\/axel-kicillof-ypf-y-petronasjpg.jpg\"><\/a><\/p>\n","protected":false},"excerpt":{"rendered":"<p>El gobernador bonaerense, Axel Kicillof, recibi\u00f3 a directivos de YPF y de Petronas. Bah\u00eda Blanca le gan\u00f3 la pulseada a R\u00edo Negro. El d\u00e9ficit energ\u00e9tico de Argentina es una de las grandes problem\u00e1ticas de los \u00faltimos a\u00f1os, pero sobre todo &hellip; <a href=\"https:\/\/morenoprimero.com.ar\/archivo\/la-provincia-sigue-de-cerca-un-megaproyecto-que-cambiaria-la-matriz-energetica-del-pais\/\">Sigue leyendo <span class=\"meta-nav\">&rarr;<\/span><\/a><\/p>\n","protected":false},"author":6,"featured_media":37113,"comment_status":"closed","ping_status":"closed","sticky":false,"template":"","format":"standard","meta":{"footnotes":""},"categories":[2329],"tags":[132,60,87],"class_list":["post-37112","post","type-post","status-publish","format-standard","has-post-thumbnail","hentry","category-provincial","tag-axel-kicillof","tag-provincia-de-buenos-aires","tag-ypf"],"_links":{"self":[{"href":"https:\/\/morenoprimero.com.ar\/archivo\/wp-json\/wp\/v2\/posts\/37112","targetHints":{"allow":["GET"]}}],"collection":[{"href":"https:\/\/morenoprimero.com.ar\/archivo\/wp-json\/wp\/v2\/posts"}],"about":[{"href":"https:\/\/morenoprimero.com.ar\/archivo\/wp-json\/wp\/v2\/types\/post"}],"author":[{"embeddable":true,"href":"https:\/\/morenoprimero.com.ar\/archivo\/wp-json\/wp\/v2\/users\/6"}],"replies":[{"embeddable":true,"href":"https:\/\/morenoprimero.com.ar\/archivo\/wp-json\/wp\/v2\/comments?post=37112"}],"version-history":[{"count":3,"href":"https:\/\/morenoprimero.com.ar\/archivo\/wp-json\/wp\/v2\/posts\/37112\/revisions"}],"predecessor-version":[{"id":37142,"href":"https:\/\/morenoprimero.com.ar\/archivo\/wp-json\/wp\/v2\/posts\/37112\/revisions\/37142"}],"wp:featuredmedia":[{"embeddable":true,"href":"https:\/\/morenoprimero.com.ar\/archivo\/wp-json\/wp\/v2\/media\/37113"}],"wp:attachment":[{"href":"https:\/\/morenoprimero.com.ar\/archivo\/wp-json\/wp\/v2\/media?parent=37112"}],"wp:term":[{"taxonomy":"category","embeddable":true,"href":"https:\/\/morenoprimero.com.ar\/archivo\/wp-json\/wp\/v2\/categories?post=37112"},{"taxonomy":"post_tag","embeddable":true,"href":"https:\/\/morenoprimero.com.ar\/archivo\/wp-json\/wp\/v2\/tags?post=37112"}],"curies":[{"name":"wp","href":"https:\/\/api.w.org\/{rel}","templated":true}]}}