{"id":37064,"date":"2023-03-17T12:02:30","date_gmt":"2023-03-17T15:02:30","guid":{"rendered":"https:\/\/morenoprimero.com.ar\/?p=37064"},"modified":"2023-03-17T12:02:34","modified_gmt":"2023-03-17T15:02:34","slug":"lanzan-el-partido-de-los-movimientos-sociales-la-patria-de-los-comunes","status":"publish","type":"post","link":"https:\/\/morenoprimero.com.ar\/archivo\/lanzan-el-partido-de-los-movimientos-sociales-la-patria-de-los-comunes\/","title":{"rendered":"Lanzan el partido de los Movimientos Sociales: \u201cLa patria de los Comunes\u201d\u00a0"},"content":{"rendered":"\n<p>El Movimiento Evita, junto a Barrios de Pie y otras organizaciones sociales se congregan <strong>este viernes 17 de marzo en el Estadio de Deportivo Espa\u00f1ol <\/strong>para realizar el acto de lanzamiento de un partido pol\u00edtico que \u201cexpresa las ideas e intereses de los y las humildes de la Argentina\u201d.&nbsp;<\/p>\n\n\n\n<p>El evento ser\u00e1 encabezado por <strong>Emilio P\u00e9rsico<\/strong> y <strong>Daniel Men\u00e9ndez<\/strong>, desde las 17 en el Estadio de Deportivo Espa\u00f1ol, en la zona de Parque Avellaneda de CABA, y contar\u00e1 con la presencia de dirigentes de los diferentes espacios que conforman el partido.&nbsp;<\/p>\n\n\n\n<p>\u201c<strong>Un partido pol\u00edtico que expresa las ideas e intereses de los y las humildes de la Argentina que sue\u00f1an con construir, desde abajo hacia arriba y de la periferia al centro, un pa\u00eds con tierra, techo y trabajo para todxs<\/strong>\u201d, se\u00f1alaron en un comunicado. &nbsp;<\/p>\n\n\n\n<figure class=\"wp-block-embed is-type-rich is-provider-twitter wp-block-embed-twitter\"><div class=\"wp-block-embed__wrapper\">\nhttps:\/\/twitter.com\/MovimientoEvita\/status\/1635384667716321281?ref_src=twsrc%5Egoogle%7Ctwcamp%5Eserp%7Ctwgr%5Etweet\n<\/div><\/figure>\n\n\n\n<p>En ese sentido, el dirigente del Movimiento Evita, Emilio P\u00e9rsico, destac\u00f3 que \u00ab<strong>Este partido viene a expresar el protagonismo que los trabajadores tienen que tener en la pol\u00edtica. La democracia es perfecta si todos los sectores sociales est\u00e1n expresados en el Estado y construyen desde ah\u00ed el bien com\u00fan. Nuestros movimientos populares necesitan de una referencia pol\u00edtica expl\u00edcita que nos defienda y exprese<\/strong>\u201d.&nbsp;<\/p>\n\n\n\n<p>Y el dirigente de Somos Barrios de Pie, Daniel Men\u00e9ndez, agreg\u00f3 que \u201d<strong>este espacio que agrupa la militancia social, comunitaria y popular de una buena parte de las organizaciones sociales de Argentina, busca darle fuerza, que sea un canal de participaci\u00f3n para fortalecer a nuestro gobierno y se\u00f1alar la necesidad de validarnos en el pr\u00f3ximo proceso electoral<\/strong>\u00bb.&nbsp;<\/p>\n\n\n\n<p>En la presentaci\u00f3n del nuevo partido pol\u00edtico, Emilio P\u00e9rsico confirm\u00f3 que la nueva corriente participa de la interna del Frente de Todos (FdT) \u201c<strong>y seguiremos participando, no hay dudas<\/strong>\u201d. A su vez, en di\u00e1logo con un medio nacional, expres\u00f3&nbsp;que \u201c<strong>este es un partido que viene a ayudar a mejorar la pol\u00edtica, es un partido que viene a discutir otra vez la fuerza de las ideas pol\u00edticas y no la fuerza de los hombres, de los candidatos<\/strong>\u201d. &nbsp;<\/p>\n\n\n\n<p>\u201cLa Patria de los Comunes\u201d buscar\u00e1 hacer pie a nivel nacional para \u201c<strong>mejorar la pol\u00edtica, defender los intereses de los que menos tienen\u201d y \u201cresolver los problemas de la pobreza en todo el pa\u00eds<\/strong>\u201d, tal como lo expresaron desde el espacio.&nbsp;<\/p>\n","protected":false},"excerpt":{"rendered":"<p>El Movimiento Evita, junto a Barrios de Pie y otras organizaciones sociales se congregan este viernes 17 de marzo en el Estadio de Deportivo Espa\u00f1ol para realizar el acto de lanzamiento de un partido pol\u00edtico que \u201cexpresa las ideas e &hellip; <a href=\"https:\/\/morenoprimero.com.ar\/archivo\/lanzan-el-partido-de-los-movimientos-sociales-la-patria-de-los-comunes\/\">Sigue leyendo <span class=\"meta-nav\">&rarr;<\/span><\/a><\/p>\n","protected":false},"author":6,"featured_media":37091,"comment_status":"closed","ping_status":"closed","sticky":false,"template":"","format":"standard","meta":{"footnotes":""},"categories":[2330],"tags":[373,28,4458,291],"class_list":["post-37064","post","type-post","status-publish","format-standard","has-post-thumbnail","hentry","category-nacional","tag-barrios-de-pie","tag-frente-de-todos","tag-la-patria-de-los-comunes","tag-movimiento-evita"],"_links":{"self":[{"href":"https:\/\/morenoprimero.com.ar\/archivo\/wp-json\/wp\/v2\/posts\/37064","targetHints":{"allow":["GET"]}}],"collection":[{"href":"https:\/\/morenoprimero.com.ar\/archivo\/wp-json\/wp\/v2\/posts"}],"about":[{"href":"https:\/\/morenoprimero.com.ar\/archivo\/wp-json\/wp\/v2\/types\/post"}],"author":[{"embeddable":true,"href":"https:\/\/morenoprimero.com.ar\/archivo\/wp-json\/wp\/v2\/users\/6"}],"replies":[{"embeddable":true,"href":"https:\/\/morenoprimero.com.ar\/archivo\/wp-json\/wp\/v2\/comments?post=37064"}],"version-history":[{"count":4,"href":"https:\/\/morenoprimero.com.ar\/archivo\/wp-json\/wp\/v2\/posts\/37064\/revisions"}],"predecessor-version":[{"id":37105,"href":"https:\/\/morenoprimero.com.ar\/archivo\/wp-json\/wp\/v2\/posts\/37064\/revisions\/37105"}],"wp:featuredmedia":[{"embeddable":true,"href":"https:\/\/morenoprimero.com.ar\/archivo\/wp-json\/wp\/v2\/media\/37091"}],"wp:attachment":[{"href":"https:\/\/morenoprimero.com.ar\/archivo\/wp-json\/wp\/v2\/media?parent=37064"}],"wp:term":[{"taxonomy":"category","embeddable":true,"href":"https:\/\/morenoprimero.com.ar\/archivo\/wp-json\/wp\/v2\/categories?post=37064"},{"taxonomy":"post_tag","embeddable":true,"href":"https:\/\/morenoprimero.com.ar\/archivo\/wp-json\/wp\/v2\/tags?post=37064"}],"curies":[{"name":"wp","href":"https:\/\/api.w.org\/{rel}","templated":true}]}}