{"id":36985,"date":"2023-03-13T13:27:31","date_gmt":"2023-03-13T16:27:31","guid":{"rendered":"https:\/\/morenoprimero.com.ar\/?p=36985"},"modified":"2023-03-13T14:01:44","modified_gmt":"2023-03-13T17:01:44","slug":"diez-anos-del-papa-francisco-un-mensaje-de-fraternidad-y-un-llamado-al-cuidado-de-la-casa-comun","status":"publish","type":"post","link":"https:\/\/morenoprimero.com.ar\/archivo\/diez-anos-del-papa-francisco-un-mensaje-de-fraternidad-y-un-llamado-al-cuidado-de-la-casa-comun\/","title":{"rendered":"Diez a\u00f1os del Papa Francisco, un mensaje de fraternidad y un llamado al cuidado de la casa com\u00fan"},"content":{"rendered":"\n<p>A diez a\u00f1os de su primer mensaje de austeridad y sencillez, Francisco marc\u00f3 el camino: \u201cQuiero una Iglesia Pobre, para los Pobres\u201d, anunciando una iglesia que vuelve a las ra\u00edces propias de Cristo. Hoy, 13 de marzo, se cumple una d\u00e9cada del d\u00eda en que Jorge Bergoglio fue elegido Papa de la Iglesia Cat\u00f3lica, tras la renuncia de Benedicto XVI.&nbsp;El primero proveniente del Hemisferio Sur, el primero originario de Am\u00e9rica y el primero no europeo desde el a\u00f1o 741. <\/p>\n\n\n\n<p>Cuando estaba a punto de retirarse asumi\u00f3 la enorme responsabilidad, bajo el nombre de Francisco I, y se convirti\u00f3 as\u00ed en el <strong>primer papa proveniente del Hemisferio Sur, el primero originario de Am\u00e9rica y el primero no europeo desde el a\u00f1o 741<\/strong>. As\u00ed, el papa Francisco sorprendi\u00f3 a Argentina, y al mundo entero por su mensaje de bienaventuranzas. A 10 a\u00f1os en el cargo, y con 86 de vida, sigue sorprendiendo su mirada del mundo.&nbsp;<\/p>\n\n\n\n<p>Es una d\u00e9cada caracterizada por un papa que <strong>busca trabajar fraternalmente por la reconstrucci\u00f3n de una sociedad justa, inclusiva y sustentable<\/strong>. Nos recuerda el amor al pr\u00f3jimo, y llama con el ejemplo, a hacerse cargo de los humildes del mundo, de los que quedaron por fuera, de los excluidos.<strong> Su&nbsp;mensaje es fraternal, nos llama a reconstruir las relaciones rotas entre los seres humanos. &nbsp;<\/strong><\/p>\n\n\n\n<p>En ese sentido,<strong> en su pensamiento est\u00e1 presente la defensa de la dignidad del ser humano frente a un sistema que descarta y cosifica.<\/strong> <strong>Esa defensa debe ser llevada a cabo por las sociedades, garantizando&nbsp;la tierra, el techo y el trabajo.<\/strong>&nbsp; Fue muy claro al respecto, en un encuentro realizado en sus primeros d\u00edas en el Vaticano, junto a referentes de trabajadores precarizados, campesinos sin tierra, pueblos ind\u00edgenas y habitantes de asentamientos o villas, entre ellos, varias organizaciones argentinas: &nbsp;<\/p>\n\n\n\n<p>\u201c<strong>Si bien la palabra solidaridad no cae bien, es un modo de hacer la historia y eso hacen los movimientos populares(\u2026) Jes\u00fas les dir\u00eda hip\u00f3critas a los que abordan el esc\u00e1ndalo de la pobreza promoviendo estrategias de contenci\u00f3n que \u00fanicamente tranquilice y convierta a los pobres en seres domesticados e inofensivos(\u2026) Ustedes sienten que los pobres ya no esperan y quieren ser protagonistas, se organizan, estudian, trabajan, reclaman y sobre todo practican esa solidaridad tan especial que existe entre los que sufren, entre los pobres, y que nuestra civilizaci\u00f3n parece haber olvidado<\/strong>.\u201d&nbsp;<\/p>\n\n\n\n<p>Gustavo Vera, ex legislador porte\u00f1o, actual Director del Comit\u00e9 de Lucha contra la Trata y Explotaci\u00f3n de Personas, dependiente de Jefatura de Gabinete, y amigo personal de Bergoglio varios a\u00f1os antes de que fuera el papa francisco, consider\u00f3 en una nota escrita en T\u00e9lam por los 10 a\u00f1os de la sunci\u00f3n del sumo pont\u00edfice, que \u201c<strong>Francisco sostiene que la Fe es activa y busca transformar al mundo (porque la Fe s\u00f3lo es posible en un coraz\u00f3n solidario que ama al pr\u00f3jimo)<\/strong>\u201d, y agreg\u00f3, \u201c<strong>hay un galp\u00f3n lleno de gente que tiene fe y pasa de largo cuando ve al hermano herido al costado del camino. Y tambi\u00e9n mucha gente que no sabe que tiene fe y se hace cargo del pr\u00f3jimo, misionando (\u2026)<\/strong>\u00bb &nbsp;<\/p>\n\n\n\n<p>As\u00ed, concluy\u00f3 que \u201c<strong>la reconciliaci\u00f3n de la palabra con los actos, de la fe con las obras, es la recuperaci\u00f3n de la plena comuni\u00f3n como hijos de Dios. Y es much\u00edsimo lo que ha hecho Francisco en estos a\u00f1os, logrando que millones de \u00abpaganos\u00bb se sientan atra\u00eddos por una melod\u00eda familiar a su coraz\u00f3n<\/strong>\u201d&nbsp;.<\/p>\n\n\n\n<figure class=\"wp-block-image size-full\"><a href=\"https:\/\/morenoprimero.com.ar\/wp-content\/uploads\/2023\/03\/image-9.png\"><img loading=\"lazy\" decoding=\"async\" width=\"768\" height=\"432\" src=\"https:\/\/morenoprimero.com.ar\/wp-content\/uploads\/2023\/03\/image-9.png\" alt=\"\" class=\"wp-image-36987\" srcset=\"https:\/\/morenoprimero.com.ar\/archivo\/wp-content\/uploads\/2023\/03\/image-9.png 768w, https:\/\/morenoprimero.com.ar\/archivo\/wp-content\/uploads\/2023\/03\/image-9-300x169.png 300w\" sizes=\"auto, (max-width: 768px) 100vw, 768px\" \/><\/a><\/figure>\n\n\n\n<p><strong>El cuidado de la Casa Com\u00fan&nbsp;<\/strong><\/p>\n\n\n\n<p>En su carta enc\u00edclica Laudato si\u2019, del 24 de mayo del a\u00f1o 2015, el papa Francisco se dirigi\u00f3 \u201c<strong>a cada persona que habita este planeta<\/strong>\u201d para dialogar con ellos \u201c<strong>acerca de nuestra casa com\u00fan<\/strong>\u201d. &nbsp;<\/p>\n\n\n\n<p>El sumo pont\u00edfice explic\u00f3 que \u201c<strong>el aut\u00e9ntico desarrollo humano posee un car\u00e1cter moral y supone el pleno respeto a la persona humana, pero tambi\u00e9n debe prestar atenci\u00f3n al mundo natural y \u00abtener en cuenta la naturaleza de cada ser y su mutua conexi\u00f3n en un sistema ordenado\u00bb Por lo tanto, la capacidad de transformar la realidad que tiene el ser humano debe desarrollarse sobre la base de la donaci\u00f3n originaria de las cosas por parte de Dios.<\/strong>\u201d&nbsp;<\/p>\n\n\n\n<p>En medio de una crisis clim\u00e1tica sin precedentes, consider\u00f3 que \u201c<strong>el desaf\u00edo urgente de proteger nuestra casa com\u00fan incluye la preocupaci\u00f3n de unir a toda la familia humana en la b\u00fasqueda de un desarrollo sostenible e integral, pues sabemos que las cosas pueden cambiar<\/strong>\u201d. &nbsp;<\/p>\n\n\n\n<p>De esa manera invit\u00f3 a \u201c<strong>un nuevo di\u00e1logo sobre el modo como estamos construyendo el futuro del planeta<\/strong>\u201d y expres\u00f3: \u201c<strong>Necesitamos una conversaci\u00f3n que nos una a todos, porque el desaf\u00edo ambiental que vivimos, y sus ra\u00edces humanas, nos interesan y nos impactan a todos. El movimiento ecol\u00f3gico mundial ya ha recorrido un largo y rico camino, y ha generado numerosas agrupaciones ciudadanas que ayudaron a la concientizaci\u00f3n. Lamentablemente, muchos esfuerzos para buscar soluciones concretas a la crisis ambiental suelen ser frustrados no s\u00f3lo por el rechazo de los poderosos, sino tambi\u00e9n por la falta de inter\u00e9s de los dem\u00e1s. Las actitudes que obstruyen los caminos de soluci\u00f3n, aun entre los creyentes, van de la negaci\u00f3n del problema a la indiferencia, la resignaci\u00f3n c\u00f3moda o la confianza ciega en las soluciones t\u00e9cnicas. Necesitamos una solidaridad universal nueva. Como dijeron los Obispos de Sud\u00e1frica, \u00abse necesitan los talentos y la implicaci\u00f3n&nbsp;<em>de todos&nbsp;<\/em>para reparar el da\u00f1o causado por el abuso humano a la creaci\u00f3n de Dios\u00bb. Todos podemos colaborar como instrumentos de Dios para el cuidado de la creaci\u00f3n, cada uno desde su cultura, su experiencia, sus iniciativas y sus capacidades\u00b7<\/strong>.\u00bb&nbsp;<\/p>\n\n\n\n<p>A diez a\u00f1os de su primer mensaje de austeridad y sencillez, Francisco marc\u00f3 el camino: \u201c<strong>Quiero una Iglesia Pobre, para los Pobres<\/strong>\u201d, anunciando una iglesia que vuelve a las ra\u00edces propias de Cristo. Argentino y de la Compa\u00f1\u00eda de Jes\u00fas, el sumo pont\u00edfice debate sobre la coyuntura pol\u00edtica, econ\u00f3mica y social, y se expresa en relaci\u00f3n al cambio clim\u00e1tico, como as\u00ed tambi\u00e9n la guerra, la propagaci\u00f3n de los discursos de odio, y m\u00e1s. &nbsp;<\/p>\n\n\n\n<p><\/p>\n","protected":false},"excerpt":{"rendered":"<p>A diez a\u00f1os de su primer mensaje de austeridad y sencillez, Francisco marc\u00f3 el camino: \u201cQuiero una Iglesia Pobre, para los Pobres\u201d, anunciando una iglesia que vuelve a las ra\u00edces propias de Cristo. Hoy, 13 de marzo, se cumple una &hellip; <a href=\"https:\/\/morenoprimero.com.ar\/archivo\/diez-anos-del-papa-francisco-un-mensaje-de-fraternidad-y-un-llamado-al-cuidado-de-la-casa-comun\/\">Sigue leyendo <span class=\"meta-nav\">&rarr;<\/span><\/a><\/p>\n","protected":false},"author":6,"featured_media":36998,"comment_status":"closed","ping_status":"closed","sticky":false,"template":"","format":"standard","meta":{"footnotes":""},"categories":[2328],"tags":[497],"class_list":["post-36985","post","type-post","status-publish","format-standard","has-post-thumbnail","hentry","category-local","tag-papa-francisco"],"_links":{"self":[{"href":"https:\/\/morenoprimero.com.ar\/archivo\/wp-json\/wp\/v2\/posts\/36985","targetHints":{"allow":["GET"]}}],"collection":[{"href":"https:\/\/morenoprimero.com.ar\/archivo\/wp-json\/wp\/v2\/posts"}],"about":[{"href":"https:\/\/morenoprimero.com.ar\/archivo\/wp-json\/wp\/v2\/types\/post"}],"author":[{"embeddable":true,"href":"https:\/\/morenoprimero.com.ar\/archivo\/wp-json\/wp\/v2\/users\/6"}],"replies":[{"embeddable":true,"href":"https:\/\/morenoprimero.com.ar\/archivo\/wp-json\/wp\/v2\/comments?post=36985"}],"version-history":[{"count":6,"href":"https:\/\/morenoprimero.com.ar\/archivo\/wp-json\/wp\/v2\/posts\/36985\/revisions"}],"predecessor-version":[{"id":36999,"href":"https:\/\/morenoprimero.com.ar\/archivo\/wp-json\/wp\/v2\/posts\/36985\/revisions\/36999"}],"wp:featuredmedia":[{"embeddable":true,"href":"https:\/\/morenoprimero.com.ar\/archivo\/wp-json\/wp\/v2\/media\/36998"}],"wp:attachment":[{"href":"https:\/\/morenoprimero.com.ar\/archivo\/wp-json\/wp\/v2\/media?parent=36985"}],"wp:term":[{"taxonomy":"category","embeddable":true,"href":"https:\/\/morenoprimero.com.ar\/archivo\/wp-json\/wp\/v2\/categories?post=36985"},{"taxonomy":"post_tag","embeddable":true,"href":"https:\/\/morenoprimero.com.ar\/archivo\/wp-json\/wp\/v2\/tags?post=36985"}],"curies":[{"name":"wp","href":"https:\/\/api.w.org\/{rel}","templated":true}]}}