{"id":36961,"date":"2023-03-13T15:26:17","date_gmt":"2023-03-13T18:26:17","guid":{"rendered":"https:\/\/morenoprimero.com.ar\/?p=36961"},"modified":"2023-03-13T15:26:17","modified_gmt":"2023-03-13T18:26:17","slug":"se-realizaran-operativos-de-documentacion-en-moreno","status":"publish","type":"post","link":"https:\/\/morenoprimero.com.ar\/archivo\/se-realizaran-operativos-de-documentacion-en-moreno\/","title":{"rendered":"Se realizar\u00e1n operativos de documentaci\u00f3n en Moreno"},"content":{"rendered":"\n<p>El Municipio de Moreno, a trav\u00e9s de la Secretaria de Justicia y Derechos Humanos y en articulaci\u00f3n con el Registro Provincial de las Personas realizar\u00e1 operativos de documentaci\u00f3n desde el 14 hasta el 17 de marzo de 9 a 15 horas, en distintas localidades del distrito.<\/p>\n\n\n\n<p>En estas jornadas se podr\u00e1 gestionar la renovaci\u00f3n del Documento Nacional de Identidad o la actualizaci\u00f3n del mismo con el cambio de domicilio, y tr\u00e1mites de declaraci\u00f3n jurada de domicilio.<\/p>\n\n\n\n<p>Los operativos est\u00e1n destinadas a personas argentinas y extranjeras con residencia permanente. Adem\u00e1s, para las y los vecinos extranjeros que necesiten gestionar tramites tambi\u00e9n funcionar\u00e1 la oficina de atenci\u00f3n al migrante para acompa\u00f1ar las consultas correspondientes.<\/p>\n\n\n\n<p><strong>D\u00edas, horarios y ubicaciones de los operativos<\/strong><\/p>\n\n\n\n<p>El martes 14 de marzo el operativo documentaci\u00f3n funcionar\u00e1 en la plaza 5 de enero, de la localidad de Cuartel V, ubicada en Monroe y Valent\u00edn G\u00f3mez.<\/p>\n\n\n\n<p>Mientras que el mi\u00e9rcoles 15 de marzo tendr\u00e1 lugar en la Capilla San Cayetano, en la localidad de Paso del Rey, ubicada en Dean Funes y Bongiovanni.<\/p>\n\n\n\n<p>Adem\u00e1s, el jueves 16 de marzo se realizar\u00e1 en la plaza Santa Br\u00edgida de la localidad de Trujui, en la calle Rep\u00fablica Argentina entre Ricardo Guiraldes y Pedro de Mendoza.<\/p>\n\n\n\n<p>Y las jornadas finalizar\u00e1n el viernes 17 de marzo en la plaza San Jorge en el barrio Maril\u00f3 de la localidad de Trujui, ubicada en Pinz\u00f3n y Defensa.<\/p>\n\n\n\n<figure class=\"wp-block-image size-large\"><a href=\"https:\/\/morenoprimero.com.ar\/wp-content\/uploads\/2023\/03\/WhatsApp-Image-2023-03-09-at-17.46.27.jpeg\"><img loading=\"lazy\" decoding=\"async\" width=\"1024\" height=\"1024\" src=\"https:\/\/morenoprimero.com.ar\/wp-content\/uploads\/2023\/03\/WhatsApp-Image-2023-03-09-at-17.46.27-1024x1024.jpeg\" alt=\"\" class=\"wp-image-36966\" srcset=\"https:\/\/morenoprimero.com.ar\/archivo\/wp-content\/uploads\/2023\/03\/WhatsApp-Image-2023-03-09-at-17.46.27-1024x1024.jpeg 1024w, https:\/\/morenoprimero.com.ar\/archivo\/wp-content\/uploads\/2023\/03\/WhatsApp-Image-2023-03-09-at-17.46.27-300x300.jpeg 300w, https:\/\/morenoprimero.com.ar\/archivo\/wp-content\/uploads\/2023\/03\/WhatsApp-Image-2023-03-09-at-17.46.27-150x150.jpeg 150w, https:\/\/morenoprimero.com.ar\/archivo\/wp-content\/uploads\/2023\/03\/WhatsApp-Image-2023-03-09-at-17.46.27-768x768.jpeg 768w, https:\/\/morenoprimero.com.ar\/archivo\/wp-content\/uploads\/2023\/03\/WhatsApp-Image-2023-03-09-at-17.46.27-1536x1536.jpeg 1536w, https:\/\/morenoprimero.com.ar\/archivo\/wp-content\/uploads\/2023\/03\/WhatsApp-Image-2023-03-09-at-17.46.27.jpeg 1600w\" sizes=\"auto, (max-width: 1024px) 100vw, 1024px\" \/><\/a><\/figure>\n","protected":false},"excerpt":{"rendered":"<p>El Municipio de Moreno, a trav\u00e9s de la Secretaria de Justicia y Derechos Humanos y en articulaci\u00f3n con el Registro Provincial de las Personas realizar\u00e1 operativos de documentaci\u00f3n desde el 14 hasta el 17 de marzo de 9 a 15 &hellip; <a href=\"https:\/\/morenoprimero.com.ar\/archivo\/se-realizaran-operativos-de-documentacion-en-moreno\/\">Sigue leyendo <span class=\"meta-nav\">&rarr;<\/span><\/a><\/p>\n","protected":false},"author":6,"featured_media":37001,"comment_status":"closed","ping_status":"closed","sticky":false,"template":"","format":"standard","meta":{"footnotes":""},"categories":[2328],"tags":[4039,3249],"class_list":["post-36961","post","type-post","status-publish","format-standard","has-post-thumbnail","hentry","category-local","tag-registro-provincial-de-las-personas","tag-secretaria-de-justicia-y-ddhh"],"_links":{"self":[{"href":"https:\/\/morenoprimero.com.ar\/archivo\/wp-json\/wp\/v2\/posts\/36961","targetHints":{"allow":["GET"]}}],"collection":[{"href":"https:\/\/morenoprimero.com.ar\/archivo\/wp-json\/wp\/v2\/posts"}],"about":[{"href":"https:\/\/morenoprimero.com.ar\/archivo\/wp-json\/wp\/v2\/types\/post"}],"author":[{"embeddable":true,"href":"https:\/\/morenoprimero.com.ar\/archivo\/wp-json\/wp\/v2\/users\/6"}],"replies":[{"embeddable":true,"href":"https:\/\/morenoprimero.com.ar\/archivo\/wp-json\/wp\/v2\/comments?post=36961"}],"version-history":[{"count":2,"href":"https:\/\/morenoprimero.com.ar\/archivo\/wp-json\/wp\/v2\/posts\/36961\/revisions"}],"predecessor-version":[{"id":37003,"href":"https:\/\/morenoprimero.com.ar\/archivo\/wp-json\/wp\/v2\/posts\/36961\/revisions\/37003"}],"wp:featuredmedia":[{"embeddable":true,"href":"https:\/\/morenoprimero.com.ar\/archivo\/wp-json\/wp\/v2\/media\/37001"}],"wp:attachment":[{"href":"https:\/\/morenoprimero.com.ar\/archivo\/wp-json\/wp\/v2\/media?parent=36961"}],"wp:term":[{"taxonomy":"category","embeddable":true,"href":"https:\/\/morenoprimero.com.ar\/archivo\/wp-json\/wp\/v2\/categories?post=36961"},{"taxonomy":"post_tag","embeddable":true,"href":"https:\/\/morenoprimero.com.ar\/archivo\/wp-json\/wp\/v2\/tags?post=36961"}],"curies":[{"name":"wp","href":"https:\/\/api.w.org\/{rel}","templated":true}]}}