{"id":36889,"date":"2023-03-09T12:07:28","date_gmt":"2023-03-09T15:07:28","guid":{"rendered":"https:\/\/morenoprimero.com.ar\/?p=36889"},"modified":"2023-03-09T12:07:29","modified_gmt":"2023-03-09T15:07:29","slug":"mariel-fernandez-participo-del-primer-encuentro-regional-de-alcaldesas-de-caf","status":"publish","type":"post","link":"https:\/\/morenoprimero.com.ar\/archivo\/mariel-fernandez-participo-del-primer-encuentro-regional-de-alcaldesas-de-caf\/","title":{"rendered":"Mariel Fern\u00e1ndez particip\u00f3 del Primer Encuentro Regional de Alcaldesas de CAF"},"content":{"rendered":"\n<p>En el marco del D\u00eda Internacional de la Mujer, la intendenta Mariel Fern\u00e1ndez asisti\u00f3 al Encuentro Regional de Alcaldesas Latinoamericanas y Conversatorio de Alto nivel,&nbsp;organizado por CAF- Banco de Desarrollo de Am\u00e9rica Latina, en la sede de la CEPAL de Santiago de Chile; junto a 14 alcaldesas de&nbsp;Argentina, Chile, Colombia, Ecuador, M\u00e9xico, Panam\u00e1, Paraguay, Rep\u00fablica Dominicana y Uruguay. All\u00ed, comparti\u00f3 su experiencia de gesti\u00f3n y&nbsp;pol\u00edticas p\u00fablicas en materia de g\u00e9nero que lleva adelante en el Municipio de Moreno.&nbsp;<\/p>\n\n\n\n<p>Seg\u00fan afirmaron desde CAF, el organismo que impuls\u00f3 este encuentro y di\u00e1logo entre alcaldesas, el objetivo de esta actividad fue debatir sobre la inclusi\u00f3n de las mujeres en la acci\u00f3n p\u00fablica en Latinoam\u00e9rica y el Caribe, para generar cambios positivos en sus territorios y fortalecer sus liderazgos.<\/p>\n\n\n\n<p>El primer encuentro tuvo como eje central \u201cLas pol\u00edticas p\u00fablicas y la cooperaci\u00f3n para la igualdad de g\u00e9nero\u201d que cont\u00f3 con la exposici\u00f3n la alcaldesa de Santiago de Chile, Irac\u00ed Hasller y la ex presidenta de Chile, Michelle Bachelet, entre otras dirigentas pol\u00edticas y autoridades de CAF.<\/p>\n\n\n\n<p>Luego las alcaldesas compartieron conversatorios en torno a los obst\u00e1culos y desaf\u00edos de las mujeres en la gesti\u00f3n p\u00fablica y estrategias para superarlos; las pol\u00edticas p\u00fablicas con perspectiva de g\u00e9nero; las buenas pr\u00e1cticas en la prevenci\u00f3n, atenci\u00f3n y erradicaci\u00f3n de la violencia contra las mujeres; el empoderamiento digital y econ\u00f3mico de las mujeres; la mirada econ\u00f3mica regional con perspectiva de g\u00e9nero; consejos para atraer recursos externos para gobiernos subnacionales; y la importancia de la agenda de desarrollo urbano.<\/p>\n\n\n\n<p>En este marco, <strong>Mariel Fern\u00e1ndez&nbsp;realiz\u00f3 una exposici\u00f3n sobre las pol\u00edticas con perspectiva de g\u00e9nero que se llevan a cabo en su gesti\u00f3n.<\/strong> Entre ellas, la exitosa&nbsp;saga de tres piezas audiovisuales que abordan la importancia de romper los lazos de complicidad machista que sostienen desigualdades y violencias de g\u00e9neros, y propone reflexionar sobre la importancia de cuestionar los privilegios que tienen los hombres en esta sociedad patriarcal.&nbsp;<\/p>\n\n\n\n<p>Respecto del encuentro, la jefa comunal&nbsp;destac\u00f3 en sus redes sociales que: \u201ces <strong>un placer socializar nuestra experiencia en Moreno y conocer sobre otras gestiones lideradas por mujeres en Latinoam\u00e9rica<\/strong>\u201d, y exclam\u00f3 \u201c\u00a1<strong>Por m\u00e1s mujeres en la pol\u00edtica<\/strong>!<\/p>\n\n\n\n<p>Invitadas por Carolina Leitao, alcaldesa de Pe\u00f1alol\u00e9n y primera mujer presidenta de la Asociaci\u00f3n Chilena de Municipalidades, las alcaldesas recorrieron <strong>el Parque Ceremonial Pe\u00f1alol\u00e9n<\/strong> con el objetivo de conocer la historia del Parque, donde destacaron la participaci\u00f3n de las mujeres ind\u00edgenas de la comuna y su relaci\u00f3n con el Municipio.<\/p>\n\n\n\n<p>La intendenta Fern\u00e1ndez estuvo acompa\u00f1ada por la concejala del Frente de Todos Moreno, <strong>Josefina Diaz Ciarlo. <\/strong>Entre las alcaldesas argentinas estuvieron&nbsp;presentes <strong>Karina Men\u00e9ndez<\/strong> (Merlo, Bs As), <strong>Carolina Basualdo <\/strong>(Despe\u00f1aderos, C\u00f3rdoba) y <strong>Bettina Romero<\/strong> (Salta Capital).&nbsp;<\/p>\n\n\n\n<figure class=\"wp-block-gallery has-nested-images columns-default is-cropped wp-block-gallery-1 is-layout-flex wp-block-gallery-is-layout-flex\">\n<figure class=\"wp-block-image size-large\"><a href=\"https:\/\/morenoprimero.com.ar\/wp-content\/uploads\/2023\/03\/Encuentro-CAF-3.jpg\"><img loading=\"lazy\" decoding=\"async\" width=\"449\" height=\"471\" data-id=\"36894\" src=\"https:\/\/morenoprimero.com.ar\/wp-content\/uploads\/2023\/03\/Encuentro-CAF-3.jpg\" alt=\"\" class=\"wp-image-36894\" srcset=\"https:\/\/morenoprimero.com.ar\/archivo\/wp-content\/uploads\/2023\/03\/Encuentro-CAF-3.jpg 449w, https:\/\/morenoprimero.com.ar\/archivo\/wp-content\/uploads\/2023\/03\/Encuentro-CAF-3-286x300.jpg 286w\" sizes=\"auto, (max-width: 449px) 100vw, 449px\" \/><\/a><\/figure>\n\n\n\n<figure class=\"wp-block-image size-large\"><a href=\"https:\/\/morenoprimero.com.ar\/wp-content\/uploads\/2023\/03\/Encuentro-CAF-5.jpg\"><img loading=\"lazy\" decoding=\"async\" width=\"768\" height=\"1024\" data-id=\"36893\" src=\"https:\/\/morenoprimero.com.ar\/wp-content\/uploads\/2023\/03\/Encuentro-CAF-5.jpg\" alt=\"\" class=\"wp-image-36893\" srcset=\"https:\/\/morenoprimero.com.ar\/archivo\/wp-content\/uploads\/2023\/03\/Encuentro-CAF-5.jpg 768w, https:\/\/morenoprimero.com.ar\/archivo\/wp-content\/uploads\/2023\/03\/Encuentro-CAF-5-225x300.jpg 225w\" sizes=\"auto, (max-width: 768px) 100vw, 768px\" \/><\/a><\/figure>\n\n\n\n<figure class=\"wp-block-image size-large\"><a href=\"https:\/\/morenoprimero.com.ar\/wp-content\/uploads\/2023\/03\/Encuentro-CAF-1.jpg\"><img loading=\"lazy\" decoding=\"async\" width=\"768\" height=\"1024\" data-id=\"36896\" src=\"https:\/\/morenoprimero.com.ar\/wp-content\/uploads\/2023\/03\/Encuentro-CAF-1.jpg\" alt=\"\" class=\"wp-image-36896\" srcset=\"https:\/\/morenoprimero.com.ar\/archivo\/wp-content\/uploads\/2023\/03\/Encuentro-CAF-1.jpg 768w, https:\/\/morenoprimero.com.ar\/archivo\/wp-content\/uploads\/2023\/03\/Encuentro-CAF-1-225x300.jpg 225w\" sizes=\"auto, (max-width: 768px) 100vw, 768px\" \/><\/a><\/figure>\n\n\n\n<figure class=\"wp-block-image size-large\"><a href=\"https:\/\/morenoprimero.com.ar\/wp-content\/uploads\/2023\/03\/Encuentro-CAF-7.jpg\"><img loading=\"lazy\" decoding=\"async\" width=\"1024\" height=\"683\" data-id=\"36891\" src=\"https:\/\/morenoprimero.com.ar\/wp-content\/uploads\/2023\/03\/Encuentro-CAF-7.jpg\" alt=\"\" class=\"wp-image-36891\" srcset=\"https:\/\/morenoprimero.com.ar\/archivo\/wp-content\/uploads\/2023\/03\/Encuentro-CAF-7.jpg 1024w, https:\/\/morenoprimero.com.ar\/archivo\/wp-content\/uploads\/2023\/03\/Encuentro-CAF-7-300x200.jpg 300w, https:\/\/morenoprimero.com.ar\/archivo\/wp-content\/uploads\/2023\/03\/Encuentro-CAF-7-768x512.jpg 768w\" sizes=\"auto, (max-width: 1024px) 100vw, 1024px\" \/><\/a><\/figure>\n\n\n\n<figure class=\"wp-block-image size-large\"><a href=\"https:\/\/morenoprimero.com.ar\/wp-content\/uploads\/2023\/03\/Encuentro-CAF-4.jpg\"><img loading=\"lazy\" decoding=\"async\" width=\"577\" height=\"325\" data-id=\"36890\" src=\"https:\/\/morenoprimero.com.ar\/wp-content\/uploads\/2023\/03\/Encuentro-CAF-4.jpg\" alt=\"\" class=\"wp-image-36890\" srcset=\"https:\/\/morenoprimero.com.ar\/archivo\/wp-content\/uploads\/2023\/03\/Encuentro-CAF-4.jpg 577w, https:\/\/morenoprimero.com.ar\/archivo\/wp-content\/uploads\/2023\/03\/Encuentro-CAF-4-300x169.jpg 300w\" sizes=\"auto, (max-width: 577px) 100vw, 577px\" \/><\/a><\/figure>\n\n\n\n<figure class=\"wp-block-image size-large\"><a href=\"https:\/\/morenoprimero.com.ar\/wp-content\/uploads\/2023\/03\/Encuentro-CAF-6.jpg\"><img loading=\"lazy\" decoding=\"async\" width=\"1024\" height=\"582\" data-id=\"36892\" src=\"https:\/\/morenoprimero.com.ar\/wp-content\/uploads\/2023\/03\/Encuentro-CAF-6.jpg\" alt=\"\" class=\"wp-image-36892\" srcset=\"https:\/\/morenoprimero.com.ar\/archivo\/wp-content\/uploads\/2023\/03\/Encuentro-CAF-6.jpg 1024w, https:\/\/morenoprimero.com.ar\/archivo\/wp-content\/uploads\/2023\/03\/Encuentro-CAF-6-300x171.jpg 300w, https:\/\/morenoprimero.com.ar\/archivo\/wp-content\/uploads\/2023\/03\/Encuentro-CAF-6-768x437.jpg 768w\" sizes=\"auto, (max-width: 1024px) 100vw, 1024px\" \/><\/a><\/figure>\n<\/figure>\n","protected":false},"excerpt":{"rendered":"<p>En el marco del D\u00eda Internacional de la Mujer, la intendenta Mariel Fern\u00e1ndez asisti\u00f3 al Encuentro Regional de Alcaldesas Latinoamericanas y Conversatorio de Alto nivel,&nbsp;organizado por CAF- Banco de Desarrollo de Am\u00e9rica Latina, en la sede de la CEPAL de &hellip; <a href=\"https:\/\/morenoprimero.com.ar\/archivo\/mariel-fernandez-participo-del-primer-encuentro-regional-de-alcaldesas-de-caf\/\">Sigue leyendo <span class=\"meta-nav\">&rarr;<\/span><\/a><\/p>\n","protected":false},"author":6,"featured_media":36895,"comment_status":"closed","ping_status":"closed","sticky":false,"template":"","format":"standard","meta":{"footnotes":""},"categories":[2328],"tags":[4490,4489,4491,276],"class_list":["post-36889","post","type-post","status-publish","format-standard","has-post-thumbnail","hentry","category-local","tag-banco-de-desarrollo-de-america-latina","tag-caf","tag-dia-internacional-de-la-mujer","tag-mariel-fernandez"],"_links":{"self":[{"href":"https:\/\/morenoprimero.com.ar\/archivo\/wp-json\/wp\/v2\/posts\/36889","targetHints":{"allow":["GET"]}}],"collection":[{"href":"https:\/\/morenoprimero.com.ar\/archivo\/wp-json\/wp\/v2\/posts"}],"about":[{"href":"https:\/\/morenoprimero.com.ar\/archivo\/wp-json\/wp\/v2\/types\/post"}],"author":[{"embeddable":true,"href":"https:\/\/morenoprimero.com.ar\/archivo\/wp-json\/wp\/v2\/users\/6"}],"replies":[{"embeddable":true,"href":"https:\/\/morenoprimero.com.ar\/archivo\/wp-json\/wp\/v2\/comments?post=36889"}],"version-history":[{"count":3,"href":"https:\/\/morenoprimero.com.ar\/archivo\/wp-json\/wp\/v2\/posts\/36889\/revisions"}],"predecessor-version":[{"id":36906,"href":"https:\/\/morenoprimero.com.ar\/archivo\/wp-json\/wp\/v2\/posts\/36889\/revisions\/36906"}],"wp:featuredmedia":[{"embeddable":true,"href":"https:\/\/morenoprimero.com.ar\/archivo\/wp-json\/wp\/v2\/media\/36895"}],"wp:attachment":[{"href":"https:\/\/morenoprimero.com.ar\/archivo\/wp-json\/wp\/v2\/media?parent=36889"}],"wp:term":[{"taxonomy":"category","embeddable":true,"href":"https:\/\/morenoprimero.com.ar\/archivo\/wp-json\/wp\/v2\/categories?post=36889"},{"taxonomy":"post_tag","embeddable":true,"href":"https:\/\/morenoprimero.com.ar\/archivo\/wp-json\/wp\/v2\/tags?post=36889"}],"curies":[{"name":"wp","href":"https:\/\/api.w.org\/{rel}","templated":true}]}}