{"id":36872,"date":"2023-03-08T17:45:23","date_gmt":"2023-03-08T20:45:23","guid":{"rendered":"https:\/\/morenoprimero.com.ar\/?p=36872"},"modified":"2023-03-08T17:45:24","modified_gmt":"2023-03-08T20:45:24","slug":"llega-a-moreno-la-exposicion-el-amor-vence","status":"publish","type":"post","link":"https:\/\/morenoprimero.com.ar\/archivo\/llega-a-moreno-la-exposicion-el-amor-vence\/","title":{"rendered":"Llega a Moreno la exposici\u00f3n \u00abEl amor vence\u00bb"},"content":{"rendered":"\n<p>El Municipio de Moreno, a trav\u00e9s de la Secretar\u00eda de Cultura, Educaci\u00f3n y Deportes y junto al Instituto Cultural de la Provincia de Buenos Aires, invita a toda la comunidad a visitar la exposici\u00f3n \u201cEl amor vence\u201d, de Marina Olmi, en el Museo Municipal de Bellas Artes \u201cManuel Belgrano\u201d con entrada libre y gratuita, ubicado en Doctor Vera 249. La inauguraci\u00f3n es este jueves 9 de marzo a las 18:30 horas.<\/p>\n\n\n\n<p>La exposici\u00f3n, de entrada libre y gratuita, invita a sumergirse en un mundo imaginario colmado de emoci\u00f3n, humor e ilusi\u00f3n y ofrece una mirada esperanzadora, en d\u00f3nde figuras ic\u00f3nicas del peronismo se encuentran representadas tanto en escenarios cotidianos como en universos on\u00edricos. Adem\u00e1s, la obra convoca a descubrir nuevas formas de pensar, re-pensar y transformar el mundo.<\/p>\n\n\n\n<figure class=\"wp-block-image size-large\"><a href=\"https:\/\/morenoprimero.com.ar\/wp-content\/uploads\/2023\/03\/WhatsApp-Image-2023-03-07-at-17.00.22.jpeg\"><img loading=\"lazy\" decoding=\"async\" width=\"1024\" height=\"1024\" src=\"https:\/\/morenoprimero.com.ar\/wp-content\/uploads\/2023\/03\/WhatsApp-Image-2023-03-07-at-17.00.22-1024x1024.jpeg\" alt=\"\" class=\"wp-image-36874\" srcset=\"https:\/\/morenoprimero.com.ar\/archivo\/wp-content\/uploads\/2023\/03\/WhatsApp-Image-2023-03-07-at-17.00.22-1024x1024.jpeg 1024w, https:\/\/morenoprimero.com.ar\/archivo\/wp-content\/uploads\/2023\/03\/WhatsApp-Image-2023-03-07-at-17.00.22-300x300.jpeg 300w, https:\/\/morenoprimero.com.ar\/archivo\/wp-content\/uploads\/2023\/03\/WhatsApp-Image-2023-03-07-at-17.00.22-150x150.jpeg 150w, https:\/\/morenoprimero.com.ar\/archivo\/wp-content\/uploads\/2023\/03\/WhatsApp-Image-2023-03-07-at-17.00.22-768x768.jpeg 768w, https:\/\/morenoprimero.com.ar\/archivo\/wp-content\/uploads\/2023\/03\/WhatsApp-Image-2023-03-07-at-17.00.22.jpeg 1081w\" sizes=\"auto, (max-width: 1024px) 100vw, 1024px\" \/><\/a><\/figure>\n","protected":false},"excerpt":{"rendered":"<p>El Municipio de Moreno, a trav\u00e9s de la Secretar\u00eda de Cultura, Educaci\u00f3n y Deportes y junto al Instituto Cultural de la Provincia de Buenos Aires, invita a toda la comunidad a visitar la exposici\u00f3n \u201cEl amor vence\u201d, de Marina Olmi, &hellip; <a href=\"https:\/\/morenoprimero.com.ar\/archivo\/llega-a-moreno-la-exposicion-el-amor-vence\/\">Sigue leyendo <span class=\"meta-nav\">&rarr;<\/span><\/a><\/p>\n","protected":false},"author":6,"featured_media":36902,"comment_status":"closed","ping_status":"closed","sticky":false,"template":"","format":"standard","meta":{"footnotes":""},"categories":[2332],"tags":[4487,4488,3953,2505],"class_list":["post-36872","post","type-post","status-publish","format-standard","has-post-thumbnail","hentry","category-cultura","tag-el-amor-vence","tag-marina-olmi","tag-museo-municipal-de-bellas-artes-manuel-belgrano","tag-secretaria-de-cultura-educacion-y-deportes"],"_links":{"self":[{"href":"https:\/\/morenoprimero.com.ar\/archivo\/wp-json\/wp\/v2\/posts\/36872","targetHints":{"allow":["GET"]}}],"collection":[{"href":"https:\/\/morenoprimero.com.ar\/archivo\/wp-json\/wp\/v2\/posts"}],"about":[{"href":"https:\/\/morenoprimero.com.ar\/archivo\/wp-json\/wp\/v2\/types\/post"}],"author":[{"embeddable":true,"href":"https:\/\/morenoprimero.com.ar\/archivo\/wp-json\/wp\/v2\/users\/6"}],"replies":[{"embeddable":true,"href":"https:\/\/morenoprimero.com.ar\/archivo\/wp-json\/wp\/v2\/comments?post=36872"}],"version-history":[{"count":2,"href":"https:\/\/morenoprimero.com.ar\/archivo\/wp-json\/wp\/v2\/posts\/36872\/revisions"}],"predecessor-version":[{"id":36903,"href":"https:\/\/morenoprimero.com.ar\/archivo\/wp-json\/wp\/v2\/posts\/36872\/revisions\/36903"}],"wp:featuredmedia":[{"embeddable":true,"href":"https:\/\/morenoprimero.com.ar\/archivo\/wp-json\/wp\/v2\/media\/36902"}],"wp:attachment":[{"href":"https:\/\/morenoprimero.com.ar\/archivo\/wp-json\/wp\/v2\/media?parent=36872"}],"wp:term":[{"taxonomy":"category","embeddable":true,"href":"https:\/\/morenoprimero.com.ar\/archivo\/wp-json\/wp\/v2\/categories?post=36872"},{"taxonomy":"post_tag","embeddable":true,"href":"https:\/\/morenoprimero.com.ar\/archivo\/wp-json\/wp\/v2\/tags?post=36872"}],"curies":[{"name":"wp","href":"https:\/\/api.w.org\/{rel}","templated":true}]}}