{"id":36844,"date":"2023-03-31T14:53:44","date_gmt":"2023-03-31T17:53:44","guid":{"rendered":"https:\/\/morenoprimero.com.ar\/?p=36844"},"modified":"2023-03-31T14:53:47","modified_gmt":"2023-03-31T17:53:47","slug":"profundizan-las-fumigaciones-ante-la-suba-de-casos-de-dengue-y-chikungunya","status":"publish","type":"post","link":"https:\/\/morenoprimero.com.ar\/archivo\/profundizan-las-fumigaciones-ante-la-suba-de-casos-de-dengue-y-chikungunya\/","title":{"rendered":"Profundizan las fumigaciones ante la suba de casos de Dengue y Chikungunya"},"content":{"rendered":"\n<p>El ministro de salud provincial, Nicol\u00e1s Kreplak, indic\u00f3 que \u00abestamos en el m\u00e1ximo al momento, pero muy por debajo de los brotes de 2015-016 y 2019-2020\u00bb. Puso el \u00e9nfasis en la prevenci\u00f3n del virus y el trabajo realizado en los meses previos. En Moreno, en un trabajo articulado entre la Secretar\u00eda de salud local y el ministerio de salud provincial, realizaron jornadas de descacharrado en todos los barrios. A su vez, publicaron una lista de recomendaciones para prevenir la enfermedad.<\/p>\n\n\n\n<p>El dengue es un virus de tipo estacional y con gran presencia en la regi\u00f3n. La persona infectada puede presentar varios s\u00edntomas: fiebre acompa\u00f1ada de dolor de cabeza, dolor detr\u00e1s de los ojos, dolor articular o muscular, sarpullido o erupci\u00f3n en la piel, n\u00e1useas o v\u00f3mitos y dolor abdominal. En su versi\u00f3n m\u00e1s grave, la enfermedad provoca la conocida como \u201cfiebre rompehuesos\u201d, por el dolor muscular, la cefalea y el malestar general que la caracteriza. &nbsp;<\/p>\n\n\n\n<p>Entre febrero y marzo, los casos se multiplicaron de una manera considerable y los boletines informativos provenientes del Ministerio de Salud Nacional llaman la atenci\u00f3n, puesto que la curva crece y alerta a las autoridades. <strong>En tan solo una semana, las infecciones reportadas pasaron de 4.828 a 9.388. los brotes pueden ser explosivos: con uno o dos casos, el dengue puede dispersarse e infectar a toda una ciudad.<\/strong>&nbsp;<\/p>\n\n\n\n<p>El dengue tiene presencia en 13 jurisdicciones, y, si bien en el \u00faltimo bolet\u00edn epidemiol\u00f3gico se informaron tres fallecimientos, las cifras actuales contabilizan al menos seis. Dos en Salta, uno en Santa Fe y tres en Tucum\u00e1n.&nbsp;<\/p>\n\n\n\n<p>Kreplak describe que desde la&nbsp;<strong>Provincia de Buenos Aires<\/strong>&nbsp;se focalizan en la prevenci\u00f3n del virus y el trabajo que realizaron en los meses previos. Indic\u00f3 que, al momento, hay 531 y 226 casos de dengue y chikungunya respectivamente, de los cuales 494 son aut\u00f3ctonos de dengue y 133 de chikungunya, y explic\u00f3 que \u201cestamos en el m\u00e1ximo al momento, pero muy por debajo de los brotes de 2015-2016 y 2019-2020\u201d.&nbsp;<\/p>\n\n\n\n<figure class=\"wp-block-embed is-type-rich is-provider-twitter wp-block-embed-twitter\"><div class=\"wp-block-embed__wrapper\">\nhttps:\/\/twitter.com\/nkreplak\/status\/1640743229816553472?cxt=HHwWgIC-zcjRi8UtAAAA\n<\/div><\/figure>\n\n\n\n<p>&nbsp;Al momento, en Buenos Aires hay un fallecido como caso probable de dengue. Corresponde a una persona que proven\u00eda de un viaje desde el exterior y que todav\u00eda queda confirmar, de manera definitiva, si fue por el virus en cuesti\u00f3n. Asimismo, hay otros 38 individuos con \u201csignos de preocupaci\u00f3n\u201d y \u201cmucha gente que va a las guardias con los s\u00edntomas de la enfermedad\u201d. El funcionario tambi\u00e9n apunta que las condiciones de vigilancia de su cartera provincial eran mejores que en d\u00e9cadas previas. \u201cTenemos una capacidad de diagn\u00f3stico y realizamos una prevenci\u00f3n que supera a lo que suced\u00eda en el pasado\u201d.&nbsp;<\/p>\n\n\n\n<p><strong>Las recomendaciones del Municipio a vecinas y vecinos morenenses&nbsp;<\/strong><\/p>\n\n\n\n<p>El Municipio de Moreno realiz\u00f3 antes del comienzo de&nbsp;temporada, diferentes jornadas de descacharrado, que es la manera m\u00e1s efectiva de evitar la propagaci\u00f3n del dengue. &nbsp;A su vez, a trav\u00e9s de la Secretar\u00eda de Salud y Ambiente, recomienda a las vecinas y vecinos que tomen las medidas necesarias contra esta enfermedad.&nbsp;<\/p>\n\n\n\n<p>Algunas recomendaciones para seguir en las viviendas:&nbsp;<\/p>\n\n\n\n<ul class=\"wp-block-list\">\n<li>Usar repelente de insectos.&nbsp;<\/li>\n\n\n\n<li>Si usa protector solar, primero aplicar \u00e9ste y 10 minutos m\u00e1s tarde el repelente.&nbsp;<\/li>\n\n\n\n<li>Cubrir cunas y cochecitos de ni\u00f1as y ni\u00f1os con mosquiteros o tul.&nbsp;<\/li>\n\n\n\n<li>En lo posible usar ropa que cubra brazos y piernas.&nbsp;<\/li>\n\n\n\n<li>Colocar mosquiteros en las ventanas.&nbsp;<\/li>\n\n\n\n<li>Las piletas de lona con poca agua deben ser limpiadas frecuentemente, sobre todo los bordes con un cepillo, mantenerlas llenas y con cloro y, cuando no est\u00e9n en uso, vaciarlas y desarmarlas.&nbsp;<\/li>\n\n\n\n<li>Usar ropa clara y repelente cada vez que se est\u00e9 al aire libre.&nbsp;<\/li>\n\n\n\n<li>Evitar aplicar repelente en los ojos y boca del ni\u00f1o; y usarlo cuidadosamente alrededor de sus o\u00eddos.&nbsp;<\/li>\n\n\n\n<li>No aplicar el repelente en las manos de los ni\u00f1os, los ni\u00f1os ya que podr\u00edan poner sus manos en sus bocas.&nbsp;<\/li>\n\n\n\n<li>No permitir que los ni\u00f1os peque\u00f1os se apliquen ellos mismos el repelente. Que un adulto lo haga por ellos.&nbsp;<\/li>\n\n\n\n<li>No aplicar sobre cortes, lastimaduras o piel irritada.&nbsp;<\/li>\n<\/ul>\n\n\n\n<p>En caso de presentar los siguientes s\u00edntomas: fiebre mayor a 38\u00b0, dolor de cabeza y ojos, n\u00e1useas, lesiones en piel, dolor muscular o en las articulaciones; o ante cualquier duda, consulte en la unidad sanitara (US) m\u00e1s cercana a su domicilio.&nbsp;<\/p>\n","protected":false},"excerpt":{"rendered":"<p>El ministro de salud provincial, Nicol\u00e1s Kreplak, indic\u00f3 que \u00abestamos en el m\u00e1ximo al momento, pero muy por debajo de los brotes de 2015-016 y 2019-2020\u00bb. Puso el \u00e9nfasis en la prevenci\u00f3n del virus y el trabajo realizado en los &hellip; <a href=\"https:\/\/morenoprimero.com.ar\/archivo\/profundizan-las-fumigaciones-ante-la-suba-de-casos-de-dengue-y-chikungunya\/\">Sigue leyendo <span class=\"meta-nav\">&rarr;<\/span><\/a><\/p>\n","protected":false},"author":6,"featured_media":6685,"comment_status":"closed","ping_status":"closed","sticky":false,"template":"","format":"standard","meta":{"footnotes":""},"categories":[21],"tags":[4483,1319,4095],"class_list":["post-36844","post","type-post","status-publish","format-standard","has-post-thumbnail","hentry","category-interes-general","tag-chikungunya","tag-dengue","tag-secretaria-de-salud-y-ambiente"],"_links":{"self":[{"href":"https:\/\/morenoprimero.com.ar\/archivo\/wp-json\/wp\/v2\/posts\/36844","targetHints":{"allow":["GET"]}}],"collection":[{"href":"https:\/\/morenoprimero.com.ar\/archivo\/wp-json\/wp\/v2\/posts"}],"about":[{"href":"https:\/\/morenoprimero.com.ar\/archivo\/wp-json\/wp\/v2\/types\/post"}],"author":[{"embeddable":true,"href":"https:\/\/morenoprimero.com.ar\/archivo\/wp-json\/wp\/v2\/users\/6"}],"replies":[{"embeddable":true,"href":"https:\/\/morenoprimero.com.ar\/archivo\/wp-json\/wp\/v2\/comments?post=36844"}],"version-history":[{"count":4,"href":"https:\/\/morenoprimero.com.ar\/archivo\/wp-json\/wp\/v2\/posts\/36844\/revisions"}],"predecessor-version":[{"id":37515,"href":"https:\/\/morenoprimero.com.ar\/archivo\/wp-json\/wp\/v2\/posts\/36844\/revisions\/37515"}],"wp:featuredmedia":[{"embeddable":true,"href":"https:\/\/morenoprimero.com.ar\/archivo\/wp-json\/wp\/v2\/media\/6685"}],"wp:attachment":[{"href":"https:\/\/morenoprimero.com.ar\/archivo\/wp-json\/wp\/v2\/media?parent=36844"}],"wp:term":[{"taxonomy":"category","embeddable":true,"href":"https:\/\/morenoprimero.com.ar\/archivo\/wp-json\/wp\/v2\/categories?post=36844"},{"taxonomy":"post_tag","embeddable":true,"href":"https:\/\/morenoprimero.com.ar\/archivo\/wp-json\/wp\/v2\/tags?post=36844"}],"curies":[{"name":"wp","href":"https:\/\/api.w.org\/{rel}","templated":true}]}}