{"id":36800,"date":"2023-03-06T17:58:19","date_gmt":"2023-03-06T20:58:19","guid":{"rendered":"https:\/\/morenoprimero.com.ar\/?p=36800"},"modified":"2023-03-06T17:58:20","modified_gmt":"2023-03-06T20:58:20","slug":"apertura-de-sesiones-2023-reflexiones-de-sus-protagonistas","status":"publish","type":"post","link":"https:\/\/morenoprimero.com.ar\/archivo\/apertura-de-sesiones-2023-reflexiones-de-sus-protagonistas\/","title":{"rendered":"Apertura de sesiones 2023: reflexiones de sus protagonistas"},"content":{"rendered":"\n<p>Encabezado por la intendenta Mariel Fern\u00e1ndez, se llev\u00f3 adelante la apertura de sesiones 2023 del Honorable Concejo Deliberantes de Moreno en el Parque Industrial Municipal II de la localidad de Cuartel V. En Moreno Primero dialogamos con las y los concejales: desde el repaso de las diferentes obras de gesti\u00f3n y el papel\u00f3n de los ediles de Cambiemos, hasta el orgullo de ser morenenses. La palabra de Noem\u00ed Aguilera, Gast\u00f3n Fraga y Clara Echazarreta.<\/p>\n\n\n\n<p>Con un gesto irresponsable, la oposici\u00f3n decidi\u00f3 retirarse en medio del discurso, mientras se repasaba como las pol\u00edticas neoliberales del gobierno de Cambiemos hab\u00edan afectado a los vecinos y vecinas de Moreno de forma directa, el clima se torn\u00f3 m\u00e1s tenso, pero nada pudo opacar la alegr\u00eda de dar comienzo a un nuevo periodo legislativo, cargado de expectativas.<\/p>\n\n\n\n<p> Dialogamos con concejales y concejalas del Frente de Todos, quienes reflexionaron sobre la jornada y sobre los proyectos futuros.<\/p>\n\n\n\n<figure class=\"wp-block-gallery has-nested-images columns-default is-cropped wp-block-gallery-1 is-layout-flex wp-block-gallery-is-layout-flex\">\n<figure class=\"wp-block-image size-large\"><a href=\"https:\/\/morenoprimero.com.ar\/wp-content\/uploads\/2023\/03\/WhatsApp-Image-2023-03-06-at-17.34.06.jpeg\"><img loading=\"lazy\" decoding=\"async\" width=\"1024\" height=\"684\" data-id=\"36809\" src=\"https:\/\/morenoprimero.com.ar\/wp-content\/uploads\/2023\/03\/WhatsApp-Image-2023-03-06-at-17.34.06-1024x684.jpeg\" alt=\"\" class=\"wp-image-36809\" srcset=\"https:\/\/morenoprimero.com.ar\/archivo\/wp-content\/uploads\/2023\/03\/WhatsApp-Image-2023-03-06-at-17.34.06-1024x684.jpeg 1024w, https:\/\/morenoprimero.com.ar\/archivo\/wp-content\/uploads\/2023\/03\/WhatsApp-Image-2023-03-06-at-17.34.06-300x200.jpeg 300w, https:\/\/morenoprimero.com.ar\/archivo\/wp-content\/uploads\/2023\/03\/WhatsApp-Image-2023-03-06-at-17.34.06-768x513.jpeg 768w, https:\/\/morenoprimero.com.ar\/archivo\/wp-content\/uploads\/2023\/03\/WhatsApp-Image-2023-03-06-at-17.34.06-1536x1025.jpeg 1536w, https:\/\/morenoprimero.com.ar\/archivo\/wp-content\/uploads\/2023\/03\/WhatsApp-Image-2023-03-06-at-17.34.06.jpeg 1600w\" sizes=\"auto, (max-width: 1024px) 100vw, 1024px\" \/><\/a><\/figure>\n\n\n\n<figure class=\"wp-block-image size-large\"><a href=\"https:\/\/morenoprimero.com.ar\/wp-content\/uploads\/2023\/03\/WhatsApp-Image-2023-03-06-at-16.41.42.jpeg\"><img loading=\"lazy\" decoding=\"async\" width=\"1024\" height=\"683\" data-id=\"36805\" src=\"https:\/\/morenoprimero.com.ar\/wp-content\/uploads\/2023\/03\/WhatsApp-Image-2023-03-06-at-16.41.42.jpeg\" alt=\"\" class=\"wp-image-36805\" srcset=\"https:\/\/morenoprimero.com.ar\/archivo\/wp-content\/uploads\/2023\/03\/WhatsApp-Image-2023-03-06-at-16.41.42.jpeg 1024w, https:\/\/morenoprimero.com.ar\/archivo\/wp-content\/uploads\/2023\/03\/WhatsApp-Image-2023-03-06-at-16.41.42-300x200.jpeg 300w, https:\/\/morenoprimero.com.ar\/archivo\/wp-content\/uploads\/2023\/03\/WhatsApp-Image-2023-03-06-at-16.41.42-768x512.jpeg 768w\" sizes=\"auto, (max-width: 1024px) 100vw, 1024px\" \/><\/a><\/figure>\n<\/figure>\n\n\n\n<p><\/p>\n\n\n\n<p>\u201c<strong>Como se mencion\u00f3 en el discurso de apertura, nuestra comunidad fue fuertemente golpeada por las pol\u00edticas neoliberales de los \u00faltimos a\u00f1os. Sumado al dif\u00edcil contexto econ\u00f3mico que atravesamos posterior a eso debido a la pandemia y la guerra, es muy importante tener localmente un gobierno municipal peronista, que entienda que el trabajo trae dignidad y que invierta en polos industriales, generando alternativas de trabajo local<\/strong>\u201d, destac\u00f3 la concejal <strong>Noemi Aguilera.<\/strong><\/p>\n\n\n\n<p>El discurso de la intendenta atraves\u00f3 varias instancias, pero tuvo como uno de sus focos principales los avances en materia educativa, remarcando que por primera vez en la historia el municipio utiliz\u00f3 el 100% del presupuesto educativo en obras para escuelas, e infraestructura educativa en general.<\/p>\n\n\n\n<p>En este sentido, Aguilera mencion\u00f3: \u00ab<strong>Es un orgullo tener un gobierno que como dijo nuestra intendenta, invierta totalmente el fondo educativo, para poder devolverle la dignidad a cada uno de nuestros ni\u00f1xs y j\u00f3venes. Porque eso es el Peronismo, dignidad para nuestro pueblo\u201d, <\/strong>y finaliz\u00f3: \u201c<strong>Por eso celebro todos los avances en cada una de las \u00e1reas municipales, conducidas por nuestra se\u00f1ora intendenta, celebr\u00f3 la apertura del a\u00f1o legislativo y espero que este a\u00f1o, podamos continuar con el proceso de re-dignificaci\u00f3n de nuestro municipio\u201d.<\/strong><\/p>\n\n\n\n<p>Por su parte el edil, <strong>Gast\u00f3n Fraga, concejal del Frente de Todos Moreno,<\/strong> destac\u00f3 la transformaci\u00f3n hist\u00f3rica que se viene realizando en los \u00faltimos a\u00f1os de gobierno, de forma transversal a todas las \u00e1reas municipales: \u201c<strong>Creo que Mariel como una militante hist\u00f3rica, vecina de Moreno, no deja de expresar en palabras lo que realmente se escucha en la calle, y es que nunca se hizo tanto, la gesti\u00f3n viene haciendo una transformaci\u00f3n hist\u00f3rica empezando por la recolecci\u00f3n de residuos urbanos, las asfalteras municipales, enormes inversiones en salud, educaci\u00f3n, seguridad que aplica a una nueva l\u00f3gica de entender al Estado, haci\u00e9ndolo eficiente, incorporando el trabajo de las cooperativas, que se comprometen con las obras para que sean de calidad\u201d.<\/strong><\/p>\n\n\n\n<p>Con respecto a la actitud de la oposici\u00f3n de levantarse en medio del discurso de la mandataria, Fraga expres\u00f3:<strong> \u201cEs algo a lo que nos tiene acostumbrados cambiemos, tanto en naci\u00f3n como en provincia, y en lo local, y no deja de ser algo que siempre hicieron, la oposici\u00f3n no ha dado qu\u00f3rum en innumerable cantidad de veces, demostrando que no quieren debatir la pol\u00edtica, porque adem\u00e1s cuando la debaten queda a la claras que solamente tiene un proyecto para unos pocos, que es el proyecto que ya nos ha endeudado como pa\u00eds\u201d.<\/strong><\/p>\n\n\n\n<p>La concejal <strong>Clara Echazarreta, del FDT Moreno, <\/strong>destac\u00f3 tambi\u00e9n los avances que se han realizado en materia educativa: \u201c<strong>Mariel desde joven tiene como caballito de batalla de su militancia, la educaci\u00f3n, lo que nos pas\u00f3 a muchos morenenses con la tragedia de Sandra y Rub\u00e9n, es que se convirti\u00f3 en una bandera que no solo se levant\u00f3, sino que se puso en ejecuci\u00f3n desde lo concreto, con&nbsp; investigaci\u00f3n, en los avances en obras para las escuelas, como dijo Mariel en su discurso hoy el presupuesto educativo se utiliza en su totalidad para lo que corresponde, hoy podemos decir que el 100 % se utiliz\u00f3 en las escuelas, y eso se puede ver, como lo ven tantas madres y padres que llevan a sus hijos a las instituciones educativas\u201d.<\/strong><\/p>\n\n\n\n<p>Por \u00faltimo, Echazarreta mencion\u00f3 tambi\u00e9n que la actitud que tom\u00f3 la oposici\u00f3n en la apertura de sesiones va de la mano con la forma de hacer pol\u00edtica que tiene cambiemos en todos los \u00e1mbitos: <strong>\u201cA la oposici\u00f3n le sigue molestando la obra, que haya gente que piense en gestionar para Moreno, para el vecino, eso es lo que molesta, por eso se levantaron y se fueron hoy de la apertura de sesiones, su actitud fue coherente con lo que representan como oposici\u00f3n tanto a nivel nacional, como a nivel local\u201d.<\/strong><\/p>\n\n\n\n<figure class=\"wp-block-gallery has-nested-images columns-default is-cropped wp-block-gallery-2 is-layout-flex wp-block-gallery-is-layout-flex\">\n<figure class=\"wp-block-image size-large\"><a href=\"https:\/\/morenoprimero.com.ar\/wp-content\/uploads\/2023\/03\/WhatsApp-Image-2023-03-06-at-16.33.44.jpeg\"><img loading=\"lazy\" decoding=\"async\" width=\"1024\" height=\"682\" data-id=\"36803\" src=\"https:\/\/morenoprimero.com.ar\/wp-content\/uploads\/2023\/03\/WhatsApp-Image-2023-03-06-at-16.33.44-1024x682.jpeg\" alt=\"\" class=\"wp-image-36803\" srcset=\"https:\/\/morenoprimero.com.ar\/archivo\/wp-content\/uploads\/2023\/03\/WhatsApp-Image-2023-03-06-at-16.33.44-1024x682.jpeg 1024w, https:\/\/morenoprimero.com.ar\/archivo\/wp-content\/uploads\/2023\/03\/WhatsApp-Image-2023-03-06-at-16.33.44-300x200.jpeg 300w, https:\/\/morenoprimero.com.ar\/archivo\/wp-content\/uploads\/2023\/03\/WhatsApp-Image-2023-03-06-at-16.33.44-768x512.jpeg 768w, https:\/\/morenoprimero.com.ar\/archivo\/wp-content\/uploads\/2023\/03\/WhatsApp-Image-2023-03-06-at-16.33.44-1536x1023.jpeg 1536w, https:\/\/morenoprimero.com.ar\/archivo\/wp-content\/uploads\/2023\/03\/WhatsApp-Image-2023-03-06-at-16.33.44.jpeg 1600w\" sizes=\"auto, (max-width: 1024px) 100vw, 1024px\" \/><\/a><\/figure>\n\n\n\n<figure class=\"wp-block-image size-large\"><a href=\"https:\/\/morenoprimero.com.ar\/wp-content\/uploads\/2023\/03\/WhatsApp-Image-2023-03-06-at-16.33.43.jpeg\"><img loading=\"lazy\" decoding=\"async\" width=\"1024\" height=\"682\" data-id=\"36804\" src=\"https:\/\/morenoprimero.com.ar\/wp-content\/uploads\/2023\/03\/WhatsApp-Image-2023-03-06-at-16.33.43-1024x682.jpeg\" alt=\"\" class=\"wp-image-36804\" srcset=\"https:\/\/morenoprimero.com.ar\/archivo\/wp-content\/uploads\/2023\/03\/WhatsApp-Image-2023-03-06-at-16.33.43-1024x682.jpeg 1024w, https:\/\/morenoprimero.com.ar\/archivo\/wp-content\/uploads\/2023\/03\/WhatsApp-Image-2023-03-06-at-16.33.43-300x200.jpeg 300w, https:\/\/morenoprimero.com.ar\/archivo\/wp-content\/uploads\/2023\/03\/WhatsApp-Image-2023-03-06-at-16.33.43-768x512.jpeg 768w, https:\/\/morenoprimero.com.ar\/archivo\/wp-content\/uploads\/2023\/03\/WhatsApp-Image-2023-03-06-at-16.33.43-1536x1023.jpeg 1536w, https:\/\/morenoprimero.com.ar\/archivo\/wp-content\/uploads\/2023\/03\/WhatsApp-Image-2023-03-06-at-16.33.43.jpeg 1600w\" sizes=\"auto, (max-width: 1024px) 100vw, 1024px\" \/><\/a><\/figure>\n\n\n\n<figure class=\"wp-block-image size-large\"><a href=\"https:\/\/morenoprimero.com.ar\/wp-content\/uploads\/2023\/03\/WhatsApp-Image-2023-03-06-at-16.33.45.jpeg\"><img loading=\"lazy\" decoding=\"async\" width=\"1024\" height=\"682\" data-id=\"36802\" src=\"https:\/\/morenoprimero.com.ar\/wp-content\/uploads\/2023\/03\/WhatsApp-Image-2023-03-06-at-16.33.45-1024x682.jpeg\" alt=\"\" class=\"wp-image-36802\" srcset=\"https:\/\/morenoprimero.com.ar\/archivo\/wp-content\/uploads\/2023\/03\/WhatsApp-Image-2023-03-06-at-16.33.45-1024x682.jpeg 1024w, https:\/\/morenoprimero.com.ar\/archivo\/wp-content\/uploads\/2023\/03\/WhatsApp-Image-2023-03-06-at-16.33.45-300x200.jpeg 300w, https:\/\/morenoprimero.com.ar\/archivo\/wp-content\/uploads\/2023\/03\/WhatsApp-Image-2023-03-06-at-16.33.45-768x512.jpeg 768w, https:\/\/morenoprimero.com.ar\/archivo\/wp-content\/uploads\/2023\/03\/WhatsApp-Image-2023-03-06-at-16.33.45-1536x1023.jpeg 1536w, https:\/\/morenoprimero.com.ar\/archivo\/wp-content\/uploads\/2023\/03\/WhatsApp-Image-2023-03-06-at-16.33.45.jpeg 1600w\" sizes=\"auto, (max-width: 1024px) 100vw, 1024px\" \/><\/a><\/figure>\n<\/figure>\n","protected":false},"excerpt":{"rendered":"<p>Encabezado por la intendenta Mariel Fern\u00e1ndez, se llev\u00f3 adelante la apertura de sesiones 2023 del Honorable Concejo Deliberantes de Moreno en el Parque Industrial Municipal II de la localidad de Cuartel V. En Moreno Primero dialogamos con las y los &hellip; <a href=\"https:\/\/morenoprimero.com.ar\/archivo\/apertura-de-sesiones-2023-reflexiones-de-sus-protagonistas\/\">Sigue leyendo <span class=\"meta-nav\">&rarr;<\/span><\/a><\/p>\n","protected":false},"author":6,"featured_media":36807,"comment_status":"closed","ping_status":"closed","sticky":false,"template":"","format":"standard","meta":{"footnotes":""},"categories":[2,2328],"tags":[4128,1138,120,276,3665],"class_list":["post-36800","post","type-post","status-publish","format-standard","has-post-thumbnail","hentry","category-destacadas","category-local","tag-clara-echazarreta","tag-gaston-fraga","tag-hcd-moreno","tag-mariel-fernandez","tag-noemi-aguilera-2"],"_links":{"self":[{"href":"https:\/\/morenoprimero.com.ar\/archivo\/wp-json\/wp\/v2\/posts\/36800","targetHints":{"allow":["GET"]}}],"collection":[{"href":"https:\/\/morenoprimero.com.ar\/archivo\/wp-json\/wp\/v2\/posts"}],"about":[{"href":"https:\/\/morenoprimero.com.ar\/archivo\/wp-json\/wp\/v2\/types\/post"}],"author":[{"embeddable":true,"href":"https:\/\/morenoprimero.com.ar\/archivo\/wp-json\/wp\/v2\/users\/6"}],"replies":[{"embeddable":true,"href":"https:\/\/morenoprimero.com.ar\/archivo\/wp-json\/wp\/v2\/comments?post=36800"}],"version-history":[{"count":4,"href":"https:\/\/morenoprimero.com.ar\/archivo\/wp-json\/wp\/v2\/posts\/36800\/revisions"}],"predecessor-version":[{"id":36813,"href":"https:\/\/morenoprimero.com.ar\/archivo\/wp-json\/wp\/v2\/posts\/36800\/revisions\/36813"}],"wp:featuredmedia":[{"embeddable":true,"href":"https:\/\/morenoprimero.com.ar\/archivo\/wp-json\/wp\/v2\/media\/36807"}],"wp:attachment":[{"href":"https:\/\/morenoprimero.com.ar\/archivo\/wp-json\/wp\/v2\/media?parent=36800"}],"wp:term":[{"taxonomy":"category","embeddable":true,"href":"https:\/\/morenoprimero.com.ar\/archivo\/wp-json\/wp\/v2\/categories?post=36800"},{"taxonomy":"post_tag","embeddable":true,"href":"https:\/\/morenoprimero.com.ar\/archivo\/wp-json\/wp\/v2\/tags?post=36800"}],"curies":[{"name":"wp","href":"https:\/\/api.w.org\/{rel}","templated":true}]}}