{"id":36754,"date":"2023-03-04T10:16:09","date_gmt":"2023-03-04T13:16:09","guid":{"rendered":"https:\/\/morenoprimero.com.ar\/?p=36754"},"modified":"2023-03-04T10:34:36","modified_gmt":"2023-03-04T13:34:36","slug":"mariel-fernandez-queremos-que-de-una-vez-y-para-siempre-moreno-sea-el-que-sonamos","status":"publish","type":"post","link":"https:\/\/morenoprimero.com.ar\/archivo\/mariel-fernandez-queremos-que-de-una-vez-y-para-siempre-moreno-sea-el-que-sonamos\/","title":{"rendered":"Mariel Fern\u00e1ndez: \u00abQueremos que de una vez y para siempre Moreno sea el que so\u00f1amos\u00bb"},"content":{"rendered":"\n<p>La intendenta de Moreno, Mariel Fern\u00e1ndez, encabez\u00f3 la apertura de sesiones ordinarias del Honorable Concejo Deliberante (HCD) en el Parque Industrial Municipal II, en la localidad de Cuartel V.<\/p>\n\n\n\n<p>En primer lugar, con una pieza audiovisual, la intendenta mostr\u00f3 un resumen de las obras y pol\u00edticas m\u00e1s importantes que se llevaron adelante en el 2022 y a su vez destac\u00f3 que \u00ab<strong>tambi\u00e9n es importante no olvidar de d\u00f3nde partimos, Moreno que es un pueblo humilde y trabajador, sufre mucho las pol\u00edticas de Estado de los gobiernos neoliberales y este municipio sufri\u00f3 mucho las pol\u00edticas de Mauricio Macri como la emergencia alimentaria, los tarifazos y la apertura de importaciones.<\/strong>\u00ab<\/p>\n\n\n\n<p>Por otra parte, destac\u00f3 la inversi\u00f3n del Fondo Financiamiento Educativo de esta gesti\u00f3n: \u00ab<strong>Este gobierno municipal usa en un 100% el Fondo Educativo por primera vez en la historia. Este gobierno municipal construy\u00f3 87 aulas en distintas escuelas de Moreno y vamos a llegar a la construcci\u00f3n de cien aulas.<\/strong>\u00ab<\/p>\n\n\n\n<p>\u00ab<strong>Junto al gobierno de la provincia, estamos terminando obras inconclusas de escuelas y hace poquito tuve el orgullo de inaugurar la Escuela 57, que durante el gobierno de Cambiemos fue v\u00edctima de un incendio y estuvo siete a\u00f1os sin hacerse ninguna obra<\/strong>\u00ab, agreg\u00f3.<\/p>\n\n\n\n<p>\u00ab<strong>S\u00e9 que falta mucho pero el r\u00e9cord de obras en materia de infraestructura escolar es hist\u00f3rico. A Sandra y Rub\u00e9n le debemos que todas las instituciones educativas de Moreno est\u00e9n en condiciones dignas<\/strong>\u00ab, asever\u00f3.<\/p>\n\n\n\n<p>Por otra parte, la jefa comunal tambi\u00e9n resalt\u00f3 que Moreno es el municipio con el desarrollo industrial m\u00e1s importante de la Provincia de Buenos Aires, y destac\u00f3 distintas acciones que se enmarcan en una pol\u00edtica integral de seguridad como lo es la incorporaci\u00f3n de equipamiento, la formaci\u00f3n de promotoras de g\u00e9nero Micaela Garc\u00eda, el desarrollo de las casas de abordaje comunitario para personas en situaci\u00f3n de consumo y el acompa\u00f1amiento a j\u00f3venes en conflicto con la ley, entre otras.<\/p>\n\n\n\n<p>Por \u00faltimo, Mariel asegur\u00f3 que \u00ab<strong>Yo quisiera resolver todos los problemas a la vez pero no se puede hacer todo a la vez. Pero hay una frase que se repite en todos los barrios cuando los vecinos se me acercan cari\u00f1osamente y me dicen<\/strong>: <strong>te tengo que decir que en Moreno nunca se hizo tanto<\/strong>\u00ab. <\/p>\n\n\n\n<p>\u00ab<strong>Ay de aquellos que quieran atentar con lo que hemos logrado. Porque no voy a ser yo sola la que lo va a defender. Lo va a defender el pueblo de Moreno, las industrias, los trabajadores y trabajadoras municipales y todas mis compa\u00f1eras y compa\u00f1eros que con esfuerzo han puesto el alma el cuerpo y su econom\u00eda en sostener las distintas crisis que hemos sufrido.<\/strong>\u00ab<\/p>\n\n\n\n<p>\u00ab<strong>Vamos por nuestro futuro, porque queremos que de una vez y para siempre Moreno sea el que so\u00f1amos<\/strong>\u00bb concluy\u00f3.<\/p>\n\n\n\n<p>Estuvieron presentes funcionarias y funcionarios del gabinete municipal y del Consejo Escolar; el ministro de Trabajo de la Provincia, Walter Correa; la diputada D\u00e9bora Gal\u00e1n y el diputado Leonardo Grosso; autoridades provinciales y nacionales; representantes sindicales, empresariales y comerciantes; referentas y referentes de organizaciones sociales; y autoridades de servicios locales. Tambi\u00e9n acompa\u00f1aron militantes de organizaciones pol\u00edticas y sociales y vecinas y vecinos del distrito.<\/p>\n\n\n\n<figure class=\"wp-block-gallery has-nested-images columns-default is-cropped wp-block-gallery-1 is-layout-flex wp-block-gallery-is-layout-flex\">\n<figure class=\"wp-block-image size-large\"><a href=\"https:\/\/morenoprimero.com.ar\/wp-content\/uploads\/2023\/03\/WhatsApp-Image-2023-03-04-at-10.08.59.jpeg\"><img loading=\"lazy\" decoding=\"async\" width=\"1024\" height=\"683\" data-id=\"36756\" src=\"https:\/\/morenoprimero.com.ar\/wp-content\/uploads\/2023\/03\/WhatsApp-Image-2023-03-04-at-10.08.59.jpeg\" alt=\"\" class=\"wp-image-36756\" srcset=\"https:\/\/morenoprimero.com.ar\/archivo\/wp-content\/uploads\/2023\/03\/WhatsApp-Image-2023-03-04-at-10.08.59.jpeg 1024w, https:\/\/morenoprimero.com.ar\/archivo\/wp-content\/uploads\/2023\/03\/WhatsApp-Image-2023-03-04-at-10.08.59-300x200.jpeg 300w, https:\/\/morenoprimero.com.ar\/archivo\/wp-content\/uploads\/2023\/03\/WhatsApp-Image-2023-03-04-at-10.08.59-768x512.jpeg 768w\" sizes=\"auto, (max-width: 1024px) 100vw, 1024px\" \/><\/a><\/figure>\n\n\n\n<figure class=\"wp-block-image size-large\"><a href=\"https:\/\/morenoprimero.com.ar\/wp-content\/uploads\/2023\/03\/WhatsApp-Image-2023-03-04-at-10.09.00-1.jpeg\"><img loading=\"lazy\" decoding=\"async\" width=\"1024\" height=\"683\" data-id=\"36757\" src=\"https:\/\/morenoprimero.com.ar\/wp-content\/uploads\/2023\/03\/WhatsApp-Image-2023-03-04-at-10.09.00-1.jpeg\" alt=\"\" class=\"wp-image-36757\" srcset=\"https:\/\/morenoprimero.com.ar\/archivo\/wp-content\/uploads\/2023\/03\/WhatsApp-Image-2023-03-04-at-10.09.00-1.jpeg 1024w, https:\/\/morenoprimero.com.ar\/archivo\/wp-content\/uploads\/2023\/03\/WhatsApp-Image-2023-03-04-at-10.09.00-1-300x200.jpeg 300w, https:\/\/morenoprimero.com.ar\/archivo\/wp-content\/uploads\/2023\/03\/WhatsApp-Image-2023-03-04-at-10.09.00-1-768x512.jpeg 768w\" sizes=\"auto, (max-width: 1024px) 100vw, 1024px\" \/><\/a><\/figure>\n\n\n\n<figure class=\"wp-block-image size-large\"><a href=\"https:\/\/morenoprimero.com.ar\/wp-content\/uploads\/2023\/03\/WhatsApp-Image-2023-03-04-at-10.09.00.jpeg\"><img loading=\"lazy\" decoding=\"async\" width=\"1024\" height=\"682\" data-id=\"36758\" src=\"https:\/\/morenoprimero.com.ar\/wp-content\/uploads\/2023\/03\/WhatsApp-Image-2023-03-04-at-10.09.00.jpeg\" alt=\"\" class=\"wp-image-36758\" srcset=\"https:\/\/morenoprimero.com.ar\/archivo\/wp-content\/uploads\/2023\/03\/WhatsApp-Image-2023-03-04-at-10.09.00.jpeg 1024w, https:\/\/morenoprimero.com.ar\/archivo\/wp-content\/uploads\/2023\/03\/WhatsApp-Image-2023-03-04-at-10.09.00-300x200.jpeg 300w, https:\/\/morenoprimero.com.ar\/archivo\/wp-content\/uploads\/2023\/03\/WhatsApp-Image-2023-03-04-at-10.09.00-768x512.jpeg 768w\" sizes=\"auto, (max-width: 1024px) 100vw, 1024px\" \/><\/a><\/figure>\n<\/figure>\n","protected":false},"excerpt":{"rendered":"<p>La intendenta de Moreno, Mariel Fern\u00e1ndez, encabez\u00f3 la apertura de sesiones ordinarias del Honorable Concejo Deliberante (HCD) en el Parque Industrial Municipal II, en la localidad de Cuartel V. En primer lugar, con una pieza audiovisual, la intendenta mostr\u00f3 un &hellip; <a href=\"https:\/\/morenoprimero.com.ar\/archivo\/mariel-fernandez-queremos-que-de-una-vez-y-para-siempre-moreno-sea-el-que-sonamos\/\">Sigue leyendo <span class=\"meta-nav\">&rarr;<\/span><\/a><\/p>\n","protected":false},"author":6,"featured_media":36755,"comment_status":"closed","ping_status":"closed","sticky":false,"template":"","format":"standard","meta":{"footnotes":""},"categories":[2,2328],"tags":[276,6],"class_list":["post-36754","post","type-post","status-publish","format-standard","has-post-thumbnail","hentry","category-destacadas","category-local","tag-mariel-fernandez","tag-moreno"],"_links":{"self":[{"href":"https:\/\/morenoprimero.com.ar\/archivo\/wp-json\/wp\/v2\/posts\/36754","targetHints":{"allow":["GET"]}}],"collection":[{"href":"https:\/\/morenoprimero.com.ar\/archivo\/wp-json\/wp\/v2\/posts"}],"about":[{"href":"https:\/\/morenoprimero.com.ar\/archivo\/wp-json\/wp\/v2\/types\/post"}],"author":[{"embeddable":true,"href":"https:\/\/morenoprimero.com.ar\/archivo\/wp-json\/wp\/v2\/users\/6"}],"replies":[{"embeddable":true,"href":"https:\/\/morenoprimero.com.ar\/archivo\/wp-json\/wp\/v2\/comments?post=36754"}],"version-history":[{"count":2,"href":"https:\/\/morenoprimero.com.ar\/archivo\/wp-json\/wp\/v2\/posts\/36754\/revisions"}],"predecessor-version":[{"id":36761,"href":"https:\/\/morenoprimero.com.ar\/archivo\/wp-json\/wp\/v2\/posts\/36754\/revisions\/36761"}],"wp:featuredmedia":[{"embeddable":true,"href":"https:\/\/morenoprimero.com.ar\/archivo\/wp-json\/wp\/v2\/media\/36755"}],"wp:attachment":[{"href":"https:\/\/morenoprimero.com.ar\/archivo\/wp-json\/wp\/v2\/media?parent=36754"}],"wp:term":[{"taxonomy":"category","embeddable":true,"href":"https:\/\/morenoprimero.com.ar\/archivo\/wp-json\/wp\/v2\/categories?post=36754"},{"taxonomy":"post_tag","embeddable":true,"href":"https:\/\/morenoprimero.com.ar\/archivo\/wp-json\/wp\/v2\/tags?post=36754"}],"curies":[{"name":"wp","href":"https:\/\/api.w.org\/{rel}","templated":true}]}}