{"id":36751,"date":"2023-03-04T09:45:59","date_gmt":"2023-03-04T12:45:59","guid":{"rendered":"https:\/\/morenoprimero.com.ar\/?p=36751"},"modified":"2023-03-04T17:45:50","modified_gmt":"2023-03-04T20:45:50","slug":"la-justicia-y-los-organismos-competentes-reconocieron-la-titularidad-de-la-municipalidad-sobre-el-predio-que-disputo-la-universidad","status":"publish","type":"post","link":"https:\/\/morenoprimero.com.ar\/archivo\/la-justicia-y-los-organismos-competentes-reconocieron-la-titularidad-de-la-municipalidad-sobre-el-predio-que-disputo-la-universidad\/","title":{"rendered":"La Justicia y los organismos competentes reconocieron la titularidad de la municipalidad sobre el predio que disput\u00f3 la Universidad"},"content":{"rendered":"\n<p>Finalmente tanto la justicia como todos los organismos provinciales competentes le dieron la raz\u00f3n al Municipio de Moreno, frente al conflicto planteado por la Universidad Nacional&nbsp; con respecto a los terrenos en supuesta disputa. Hoy la comunidad educativa de Moreno puede respirar tranquila despu\u00e9s de que las autoridades de la Universidad pusieran en jaque tanto a las familias de los estudiantes de la Escuela Polit\u00e9cnica como la Escuela n\u00famero 37, que se vieron envueltas en una disputa que nunca deber\u00eda haber existido, y que el rector Hugo Andrade solo utiliz\u00f3 para intentar perjudicar a una gesti\u00f3n municipal que puso como prioridad mejorar la calidad educativa del distrito.<\/p>\n\n\n\n<p>Desde Moreno Primero dialogamos con Federico Aliaga, responsable del IDUAR, sobre la situaci\u00f3n actual del conflicto, y el futuro del predio: <strong>\u201cEs una discusi\u00f3n terminada. En este momento la tierra se termin\u00f3 de inscribir en el registro de la propiedad inmueble a nombre de la municipalidad de Moreno, algo que se fue corroborando frente a los distintos organismos administrativos provinciales, ARBA nos dio la raz\u00f3n, el registro de la propiedad inmueble nos dio la raz\u00f3n, y &nbsp;hoy en d\u00eda ese inmueble termino siendo inscripto como corresponde a nombre de la municipalidad, por lo tanto la discusi\u00f3n esta sellada, y los reclamos que tengan que hacer la universidad ya no corresponden\u201d<\/strong>.<\/p>\n\n\n\n<p class=\"wp-block-pdfemb-pdf-embedder-viewer\"><\/p>\n\n\n\n<p>Con respecto al rol que jugaron las familias de la Escuela Polit\u00e9cnica, Federico manifest\u00f3 con toda claridad: \u201c<strong>Creo que hubo una actitud muy irresponsable por parte de las autoridades de la universidad en involucrar, en un conflicto que para ellos era sin dudas de tinte pol\u00edtico, a las familias de la Escuela polit\u00e9cnica, poniendo en duda la continuidad de la escolaridad&nbsp; de los&nbsp; ni\u00f1os y ni\u00f1as de nuestro distrito que all\u00ed asisten<\/strong>\u201d y aclara \u201c<strong>Es necesario dejarlo muy en claro, la universidad tiene much\u00edsimo espacio, hoy la ESPUNM para construir las dos aulas utilizar\u00eda no m\u00e1s de 150 metros cuadrados, de las casi 20 hect\u00e1reas que tiene la universidad en ese predio, lo que quisieron fue involucrar al municipio diciendo que si no continuaba la cursada era porque el municipio no les daba la tierra, y de esa forma quedarse con una tierra que no les correspond\u00eda, iniciaron incluso una medida cautelar frente a la justicia que tambi\u00e9n&nbsp; perdieron, as\u00ed que haber involucrado a las familias de esa manera, y ponerlas como punta de lanza frente al municipio, en un conflicto que en tal caso se podr\u00eda haber debatido en t\u00e9rminos administrativos sin buscar el r\u00e9dito pol\u00edtico, fue de una irresponsabilidad enorme\u201d.<\/strong><\/p>\n\n\n\n<p>Cabe recordar que el municipio tiene licitada la construcci\u00f3n de un polo educativo para ese predio, lo que permitir\u00eda agrupar varias tareas administrativas que hoy se realizan de forma distribuida en distintas aulas de los colegios, de esta forma con el polo, no solo se liberar\u00edan aulas para los estudiantes, sino que se generar\u00edan mejores condiciones en los servicios administrativos y en las condiciones de trabajo.<\/p>\n\n\n\n<p>\u201c<strong>El municipio, con Mariel a la cabeza siempre intento que todos los proyectos se desarrollen, las mejoras en materia educativa son prioridad de su proyecto pol\u00edtico, nuestra intendenta ha hecho much\u00edsima obra con el fondo educativo y ha tomado esto como una de sus prioridades en su gesti\u00f3n, as\u00ed que a las autoridades de la universidad deber\u00eda ca\u00e9rseles la cara de verg\u00fcenza\u201d, <\/strong>aclar\u00f3 de forma contundente Aliaga.<\/p>\n\n\n\n<p>Con respecto a la posici\u00f3n que el municipio mantuvo desde el primer momento en que desde las autoridades de la universidad se busc\u00f3 especular pol\u00edticamente generando este conflicto, el titular del instituto sostuvo que <strong>\u201cla posici\u00f3n del municipio siempre fue clara, en relaci\u00f3n a que este conflicto hab\u00eda sido generado por parte de la universidad de manera absolutamente innecesaria,&nbsp; porque adem\u00e1s estos predios est\u00e1n otorgados por ley, ni siquiera es que son otorgado por convenios, los equipamientos comunitarios son propiedad de los municipios, nunca hubo duda respecto a eso, porque si eso se hubiese puesto en duda ser\u00eda un desastre en materia de equipamientos comunitarios en toda la provincia, por otro lado la municipalidad siempre puso a disposici\u00f3n otros dos terrenos para que pudieran desarrollarse tanto la ESPUNM, como la escuela 37, ya que en realidad la polit\u00e9cnica nunca estuvo pensada para ese terreno, que es un terreno muy grande donde funcionan otras cosas como la escuela de oficios, decir que ah\u00ed se iba a construir la polit\u00e9cnica,&nbsp; fue parte de una maniobra pol\u00edtica\u201d.<\/strong><\/p>\n\n\n\n<p>El conflicto ya est\u00e1 cerrado, de cara al futuro y con buena voluntad por parte del Rector Andrade, lo pr\u00f3ximo deber\u00eda ser simplemente que el Municipio pueda llevar adelante la construcci\u00f3n del polo educativo.<\/p>\n","protected":false},"excerpt":{"rendered":"<p>Finalmente tanto la justicia como todos los organismos provinciales competentes le dieron la raz\u00f3n al Municipio de Moreno, frente al conflicto planteado por la Universidad Nacional&nbsp; con respecto a los terrenos en supuesta disputa. Hoy la comunidad educativa de Moreno &hellip; <a href=\"https:\/\/morenoprimero.com.ar\/archivo\/la-justicia-y-los-organismos-competentes-reconocieron-la-titularidad-de-la-municipalidad-sobre-el-predio-que-disputo-la-universidad\/\">Sigue leyendo <span class=\"meta-nav\">&rarr;<\/span><\/a><\/p>\n","protected":false},"author":6,"featured_media":36752,"comment_status":"closed","ping_status":"closed","sticky":false,"template":"","format":"standard","meta":{"footnotes":""},"categories":[2,2328],"tags":[4478,6],"class_list":["post-36751","post","type-post","status-publish","format-standard","has-post-thumbnail","hentry","category-destacadas","category-local","tag-federico-aliga","tag-moreno"],"_links":{"self":[{"href":"https:\/\/morenoprimero.com.ar\/archivo\/wp-json\/wp\/v2\/posts\/36751","targetHints":{"allow":["GET"]}}],"collection":[{"href":"https:\/\/morenoprimero.com.ar\/archivo\/wp-json\/wp\/v2\/posts"}],"about":[{"href":"https:\/\/morenoprimero.com.ar\/archivo\/wp-json\/wp\/v2\/types\/post"}],"author":[{"embeddable":true,"href":"https:\/\/morenoprimero.com.ar\/archivo\/wp-json\/wp\/v2\/users\/6"}],"replies":[{"embeddable":true,"href":"https:\/\/morenoprimero.com.ar\/archivo\/wp-json\/wp\/v2\/comments?post=36751"}],"version-history":[{"count":7,"href":"https:\/\/morenoprimero.com.ar\/archivo\/wp-json\/wp\/v2\/posts\/36751\/revisions"}],"predecessor-version":[{"id":36769,"href":"https:\/\/morenoprimero.com.ar\/archivo\/wp-json\/wp\/v2\/posts\/36751\/revisions\/36769"}],"wp:featuredmedia":[{"embeddable":true,"href":"https:\/\/morenoprimero.com.ar\/archivo\/wp-json\/wp\/v2\/media\/36752"}],"wp:attachment":[{"href":"https:\/\/morenoprimero.com.ar\/archivo\/wp-json\/wp\/v2\/media?parent=36751"}],"wp:term":[{"taxonomy":"category","embeddable":true,"href":"https:\/\/morenoprimero.com.ar\/archivo\/wp-json\/wp\/v2\/categories?post=36751"},{"taxonomy":"post_tag","embeddable":true,"href":"https:\/\/morenoprimero.com.ar\/archivo\/wp-json\/wp\/v2\/tags?post=36751"}],"curies":[{"name":"wp","href":"https:\/\/api.w.org\/{rel}","templated":true}]}}